{"id":9219,"date":"2026-05-02T16:31:18","date_gmt":"2026-05-02T16:31:18","guid":{"rendered":"https:\/\/pasahoy.com.ar\/ph\/?p=9219"},"modified":"2026-05-02T16:31:43","modified_gmt":"2026-05-02T16:31:43","slug":"campana-de-invierno-en-la-rioja-llegaron-las-vacunas-y-se-refuerzan-los-operativos-de-inmunizacion","status":"publish","type":"post","link":"https:\/\/pasahoy.com.ar\/ph\/campana-de-invierno-en-la-rioja-llegaron-las-vacunas-y-se-refuerzan-los-operativos-de-inmunizacion\/","title":{"rendered":"Campa\u00f1a de invierno en La Rioja: llegaron las vacunas y se refuerzan los operativos de inmunizaci\u00f3n"},"content":{"rendered":"\n<p><strong>ras una demora en el ingreso de dosis al pa\u00eds, el Ministerio de Salud confirm\u00f3 que las vacunas ya se distribuyen en todos los centros de salud y hospitales. El foco est\u00e1 puesto en la antigripal para grupos de riesgo y la vacuna contra el virus sincicial respiratorio en embarazadas para prevenir la bronquiolitis en lactantes.<\/strong><\/p>\n\n\n\n<p>En un contexto epidemiol\u00f3gico marcado por el descenso de temperaturas y la circulaci\u00f3n de virus respiratorios, la titular de Inmunizaciones de la provincia, la&nbsp;<strong>Dra. Silvia De Donatis<\/strong>, trajo tranquilidad a la poblaci\u00f3n al confirmar que se ha normalizado la provisi\u00f3n de vacunas en&nbsp;<strong>La Rioja<\/strong>.<\/p>\n\n\n\n<p>\u00abEstamos en la \u00e9poca ideal para completar esquemas. Las vacunas estuvieron demoradas por cuestiones administrativas de aduana a nivel nacional, pero ya ingresaron y el trabajo de distribuci\u00f3n en capital e interior es intenso\u00bb, explic\u00f3 la funcionaria.<\/p>\n\n\n\n<p><strong>Vacunaci\u00f3n Antigripal: \u00bfQui\u00e9nes deben vacunarse?<\/strong><\/p>\n\n\n\n<p>La dosis no es para toda la poblaci\u00f3n, sino que est\u00e1 dirigida a los&nbsp;<strong>grupos de riesgo<\/strong>, quienes pueden desarrollar complicaciones graves:<\/p>\n\n\n\n<ul class=\"wp-block-list\">\n<li><strong>Ni\u00f1os de 6 a 24 meses:<\/strong>\u00a0Deben recibir\u00a0<strong>tres dosis<\/strong>\u00a0para completar el esquema. De Donatis advirti\u00f3 que es el grupo donde m\u00e1s cuesta alcanzar la cobertura deseada.<\/li>\n\n\n\n<li><strong>Embarazadas:<\/strong>\u00a0En cualquier mes de gestaci\u00f3n, sin necesidad de indicaci\u00f3n m\u00e9dica.<\/li>\n\n\n\n<li><strong>Mayores de 65 a\u00f1os:<\/strong>\u00a0Disponibles en todos los centros primarios (CPV) y hospitales.<\/li>\n\n\n\n<li><strong>Personas de 2 a 64 a\u00f1os con patolog\u00edas:<\/strong>\u00a0(Oncol\u00f3gicos, card\u00edacos, diab\u00e9ticos, asm\u00e1ticos). En este caso,\u00a0<strong>se requiere indicaci\u00f3n m\u00e9dica<\/strong>\u00a0con diagn\u00f3stico.<\/li>\n<\/ul>\n\n\n\n<p><strong>Estrategia contra la Bronquiolitis: La importancia del octavo mes<\/strong><\/p>\n\n\n\n<p>Para proteger a los reci\u00e9n nacidos del&nbsp;<strong>Virus Sincicial Respiratorio (VSR)<\/strong>, la provincia aplica una estrategia de inmunizaci\u00f3n a trav\u00e9s de la madre.<\/p>\n\n\n\n<ul class=\"wp-block-list\">\n<li><strong>Destinatarias:<\/strong>\u00a0Embarazadas entre las\u00a0<strong>semanas 32 y 36<\/strong>.<\/li>\n\n\n\n<li><strong>Eficacia:<\/strong>\u00a0La inmunidad se transmite por placenta y luego por lactancia. El a\u00f1o pasado, esta vacuna logr\u00f3 que\u00a0<strong>no se registraran fallecimientos<\/strong>\u00a0por bronquiolitis en la provincia, reduciendo las internaciones en un\u00a0<strong>65%<\/strong>.<\/li>\n<\/ul>\n\n\n\n<p><strong>Alerta por enfermedades erradicadas y faltantes temporales<\/strong><\/p>\n\n\n\n<p>La doctora De Donatis mostr\u00f3 su preocupaci\u00f3n por el relajamiento en los esquemas b\u00e1sicos, citando el reciente caso de&nbsp;<strong>t\u00e9tanos<\/strong>&nbsp;en una ni\u00f1a en Santa Fe. \u00abEs una enfermedad mortal que se previene con una vacuna gratuita y disponible; no podemos permitir que reaparezcan enfermedades por falta de vacunaci\u00f3n\u00bb, sentenci\u00f3.<\/p>\n\n\n\n<p>Respecto a los insumos, aclar\u00f3 que la \u00fanica que presenta una demora de&nbsp;<strong>15 a 20 d\u00edas<\/strong>&nbsp;es la&nbsp;<strong>Triple Viral<\/strong>&nbsp;(ingreso escolar). Se estima que para mediados de mayo ya estar\u00e1 disponible para ni\u00f1os de 4 y 5 a\u00f1os.<\/p>\n\n\n\n<p><strong>Operativos y horarios especiales<\/strong><\/p>\n\n\n\n<figure class=\"wp-block-gallery has-nested-images columns-default is-cropped wp-block-gallery-1 is-layout-flex wp-block-gallery-is-layout-flex\">\n<figure class=\"wp-block-image size-large\"><img loading=\"lazy\" decoding=\"async\" width=\"1024\" height=\"554\" data-id=\"9220\" src=\"https:\/\/pasahoy.com.ar\/ph\/wp-content\/uploads\/2026\/05\/1001337824-1024x554.png\" alt=\"\" class=\"wp-image-9220\" srcset=\"https:\/\/pasahoy.com.ar\/ph\/wp-content\/uploads\/2026\/05\/1001337824-1024x554.png 1024w, https:\/\/pasahoy.com.ar\/ph\/wp-content\/uploads\/2026\/05\/1001337824-300x162.png 300w, https:\/\/pasahoy.com.ar\/ph\/wp-content\/uploads\/2026\/05\/1001337824-768x415.png 768w, https:\/\/pasahoy.com.ar\/ph\/wp-content\/uploads\/2026\/05\/1001337824.png 1080w\" sizes=\"auto, (max-width: 1024px) 100vw, 1024px\" \/><\/figure>\n<\/figure>\n\n\n\n<ul class=\"wp-block-list\">\n<li><strong>S\u00e1bado y Domingo:<\/strong>\n<ul class=\"wp-block-list\">\n<li><strong>Parque de la Ciudad:<\/strong>\u00a0de 15:00 a 20:00.<\/li>\n\n\n\n<li><strong>Parque de la Juventud:<\/strong>\u00a0de 18:00 a 22:00.<\/li>\n<\/ul>\n<\/li>\n\n\n\n<li><strong>Hospital de la Madre y el Ni\u00f1o:<\/strong>\u00a0Lunes a viernes de 8:00 a 14:00.<\/li>\n\n\n\n<li><strong>Hospital de F\u00e1tima:<\/strong>\u00a0Lunes a viernes de 8:00 a 18:00.<\/li>\n<\/ul>\n\n\n\n<p>\u00abNo hay excusas. El que tenga dudas puede acercarse con su DNI y en cualquier vacunatorio le informaremos qu\u00e9 dosis le faltan\u00bb, concluy\u00f3 la doctora, instando a los padres a colaborar con los equipos de salud que visitan las escuelas.<\/p>\n","protected":false},"excerpt":{"rendered":"<p>ras una demora en el ingreso de dosis al pa\u00eds, el Ministerio de Salud confirm\u00f3 que las vacunas ya se distribuyen en todos los centros de salud y hospitales. El foco est\u00e1 puesto en la antigripal para grupos de riesgo y la vacuna contra el virus sincicial respiratorio en embarazadas para prevenir la bronquiolitis en [&hellip;]<\/p>\n","protected":false},"author":3,"featured_media":9220,"comment_status":"open","ping_status":"open","sticky":false,"template":"","format":"standard","meta":{"_jetpack_memberships_contains_paid_content":false,"footnotes":""},"categories":[10],"tags":[],"class_list":["post-9219","post","type-post","status-publish","format-standard","has-post-thumbnail","hentry","category-sociedad"],"jetpack_featured_media_url":"https:\/\/pasahoy.com.ar\/ph\/wp-content\/uploads\/2026\/05\/1001337824.png","jetpack_sharing_enabled":true,"_links":{"self":[{"href":"https:\/\/pasahoy.com.ar\/ph\/wp-json\/wp\/v2\/posts\/9219","targetHints":{"allow":["GET"]}}],"collection":[{"href":"https:\/\/pasahoy.com.ar\/ph\/wp-json\/wp\/v2\/posts"}],"about":[{"href":"https:\/\/pasahoy.com.ar\/ph\/wp-json\/wp\/v2\/types\/post"}],"author":[{"embeddable":true,"href":"https:\/\/pasahoy.com.ar\/ph\/wp-json\/wp\/v2\/users\/3"}],"replies":[{"embeddable":true,"href":"https:\/\/pasahoy.com.ar\/ph\/wp-json\/wp\/v2\/comments?post=9219"}],"version-history":[{"count":1,"href":"https:\/\/pasahoy.com.ar\/ph\/wp-json\/wp\/v2\/posts\/9219\/revisions"}],"predecessor-version":[{"id":9221,"href":"https:\/\/pasahoy.com.ar\/ph\/wp-json\/wp\/v2\/posts\/9219\/revisions\/9221"}],"wp:featuredmedia":[{"embeddable":true,"href":"https:\/\/pasahoy.com.ar\/ph\/wp-json\/wp\/v2\/media\/9220"}],"wp:attachment":[{"href":"https:\/\/pasahoy.com.ar\/ph\/wp-json\/wp\/v2\/media?parent=9219"}],"wp:term":[{"taxonomy":"category","embeddable":true,"href":"https:\/\/pasahoy.com.ar\/ph\/wp-json\/wp\/v2\/categories?post=9219"},{"taxonomy":"post_tag","embeddable":true,"href":"https:\/\/pasahoy.com.ar\/ph\/wp-json\/wp\/v2\/tags?post=9219"}],"curies":[{"name":"wp","href":"https:\/\/api.w.org\/{rel}","templated":true}]}}