{"id":9208,"date":"2026-05-02T15:09:46","date_gmt":"2026-05-02T15:09:46","guid":{"rendered":"https:\/\/pasahoy.com.ar\/ph\/?p=9208"},"modified":"2026-05-02T15:10:00","modified_gmt":"2026-05-02T15:10:00","slug":"consolo-a-su-amigo-tras-el-crimen-de-su-esposa-para-disimular-fue-el-asesino","status":"publish","type":"post","link":"https:\/\/pasahoy.com.ar\/ph\/consolo-a-su-amigo-tras-el-crimen-de-su-esposa-para-disimular-fue-el-asesino\/","title":{"rendered":"Consol\u00f3 a su amigo tras el crimen de su esposa para disimular fue el asesino"},"content":{"rendered":"\n<p>El amigo termin\u00f3 siendo detenido por el crimen de la mujer que estaba embarazada de 7 meses cuando desapareci\u00f3<\/p>\n\n\n\n<p>El 10 de mayo de 2018,\u00a0<strong>Fernanda Maciel<\/strong>\u00a0(21) embarazada de 7 meses, desapareci\u00f3 en la comuna de Quilicura, en\u00a0<strong>Chile<\/strong>. No s\u00f3lo que fue v\u00edctima de un femicidio, sino que el autor del\u00a0<strong><a href=\"https:\/\/www.diariouno.com.ar\/policiales\/encerro-su-hija-meses-la-habitacion-y-la-condeno-morir-hambre-n1548118\" target=\"_blank\" rel=\"noreferrer noopener\">crimen<\/a><\/strong>\u00a0se disfraz\u00f3 de cordero y hasta fue el principal\u00a0<strong>amigo<\/strong>\u00a0que consol\u00f3 al novio de la mujer.<\/p>\n\n\n\n<p id=\"p-1777302895916-42449\"><strong>Fernanda Maciel<\/strong>&nbsp;sali\u00f3 de su casa para encontrarse con un&nbsp;<strong>amigo<\/strong>&nbsp;cercano de la familia,&nbsp;<strong>Felipe Andr\u00e9s Rojas<\/strong>, con quien planeaba fumar marihuana. Nunca regres\u00f3. Su pareja,&nbsp;<strong>Luis Pettersen<\/strong>, denunci\u00f3 la desaparici\u00f3n y durante 499 d\u00edas interminables busc\u00f3 respuestas.<\/p>\n\n\n\n<p id=\"p-1777302957154-7795\">Lo que nadie imaginaba era que el supuesto&nbsp;<strong>amigo<\/strong>&nbsp;que la acompa\u00f1aba aquella tarde era el responsable del&nbsp;<strong>crimen<\/strong>. Todo termin\u00f3 saliendo a la luz gracias a una ardua investigaci\u00f3n.<\/p>\n\n\n\n<h2 class=\"wp-block-heading\" id=\"p-1777302976079-96429\">El crimen de Fernanda Maciel<\/h2>\n\n\n\n<p id=\"p-1777302708645-45239\"><strong>Felipe Rojas<\/strong>, conocido de la familia desde hac\u00eda aproximadamente 10 a\u00f1os, se convirti\u00f3 en una figura central durante la b\u00fasqueda. En lugar de alejarse, se acerc\u00f3 al entorno de la v\u00edctima para disimular su participaci\u00f3n. Era com\u00fan verlo abrazando y consolando a Luis Pettersen, el novio de la v\u00edctima, en medio del dolor y la desesperaci\u00f3n p\u00fablica. Pero&nbsp;<strong>Felipe Rojas<\/strong>&nbsp;ocultaba la verdad: hab\u00eda violado y cometido el&nbsp;<strong>crimen<\/strong>&nbsp;de&nbsp;<strong>Fernanda Maciel<\/strong>&nbsp;esa misma tarde.<\/p>\n\n\n\n<p id=\"p-1777302708645-32197\">El cuerpo de la v\u00edctima del&nbsp;<strong>femicidio<\/strong>&nbsp;fue encontrado el 21 de octubre de 2019, enterrado bajo una losa de cemento y cal en el patio de la casa de&nbsp;<strong>Felipe Rojas<\/strong>, a pocos metros de donde ya se hab\u00eda buscado en reiteradas ocasiones. La autopsia confirm\u00f3 que la joven fue v\u00edctima de violaci\u00f3n con homicidio y que el feto que esperaba tambi\u00e9n perdi\u00f3 la vida.<\/p>\n\n\n\n<p id=\"p-1777302708645-79151\">La investigaci\u00f3n avanz\u00f3 gracias a testimonios clave, entre ellos el de una expareja del autor del&nbsp;<strong>crimen<\/strong>&nbsp;que lo delat\u00f3 tras escuchar su confesi\u00f3n. Pericias y contradicciones en las declaraciones del imputado permitieron vincularlo directamente con el&nbsp;<strong>femicidio<\/strong>.<\/p>\n\n\n\n<p id=\"p-1777303125787-81449\">En marzo de 2023, el Segundo Tribunal Oral en lo Penal de Santiago de&nbsp;<strong>Chile<\/strong>&nbsp;lo declar\u00f3 culpable de violaci\u00f3n con homicidio, aborto, inhumaci\u00f3n ilegal y hurto. La Fiscal\u00eda logr\u00f3 acreditar que actu\u00f3 con alevos\u00eda en el&nbsp;<strong>crimen<\/strong>, aprovechando la confianza que&nbsp;<strong>Fernanda Maciel<\/strong>&nbsp;ten\u00eda en \u00e9l como amigo de larga data. El veredicto destac\u00f3 la traici\u00f3n y la crueldad del hecho.<\/p>\n\n\n\n<figure class=\"wp-block-gallery has-nested-images columns-default is-cropped wp-block-gallery-1 is-layout-flex wp-block-gallery-is-layout-flex\">\n<figure class=\"wp-block-image size-large\"><img loading=\"lazy\" decoding=\"async\" width=\"990\" height=\"523\" data-id=\"9209\" src=\"https:\/\/pasahoy.com.ar\/ph\/wp-content\/uploads\/2026\/05\/1001337718.png\" alt=\"\" class=\"wp-image-9209\" srcset=\"https:\/\/pasahoy.com.ar\/ph\/wp-content\/uploads\/2026\/05\/1001337718.png 990w, https:\/\/pasahoy.com.ar\/ph\/wp-content\/uploads\/2026\/05\/1001337718-300x158.png 300w, https:\/\/pasahoy.com.ar\/ph\/wp-content\/uploads\/2026\/05\/1001337718-768x406.png 768w\" sizes=\"auto, (max-width: 990px) 100vw, 990px\" \/><\/figure>\n<\/figure>\n","protected":false},"excerpt":{"rendered":"<p>El amigo termin\u00f3 siendo detenido por el crimen de la mujer que estaba embarazada de 7 meses cuando desapareci\u00f3 El 10 de mayo de 2018,\u00a0Fernanda Maciel\u00a0(21) embarazada de 7 meses, desapareci\u00f3 en la comuna de Quilicura, en\u00a0Chile. No s\u00f3lo que fue v\u00edctima de un femicidio, sino que el autor del\u00a0crimen\u00a0se disfraz\u00f3 de cordero y hasta [&hellip;]<\/p>\n","protected":false},"author":3,"featured_media":9209,"comment_status":"open","ping_status":"open","sticky":false,"template":"","format":"standard","meta":{"_jetpack_memberships_contains_paid_content":false,"footnotes":""},"categories":[9],"tags":[],"class_list":["post-9208","post","type-post","status-publish","format-standard","has-post-thumbnail","hentry","category-policial"],"jetpack_featured_media_url":"https:\/\/pasahoy.com.ar\/ph\/wp-content\/uploads\/2026\/05\/1001337718.png","jetpack_sharing_enabled":true,"_links":{"self":[{"href":"https:\/\/pasahoy.com.ar\/ph\/wp-json\/wp\/v2\/posts\/9208","targetHints":{"allow":["GET"]}}],"collection":[{"href":"https:\/\/pasahoy.com.ar\/ph\/wp-json\/wp\/v2\/posts"}],"about":[{"href":"https:\/\/pasahoy.com.ar\/ph\/wp-json\/wp\/v2\/types\/post"}],"author":[{"embeddable":true,"href":"https:\/\/pasahoy.com.ar\/ph\/wp-json\/wp\/v2\/users\/3"}],"replies":[{"embeddable":true,"href":"https:\/\/pasahoy.com.ar\/ph\/wp-json\/wp\/v2\/comments?post=9208"}],"version-history":[{"count":1,"href":"https:\/\/pasahoy.com.ar\/ph\/wp-json\/wp\/v2\/posts\/9208\/revisions"}],"predecessor-version":[{"id":9210,"href":"https:\/\/pasahoy.com.ar\/ph\/wp-json\/wp\/v2\/posts\/9208\/revisions\/9210"}],"wp:featuredmedia":[{"embeddable":true,"href":"https:\/\/pasahoy.com.ar\/ph\/wp-json\/wp\/v2\/media\/9209"}],"wp:attachment":[{"href":"https:\/\/pasahoy.com.ar\/ph\/wp-json\/wp\/v2\/media?parent=9208"}],"wp:term":[{"taxonomy":"category","embeddable":true,"href":"https:\/\/pasahoy.com.ar\/ph\/wp-json\/wp\/v2\/categories?post=9208"},{"taxonomy":"post_tag","embeddable":true,"href":"https:\/\/pasahoy.com.ar\/ph\/wp-json\/wp\/v2\/tags?post=9208"}],"curies":[{"name":"wp","href":"https:\/\/api.w.org\/{rel}","templated":true}]}}