{"id":9205,"date":"2026-05-02T15:03:38","date_gmt":"2026-05-02T15:03:38","guid":{"rendered":"https:\/\/pasahoy.com.ar\/ph\/?p=9205"},"modified":"2026-05-02T15:03:50","modified_gmt":"2026-05-02T15:03:50","slug":"el-gobierno-busca-volver-a-mostrar-una-inflacion-a-la-baja-y-controlar-su-interna-para-retomar-la-iniciativa","status":"publish","type":"post","link":"https:\/\/pasahoy.com.ar\/ph\/el-gobierno-busca-volver-a-mostrar-una-inflacion-a-la-baja-y-controlar-su-interna-para-retomar-la-iniciativa\/","title":{"rendered":"El Gobierno busca volver a mostrar una inflaci\u00f3n a la baja y controlar su interna para retomar la iniciativa"},"content":{"rendered":"\n<p>El ministro Luis Caputo anticipa una desacelaraci\u00f3n respecto al mes previo y las consultoras la ubican entre 2,5% y 2,9%. La industria mostr\u00f3 un rebote en marzo, pero con crecimiento desigual entre sectores.<\/p>\n\n\n\n<p><strong>Mayo empieza\u00a0<\/strong>con una fecha marcada en rojo para el Gobierno: el jueves\u00a0<strong>14<\/strong>, cuando el\u00a0<strong>Indec\u00a0<\/strong>difundir\u00e1 el \u00edndice de precios al consumidor (<strong>IPC<\/strong>) de\u00a0<strong>abril<\/strong>. La Casa Rosada necesita que el dato confirme una\u00a0<a href=\"https:\/\/tn.com.ar\/opinion\/2026\/04\/26\/nucleo-en-alza-tarifas-y-carnes-los-factores-detras-de-la-aceleracion-inflacionaria-y-el-desafio-salarial\/\" target=\"_blank\" rel=\"noreferrer noopener\"><strong>desaceleraci\u00f3n inflacionaria<\/strong><\/a>\u00a0respecto del mes previo, que fue de 3,4% En un esquema en el que las\u00a0<a href=\"https:\/\/tn.com.ar\/economia\/2026\/04\/28\/luis-caputo-volvio-a-defender-el-programa-economico-e-insistio-en-que-la-inflacion-va-a-desacelerarse\/\" target=\"_blank\" rel=\"noreferrer noopener\"><strong>expectativas<\/strong><\/a>  juegan  un papel central, ese n\u00famero puede resultar\u00a0<strong>determinante\u00a0<\/strong>para sostener el rumbo econ\u00f3mico.<\/p>\n\n\n\n<p>Convencido de que la tendencia ser\u00e1 favorable,\u00a0<a href=\"https:\/\/tn.com.ar\/politica\/2026\/04\/30\/en-un-nuevo-gesto-de-alineamiento-con-eeuu-milei-visito-el-portaaviones-nuclear-uss-nimitz-en-mar-argentino\/\" target=\"_blank\" rel=\"noreferrer noopener\"><strong>Javier Milei<\/strong><\/a>\u00a0ratific\u00f3 esta semana su estrategia. El martes expuso en la\u00a0<em>Fundaci\u00f3n Libertad\u00a0<\/em>y, al d\u00eda siguiente, en\u00a0<em>Expo EFI<\/em>, donde reiter\u00f3 un mensaje que viene repitiendo con dureza: \u201cLa econom\u00eda argentina est\u00e1 en una\u00a0<strong>etapa de transici\u00f3n<\/strong>\u00a0y el que no se adapta, quiebra\u201d. Para despejar dudas, agreg\u00f3 que \u201ctodo depende de los empresarios\u201d. La definici\u00f3n implica que el modelo vigente<strong>\u00a0no contempla asistencia estatal<\/strong>\u00a0para el sector privado.<\/p>\n\n\n\n<p>En la misma l\u00ednea, el ministro de Econom\u00eda,&nbsp;<strong>Luis Caputo<\/strong>, volvi\u00f3 a se\u00f1alar que la inflaci\u00f3n de abril fue menor que la de marzo y que los indicadores empiezan a mostrar&nbsp;<strong>signos positivos<\/strong>. Las consultoras privadas acompa\u00f1an ese diagn\u00f3stico: las principales estimaciones ubican la suba de precios del cuarto mes del a\u00f1o&nbsp;<strong>entre 2,5% y 2,9%<\/strong>, por debajo del 3,4% registrado el mes previo.<\/p>\n\n\n\n<p>Algunos datos de&nbsp;<strong>actividad&nbsp;<\/strong>tambi\u00e9n aportan se\u00f1ales en esa direcci\u00f3n, aunque con matices. La Uni\u00f3n Industrial Argentina (<strong>UIA<\/strong>)inform\u00f3 que<a href=\"https:\/\/tn.com.ar\/economia\/2026\/04\/30\/la-actividad-industrial-mostro-un-rebote-en-marzo-pero-no-logro-revertir-la-caida-del-primer-trimestre\/\">&nbsp;en marzo la&nbsp;<strong>industria&nbsp;<\/strong>creci\u00f3<strong>&nbsp;3,6%&nbsp;<\/strong><\/a><strong>interanual<\/strong>&nbsp;y 5% respecto de febrero.<\/p>\n\n\n\n<p>Sin embargo,&nbsp;<strong>el rebote es heterog\u00e9neo<\/strong>&nbsp;y mantiene una din\u00e1mica a dos velocidades o en \u201cK\u201d: conviven sectores de&nbsp;<strong>bajo empleo<\/strong>&nbsp;y&nbsp;<strong>fuerte expansi\u00f3n<\/strong>&nbsp;con<strong>&nbsp;otros<\/strong>&nbsp;urbanos, m\u00e1s intensivos en mano de obra, pero&nbsp;<strong>de desempe\u00f1o d\u00e9bil.<\/strong>&nbsp;Adem\u00e1s, la base de comparaci\u00f3n es baja, ya que enero y febrero suelen estar atravesados por paradas t\u00e9cnicas, vacaciones y una menor cantidad de d\u00edas h\u00e1biles. Por eso,<strong>&nbsp;el resultado de abril aparece como un dato clave<\/strong>&nbsp;para confirmar la tendencia. Hasta ahora, el sector m\u00e1s din\u00e1mico sigue siendo el&nbsp;<strong>petrolero<\/strong>.<\/p>\n\n\n\n<p>En el&nbsp;<strong>plano sindical<\/strong>, el Gobierno tampoco enfrenta una presi\u00f3n significativa. La&nbsp;<a href=\"https:\/\/tn.com.ar\/politica\/2026\/05\/01\/el-gobierno-descarta-abrir-un-dialogo-con-la-cgt-y-prepara-una-reforma-sindical-para-el-segundo-semestre\/\"><strong>movilizaci\u00f3n convocada por la CGT<\/strong><\/a>&nbsp;tuvo una convocatoria menor a la esperada y el triunvirato decidi\u00f3 no avanzar con un paro general. Uno de sus integrantes,&nbsp;<strong>Jorge Sol\u00e1<\/strong>, plante\u00f3 p\u00fablicamente que la estrategia pasa por construir una alternativa pol\u00edtica.<\/p>\n\n\n\n<p>Mientras tanto, el Ejecutivo suma&nbsp;<strong>medidas para contener la inflaci\u00f3n<\/strong>. Si el mes pasado promovi\u00f3 un acuerdo con petroleras para moderar el precio de los combustibles, ahora intervino sobre las&nbsp;<strong>tarifas de agua<\/strong>: las facturas de AySA tendr\u00e1n un tope del 3% mensual, por debajo del esquema previo (4% de alza por mes).<\/p>\n\n\n\n<p>Adem\u00e1s, volvi\u00f3 a postegar otro mes el grueso de la&nbsp;<a href=\"https:\/\/tn.com.ar\/economia\/2026\/04\/30\/nuevo-aumento-en-el-impuesto-a-los-combustibles-el-impacto-en-el-litro-de-nafta-y-gasoil-desde-el-1-de-mayo\/\"><strong>actualizaci\u00f3n de impuestos a los combustibles<\/strong><\/a>&nbsp;(por inflaci\u00f3n acumulada en 2024 y 2025), que se trasladan de manera directa a los precios finales de la nafta y el gasoil. A diferencia de abril, cuando hab\u00eda aplazado toda actualizaci\u00f3n, esta vez aplic\u00f3 un<strong>&nbsp;alza de 0,5%<\/strong>&nbsp;en ese gravamen.<\/p>\n\n\n\n<p>En paralelo, el\u00a0<a href=\"https:\/\/tn.com.ar\/economia\/2026\/05\/01\/con-el-dolar-estable-el-banco-central-compro-casi-us2800-millones-en-abril-y-cerro-el-mejor-mes-en-dos-anos\/\"><strong>d\u00f3lar\u00a0<\/strong><\/a>mostr\u00f3 un leve movimiento al alza, aunque sin impacto visible en los precios. La suba marginal responde, por un lado, a un menor incentivo para el\u00a0<em>carry trade<\/em>\u00a0tras la\u00a0<strong>baja de tasas de inter\u00e9s<\/strong>\u00a0y, por otro, a la intenci\u00f3n de estimular a los exportadores a\u00a0<strong>liquidar divisas<\/strong>\u00a0en el contexto de una cosecha r\u00e9cord. En el Gobierno descartan que este comportamiento tenga efectos inflacionarios.<\/p>\n\n\n\n<figure class=\"wp-block-gallery has-nested-images columns-default is-cropped wp-block-gallery-1 is-layout-flex wp-block-gallery-is-layout-flex\">\n<figure class=\"wp-block-image size-large\"><img loading=\"lazy\" decoding=\"async\" width=\"968\" height=\"534\" data-id=\"9206\" src=\"https:\/\/pasahoy.com.ar\/ph\/wp-content\/uploads\/2026\/05\/1001337711.png\" alt=\"\" class=\"wp-image-9206\" srcset=\"https:\/\/pasahoy.com.ar\/ph\/wp-content\/uploads\/2026\/05\/1001337711.png 968w, https:\/\/pasahoy.com.ar\/ph\/wp-content\/uploads\/2026\/05\/1001337711-300x165.png 300w, https:\/\/pasahoy.com.ar\/ph\/wp-content\/uploads\/2026\/05\/1001337711-768x424.png 768w\" sizes=\"auto, (max-width: 968px) 100vw, 968px\" \/><\/figure>\n<\/figure>\n","protected":false},"excerpt":{"rendered":"<p>El ministro Luis Caputo anticipa una desacelaraci\u00f3n respecto al mes previo y las consultoras la ubican entre 2,5% y 2,9%. La industria mostr\u00f3 un rebote en marzo, pero con crecimiento desigual entre sectores. Mayo empieza\u00a0con una fecha marcada en rojo para el Gobierno: el jueves\u00a014, cuando el\u00a0Indec\u00a0difundir\u00e1 el \u00edndice de precios al consumidor (IPC) de\u00a0abril. [&hellip;]<\/p>\n","protected":false},"author":3,"featured_media":9206,"comment_status":"open","ping_status":"open","sticky":false,"template":"","format":"standard","meta":{"_jetpack_memberships_contains_paid_content":false,"footnotes":""},"categories":[2],"tags":[],"class_list":["post-9205","post","type-post","status-publish","format-standard","has-post-thumbnail","hentry","category-nacional"],"jetpack_featured_media_url":"https:\/\/pasahoy.com.ar\/ph\/wp-content\/uploads\/2026\/05\/1001337711.png","jetpack_sharing_enabled":true,"_links":{"self":[{"href":"https:\/\/pasahoy.com.ar\/ph\/wp-json\/wp\/v2\/posts\/9205","targetHints":{"allow":["GET"]}}],"collection":[{"href":"https:\/\/pasahoy.com.ar\/ph\/wp-json\/wp\/v2\/posts"}],"about":[{"href":"https:\/\/pasahoy.com.ar\/ph\/wp-json\/wp\/v2\/types\/post"}],"author":[{"embeddable":true,"href":"https:\/\/pasahoy.com.ar\/ph\/wp-json\/wp\/v2\/users\/3"}],"replies":[{"embeddable":true,"href":"https:\/\/pasahoy.com.ar\/ph\/wp-json\/wp\/v2\/comments?post=9205"}],"version-history":[{"count":1,"href":"https:\/\/pasahoy.com.ar\/ph\/wp-json\/wp\/v2\/posts\/9205\/revisions"}],"predecessor-version":[{"id":9207,"href":"https:\/\/pasahoy.com.ar\/ph\/wp-json\/wp\/v2\/posts\/9205\/revisions\/9207"}],"wp:featuredmedia":[{"embeddable":true,"href":"https:\/\/pasahoy.com.ar\/ph\/wp-json\/wp\/v2\/media\/9206"}],"wp:attachment":[{"href":"https:\/\/pasahoy.com.ar\/ph\/wp-json\/wp\/v2\/media?parent=9205"}],"wp:term":[{"taxonomy":"category","embeddable":true,"href":"https:\/\/pasahoy.com.ar\/ph\/wp-json\/wp\/v2\/categories?post=9205"},{"taxonomy":"post_tag","embeddable":true,"href":"https:\/\/pasahoy.com.ar\/ph\/wp-json\/wp\/v2\/tags?post=9205"}],"curies":[{"name":"wp","href":"https:\/\/api.w.org\/{rel}","templated":true}]}}