{"id":9202,"date":"2026-05-02T14:58:55","date_gmt":"2026-05-02T14:58:55","guid":{"rendered":"https:\/\/pasahoy.com.ar\/ph\/?p=9202"},"modified":"2026-05-02T14:59:05","modified_gmt":"2026-05-02T14:59:05","slug":"el-descargo-de-adorni-que-genero-mas-dudas-en-la-justicia-y-la-condicion-de-los-intendentes-del-pj-a-kicillof","status":"publish","type":"post","link":"https:\/\/pasahoy.com.ar\/ph\/el-descargo-de-adorni-que-genero-mas-dudas-en-la-justicia-y-la-condicion-de-los-intendentes-del-pj-a-kicillof\/","title":{"rendered":"El descargo de Adorni que gener\u00f3 m\u00e1s dudas en la Justicia y la condici\u00f3n de los intendentes del PJ a Kicillof"},"content":{"rendered":"\n<p>La presentaci\u00f3n del jefe de Gabinete en Diputados choc\u00f3 con los contratos y documentos que ya est\u00e1n incorporados en la causa de Comodoro Py. A la vez, Kicillof recibe una presi\u00f3n creciente de los intendentes, que atan su apoyo a la vuelta de la reelecci\u00f3n indefinida.<\/p>\n\n\n\n<p>A las 12.19 del mi\u00e9rcoles, cuando Manuel Adorni llevaba una hora y media leyendo su\u00a0<a href=\"https:\/\/tn.com.ar\/politica\/2026\/04\/29\/en-la-previa-a-su-presentacion-en-el-congreso-adorni-salio-de-su-casa-y-se-dirige-a-la-casa-rosada\/\" target=\"_blank\" rel=\"noreferrer noopener\">presentaci\u00f3n\u00a0<\/a>y empezaba a cerrar su discurso, dijo frente a los Diputados en el Congreso de la Naci\u00f3n: \u201cNo existe contrato alguno celebrado entre la TV P\u00fablica y el periodista Marcelo Grand\u00edo (&#8230;) No he participado en ning\u00fan expediente administrativo que lo involucre ni a \u00e9l ni a Imhouse S.A.\u201d. Se refiere, claro, a aclaraciones sobre la causa inicial que lo puso\u00a0<strong>en el foco de la atenci\u00f3n p\u00fablica<\/strong>\u00a0cuando se supo que hab\u00eda volado a Punta del Este en jet privado el feriado de carnaval en un vuelo que se supo despu\u00e9s hab\u00eda pagado Grand\u00edo, un amigo personal due\u00f1o de una productora que accedi\u00f3 a contratos con la TV P\u00fablica a partir de la llegada de este gobierno al poder.<\/p>\n\n\n\n<p>Las palabras de Adorni hicieron ruido en Comodoro Py donde tramita una causa por negociaciones incompatibles y conflicto de inter\u00e9s porque hay en el expediente\u00a0<strong>siete contratos<\/strong>\u00a0firmados por Grand\u00edo y su productora Imhouse que son uno de los elementos principales de la investigaci\u00f3n. Conseguirlos fue una proeza: se pidieron con un oficio judicial sin respuesta, se insisti\u00f3 con un acta de presentaci\u00f3n y hasta mandaron a la Polic\u00eda de Seguridad Aeroportuaria a buscarlos sin \u00e9xito. Con el paso de los d\u00edas, la informaci\u00f3n lleg\u00f3 y es probablemente,\u00a0<strong>una de las preocupaciones principales<\/strong>\u00a0para el funcionario en este expediente que es menor al lado del de enriquecimiento il\u00edcito.<\/p>\n\n\n\n<p>Son elementos que seguir\u00e1n su curso en las causas penales mientras el Gobierno avanzar\u00e1 en una decisi\u00f3n que parece irreversible: no s\u00f3lo sostener sino\u00a0<strong>empoderar\u00a0<\/strong>a\u00a0<a href=\"https:\/\/tn.com.ar\/politica\/2026\/05\/01\/adorni-volvio-a-defenderse-de-la-denuncia-por-presunto-enriquecimiento-ilicito-y-advirtio-que-no-renunciara\/\" target=\"_blank\" rel=\"noreferrer noopener\">Adorni\u00a0<\/a>con la expectativa de que las peores noticias de revelaciones sobre su patrimonio ya pasaron y que el tiempo que lleva el tr\u00e1mite judicial diluya la atenci\u00f3n hacia otros lados.<\/p>\n\n\n\n<p>En ese sendero, anunciaron anoche la\u00a0<a href=\"https:\/\/tn.com.ar\/politica\/2026\/04\/30\/el-gobierno-anuncio-que-el-lunes-adorni-dara-una-conferencia-y-anticipo-que-reabrira-la-sala-de-prensa\/\" target=\"_blank\" rel=\"noreferrer noopener\">reapertura de la sala de prensa<\/a>\u00a0de la Casa Rosada, una decisi\u00f3n que no buscar\u00e1 bajar el enfrentamiento con el periodismo pero s\u00ed descomprimir una clausura que s\u00f3lo expon\u00eda una decisi\u00f3n arbitraria y peligrosa en t\u00e9rminos de libertad de prensa y de expresi\u00f3n. Es incierto el resultado y tiene a varios integrantes del Gabinete\u00a0<strong>inquietos e inc\u00f3modos<\/strong>. \u201cAdorni est\u00e1 roto. En la calle\u00a0<strong>no hay retorno\u201d<\/strong>, se preocupa un funcionario de primer nivel que particip\u00f3 de la movida de apoyo que se gest\u00f3 meticulosamente en la previa a la presentaci\u00f3n de Adorni en el Congreso. Su reaparici\u00f3n p\u00fablica era la\u00a0<strong>prueba de fuego\u00a0<\/strong>que\u00a0<a href=\"https:\/\/tn.com.ar\/politica\/2026\/04\/29\/el-gobierno-quedo-conforme-con-la-exposicion-de-adorni-y-buscara-ahora-enfocarse-en-la-agenda-legislativa\/\" target=\"_blank\" rel=\"noreferrer noopener\">consideran superada\u00a0<\/a>y desde ah\u00ed sigue este paso a paso que comenz\u00f3 hoy con su\u00a0<a href=\"https:\/\/tn.com.ar\/politica\/2026\/05\/01\/adorni-volvio-a-defenderse-de-la-denuncia-por-presunto-enriquecimiento-ilicito-y-advirtio-que-no-renunciara\/\" target=\"_blank\" rel=\"noreferrer noopener\">primera entrevista period\u00edstica<\/a>\u00a0y seguir\u00e1 con la vuelta de una conferencia de prensa que se supone ser\u00e1 el mismo lunes.<\/p>\n\n\n\n<figure class=\"wp-block-gallery has-nested-images columns-default is-cropped wp-block-gallery-1 is-layout-flex wp-block-gallery-is-layout-flex\">\n<figure class=\"wp-block-image size-large\"><img loading=\"lazy\" decoding=\"async\" width=\"956\" height=\"532\" data-id=\"9203\" src=\"https:\/\/pasahoy.com.ar\/ph\/wp-content\/uploads\/2026\/05\/1001337710.png\" alt=\"\" class=\"wp-image-9203\" srcset=\"https:\/\/pasahoy.com.ar\/ph\/wp-content\/uploads\/2026\/05\/1001337710.png 956w, https:\/\/pasahoy.com.ar\/ph\/wp-content\/uploads\/2026\/05\/1001337710-300x167.png 300w, https:\/\/pasahoy.com.ar\/ph\/wp-content\/uploads\/2026\/05\/1001337710-768x427.png 768w\" sizes=\"auto, (max-width: 956px) 100vw, 956px\" \/><\/figure>\n<\/figure>\n","protected":false},"excerpt":{"rendered":"<p>La presentaci\u00f3n del jefe de Gabinete en Diputados choc\u00f3 con los contratos y documentos que ya est\u00e1n incorporados en la causa de Comodoro Py. A la vez, Kicillof recibe una presi\u00f3n creciente de los intendentes, que atan su apoyo a la vuelta de la reelecci\u00f3n indefinida. A las 12.19 del mi\u00e9rcoles, cuando Manuel Adorni llevaba [&hellip;]<\/p>\n","protected":false},"author":3,"featured_media":9203,"comment_status":"open","ping_status":"open","sticky":false,"template":"","format":"standard","meta":{"_jetpack_memberships_contains_paid_content":false,"footnotes":""},"categories":[2],"tags":[],"class_list":["post-9202","post","type-post","status-publish","format-standard","has-post-thumbnail","hentry","category-nacional"],"jetpack_featured_media_url":"https:\/\/pasahoy.com.ar\/ph\/wp-content\/uploads\/2026\/05\/1001337710.png","jetpack_sharing_enabled":true,"_links":{"self":[{"href":"https:\/\/pasahoy.com.ar\/ph\/wp-json\/wp\/v2\/posts\/9202","targetHints":{"allow":["GET"]}}],"collection":[{"href":"https:\/\/pasahoy.com.ar\/ph\/wp-json\/wp\/v2\/posts"}],"about":[{"href":"https:\/\/pasahoy.com.ar\/ph\/wp-json\/wp\/v2\/types\/post"}],"author":[{"embeddable":true,"href":"https:\/\/pasahoy.com.ar\/ph\/wp-json\/wp\/v2\/users\/3"}],"replies":[{"embeddable":true,"href":"https:\/\/pasahoy.com.ar\/ph\/wp-json\/wp\/v2\/comments?post=9202"}],"version-history":[{"count":1,"href":"https:\/\/pasahoy.com.ar\/ph\/wp-json\/wp\/v2\/posts\/9202\/revisions"}],"predecessor-version":[{"id":9204,"href":"https:\/\/pasahoy.com.ar\/ph\/wp-json\/wp\/v2\/posts\/9202\/revisions\/9204"}],"wp:featuredmedia":[{"embeddable":true,"href":"https:\/\/pasahoy.com.ar\/ph\/wp-json\/wp\/v2\/media\/9203"}],"wp:attachment":[{"href":"https:\/\/pasahoy.com.ar\/ph\/wp-json\/wp\/v2\/media?parent=9202"}],"wp:term":[{"taxonomy":"category","embeddable":true,"href":"https:\/\/pasahoy.com.ar\/ph\/wp-json\/wp\/v2\/categories?post=9202"},{"taxonomy":"post_tag","embeddable":true,"href":"https:\/\/pasahoy.com.ar\/ph\/wp-json\/wp\/v2\/tags?post=9202"}],"curies":[{"name":"wp","href":"https:\/\/api.w.org\/{rel}","templated":true}]}}