{"id":9199,"date":"2026-05-02T14:54:01","date_gmt":"2026-05-02T14:54:01","guid":{"rendered":"https:\/\/pasahoy.com.ar\/ph\/?p=9199"},"modified":"2026-05-02T14:54:10","modified_gmt":"2026-05-02T14:54:10","slug":"real-madrid-tiene-decidido-prestar-a-franco-mastantuono-y-eduardo-coudet-le-abrio-la-puerta-vuelve-a-river","status":"publish","type":"post","link":"https:\/\/pasahoy.com.ar\/ph\/real-madrid-tiene-decidido-prestar-a-franco-mastantuono-y-eduardo-coudet-le-abrio-la-puerta-vuelve-a-river\/","title":{"rendered":"Real Madrid tiene decidido prestar a Franco Mastantuono y Eduardo Coudet le abri\u00f3 la puerta: \u00bfVuelve a River?"},"content":{"rendered":"\n<p>El futbolista argentino atraviesa un duro momento en Espa\u00f1a y podr\u00eda salir a pr\u00e9stamo en el pr\u00f3ximo mercado de pases.<\/p>\n\n\n\n<p><a href=\"https:\/\/tn.com.ar\/deportes\/futbol\/2026\/04\/29\/la-reacion-de-franco-mastantuono-luego-de-que-un-hincha-le-gritara-aguante-boca-en-el-masters-1000-de-madrid\/\" target=\"_blank\" rel=\"noreferrer noopener\"><strong>Franco Mastantuono<\/strong><\/a><strong>\u00a0no encuentra regularidad en el Real Madrid<\/strong>\u00a0y queda en el foco de las cr\u00edticas de los hinchas luego de su alto costo de traspaso.\u00a0<strong>El club espa\u00f1ol estar\u00eda evaluando darlo a pr\u00e9stamo el pr\u00f3ximo mercado de pases y en\u00a0<\/strong><a href=\"https:\/\/tn.com.ar\/deportes\/futbol\/2026\/05\/01\/del-intercountry-a-primera-la-increible-historia-santiago-beltran-el-nuevo-heroe-de-river\/\" target=\"_blank\" rel=\"noreferrer noopener\"><strong>River<\/strong><\/a><strong>\u00a0se ilusionan con un regreso.<\/strong><\/p>\n\n\n\n<p>Seg\u00fan confirma\u00a0<em>Diario AS<\/em>,\u00a0<strong>el Merengue tiene como idea principal que Mastantuono siga creciendo como futbolista<\/strong>, y en ese sentido, aparece la oportunidad de una cesi\u00f3n. Aunque seguramente ser\u00e1 en Europa,<strong>\u00a0el Millonario se ofreci\u00f3 a abrirlre las puertas.<\/strong><\/p>\n\n\n\n<p><strong>\u201cAc\u00e1 lo esperamos con los brazos abiertos. Cualquier cosa ac\u00e1 tiene un lugar\u201d<\/strong>&nbsp;expres\u00f3 Eduardo Coudet en conferencia de prensa luego de la victoria de River ante Aldosivi en el Estadio Monumental.<\/p>\n\n\n\n<p>Adem\u00e1s, aclar\u00f3 que la adaptaci\u00f3n no era un problema:&nbsp;<strong>\u201cEs un f\u00fatbol diferente<\/strong>. Enfrenta una competencia interna feroz con jugadores de perfil similar como Brahim D\u00edaz o Arda Guler.&nbsp;<strong>River te hace perder la noci\u00f3n de todo\u201d.<\/strong><\/p>\n\n\n\n<p>Desde el Real Madrid,&nbsp;<strong>a\u00fan conf\u00edan en el futbolista de la Selecci\u00f3n argentina aunque sus rendimientos no hayan sido los esperados<\/strong>&nbsp;luego de desembolsar 45 millones de euros netos por el traspaso del jugador que lleg\u00f3 despu\u00e9s del Mundial de Clubes.<\/p>\n\n\n\n<h2 class=\"wp-block-heading\">Las estad\u00edsticas de Franco Mastantuono desde su llegada al Real Madrid<\/h2>\n\n\n\n<p>Desde su arribo a Espa\u00f1a en agosto de 2025, Franco Mastantuono no pudo asentarse en el Real Madrid luego de su buen comienzo de carrera en River.<\/p>\n\n\n\n<p>Jug\u00f3 1265 minutos repartidos en 30 encuentros, en donde solamente pudo hacer 3 goles y repartir 1 asistencia. Sus \u00faltimos minutos jugados fueron el 21 de abril ante el Alav\u00e9s donde ingres\u00f3 a los 58.<\/p>\n\n\n\n<figure class=\"wp-block-gallery has-nested-images columns-default is-cropped wp-block-gallery-1 is-layout-flex wp-block-gallery-is-layout-flex\">\n<figure class=\"wp-block-image size-large\"><img loading=\"lazy\" decoding=\"async\" width=\"1024\" height=\"571\" data-id=\"9200\" src=\"https:\/\/pasahoy.com.ar\/ph\/wp-content\/uploads\/2026\/05\/1001337704-1024x571.png\" alt=\"\" class=\"wp-image-9200\" srcset=\"https:\/\/pasahoy.com.ar\/ph\/wp-content\/uploads\/2026\/05\/1001337704-1024x571.png 1024w, https:\/\/pasahoy.com.ar\/ph\/wp-content\/uploads\/2026\/05\/1001337704-300x167.png 300w, https:\/\/pasahoy.com.ar\/ph\/wp-content\/uploads\/2026\/05\/1001337704-768x428.png 768w, https:\/\/pasahoy.com.ar\/ph\/wp-content\/uploads\/2026\/05\/1001337704.png 1080w\" sizes=\"auto, (max-width: 1024px) 100vw, 1024px\" \/><\/figure>\n<\/figure>\n","protected":false},"excerpt":{"rendered":"<p>El futbolista argentino atraviesa un duro momento en Espa\u00f1a y podr\u00eda salir a pr\u00e9stamo en el pr\u00f3ximo mercado de pases. Franco Mastantuono\u00a0no encuentra regularidad en el Real Madrid\u00a0y queda en el foco de las cr\u00edticas de los hinchas luego de su alto costo de traspaso.\u00a0El club espa\u00f1ol estar\u00eda evaluando darlo a pr\u00e9stamo el pr\u00f3ximo mercado [&hellip;]<\/p>\n","protected":false},"author":3,"featured_media":9200,"comment_status":"open","ping_status":"open","sticky":false,"template":"","format":"standard","meta":{"_jetpack_memberships_contains_paid_content":false,"footnotes":""},"categories":[4],"tags":[],"class_list":["post-9199","post","type-post","status-publish","format-standard","has-post-thumbnail","hentry","category-deporte"],"jetpack_featured_media_url":"https:\/\/pasahoy.com.ar\/ph\/wp-content\/uploads\/2026\/05\/1001337704.png","jetpack_sharing_enabled":true,"_links":{"self":[{"href":"https:\/\/pasahoy.com.ar\/ph\/wp-json\/wp\/v2\/posts\/9199","targetHints":{"allow":["GET"]}}],"collection":[{"href":"https:\/\/pasahoy.com.ar\/ph\/wp-json\/wp\/v2\/posts"}],"about":[{"href":"https:\/\/pasahoy.com.ar\/ph\/wp-json\/wp\/v2\/types\/post"}],"author":[{"embeddable":true,"href":"https:\/\/pasahoy.com.ar\/ph\/wp-json\/wp\/v2\/users\/3"}],"replies":[{"embeddable":true,"href":"https:\/\/pasahoy.com.ar\/ph\/wp-json\/wp\/v2\/comments?post=9199"}],"version-history":[{"count":1,"href":"https:\/\/pasahoy.com.ar\/ph\/wp-json\/wp\/v2\/posts\/9199\/revisions"}],"predecessor-version":[{"id":9201,"href":"https:\/\/pasahoy.com.ar\/ph\/wp-json\/wp\/v2\/posts\/9199\/revisions\/9201"}],"wp:featuredmedia":[{"embeddable":true,"href":"https:\/\/pasahoy.com.ar\/ph\/wp-json\/wp\/v2\/media\/9200"}],"wp:attachment":[{"href":"https:\/\/pasahoy.com.ar\/ph\/wp-json\/wp\/v2\/media?parent=9199"}],"wp:term":[{"taxonomy":"category","embeddable":true,"href":"https:\/\/pasahoy.com.ar\/ph\/wp-json\/wp\/v2\/categories?post=9199"},{"taxonomy":"post_tag","embeddable":true,"href":"https:\/\/pasahoy.com.ar\/ph\/wp-json\/wp\/v2\/tags?post=9199"}],"curies":[{"name":"wp","href":"https:\/\/api.w.org\/{rel}","templated":true}]}}