{"id":9188,"date":"2026-05-02T14:40:43","date_gmt":"2026-05-02T14:40:43","guid":{"rendered":"https:\/\/pasahoy.com.ar\/ph\/?p=9188"},"modified":"2026-05-02T14:40:43","modified_gmt":"2026-05-02T14:40:43","slug":"en-su-mensaje-tere-madera-apunto-contra-el-ajuste-nacional-y-prometio-defender-a-las-y-los-trabajadores-riojanos","status":"publish","type":"post","link":"https:\/\/pasahoy.com.ar\/ph\/en-su-mensaje-tere-madera-apunto-contra-el-ajuste-nacional-y-prometio-defender-a-las-y-los-trabajadores-riojanos\/","title":{"rendered":"EN SU MENSAJE: TERE MADERA APUNT\u00d3 CONTRA EL AJUSTE NACIONAL Y PROMETI\u00d3 DEFENDER A LAS Y LOS TRABAJADORES RIOJANOS"},"content":{"rendered":"\n<p>En el marco del D\u00eda del Trabajador, la vicegobernadora Teresita Madera expres\u00f3 su preocupaci\u00f3n por el contexto econ\u00f3mico actual y asegur\u00f3 que la provincia atraviesa \u201cuna situaci\u00f3n particular y dif\u00edcil\u201d, marcada por el cierre de comercios y f\u00e1bricas. En sus declaraciones, responsabiliz\u00f3 al Gobierno nacional por aplicar \u201cun ajuste brutal\u201d que impacta directamente en la sociedad.<\/p>\n\n\n\n<p>Frente a este escenario, Madera sostuvo que desde la gesti\u00f3n provincial no adoptar\u00e1n una postura pasiva y que trabajar\u00e1n en la b\u00fasqueda de alternativas para paliar la crisis. En ese sentido, remarc\u00f3 la importancia de utilizar \u201cla inteligencia y la gesti\u00f3n\u201d para contener a las familias afectadas, garantizando acompa\u00f1amiento a quienes m\u00e1s lo necesitan.<\/p>\n\n\n\n<p>Asimismo, la vicegobernadora reafirm\u00f3 que, junto al gobernador Ricardo Quintela, la prioridad ser\u00e1 \u201ccuidar a los trabajadores\u201d, al considerar que el empleo es el motor de la econom\u00eda y un pilar fundamental para el desarrollo de las familias riojanas. Finalmente, envi\u00f3 un mensaje de aliento a quienes no tienen trabajo, inst\u00e1ndolos a no perder la esperanza en un contexto adverso.<\/p>\n\n\n\n<h1 class=\"wp-block-heading\"><\/h1>\n\n\n\n<figure class=\"wp-block-gallery has-nested-images columns-default is-cropped wp-block-gallery-1 is-layout-flex wp-block-gallery-is-layout-flex\">\n<figure class=\"wp-block-image size-large\"><img loading=\"lazy\" decoding=\"async\" width=\"929\" height=\"1024\" data-id=\"9189\" src=\"https:\/\/pasahoy.com.ar\/ph\/wp-content\/uploads\/2026\/05\/1001337657-929x1024.jpg\" alt=\"\" class=\"wp-image-9189\" srcset=\"https:\/\/pasahoy.com.ar\/ph\/wp-content\/uploads\/2026\/05\/1001337657-929x1024.jpg 929w, https:\/\/pasahoy.com.ar\/ph\/wp-content\/uploads\/2026\/05\/1001337657-272x300.jpg 272w, https:\/\/pasahoy.com.ar\/ph\/wp-content\/uploads\/2026\/05\/1001337657-768x846.jpg 768w, https:\/\/pasahoy.com.ar\/ph\/wp-content\/uploads\/2026\/05\/1001337657.jpg 1080w\" sizes=\"auto, (max-width: 929px) 100vw, 929px\" \/><\/figure>\n<\/figure>\n\n\n\n<p><\/p>\n","protected":false},"excerpt":{"rendered":"<p>En el marco del D\u00eda del Trabajador, la vicegobernadora Teresita Madera expres\u00f3 su preocupaci\u00f3n por el contexto econ\u00f3mico actual y asegur\u00f3 que la provincia atraviesa \u201cuna situaci\u00f3n particular y dif\u00edcil\u201d, marcada por el cierre de comercios y f\u00e1bricas. En sus declaraciones, responsabiliz\u00f3 al Gobierno nacional por aplicar \u201cun ajuste brutal\u201d que impacta directamente en la [&hellip;]<\/p>\n","protected":false},"author":3,"featured_media":9189,"comment_status":"open","ping_status":"open","sticky":false,"template":"","format":"standard","meta":{"_jetpack_memberships_contains_paid_content":false,"footnotes":""},"categories":[1],"tags":[],"class_list":["post-9188","post","type-post","status-publish","format-standard","has-post-thumbnail","hentry","category-local"],"jetpack_featured_media_url":"https:\/\/pasahoy.com.ar\/ph\/wp-content\/uploads\/2026\/05\/1001337657.jpg","jetpack_sharing_enabled":true,"_links":{"self":[{"href":"https:\/\/pasahoy.com.ar\/ph\/wp-json\/wp\/v2\/posts\/9188","targetHints":{"allow":["GET"]}}],"collection":[{"href":"https:\/\/pasahoy.com.ar\/ph\/wp-json\/wp\/v2\/posts"}],"about":[{"href":"https:\/\/pasahoy.com.ar\/ph\/wp-json\/wp\/v2\/types\/post"}],"author":[{"embeddable":true,"href":"https:\/\/pasahoy.com.ar\/ph\/wp-json\/wp\/v2\/users\/3"}],"replies":[{"embeddable":true,"href":"https:\/\/pasahoy.com.ar\/ph\/wp-json\/wp\/v2\/comments?post=9188"}],"version-history":[{"count":1,"href":"https:\/\/pasahoy.com.ar\/ph\/wp-json\/wp\/v2\/posts\/9188\/revisions"}],"predecessor-version":[{"id":9190,"href":"https:\/\/pasahoy.com.ar\/ph\/wp-json\/wp\/v2\/posts\/9188\/revisions\/9190"}],"wp:featuredmedia":[{"embeddable":true,"href":"https:\/\/pasahoy.com.ar\/ph\/wp-json\/wp\/v2\/media\/9189"}],"wp:attachment":[{"href":"https:\/\/pasahoy.com.ar\/ph\/wp-json\/wp\/v2\/media?parent=9188"}],"wp:term":[{"taxonomy":"category","embeddable":true,"href":"https:\/\/pasahoy.com.ar\/ph\/wp-json\/wp\/v2\/categories?post=9188"},{"taxonomy":"post_tag","embeddable":true,"href":"https:\/\/pasahoy.com.ar\/ph\/wp-json\/wp\/v2\/tags?post=9188"}],"curies":[{"name":"wp","href":"https:\/\/api.w.org\/{rel}","templated":true}]}}