{"id":9185,"date":"2026-05-02T14:32:11","date_gmt":"2026-05-02T14:32:11","guid":{"rendered":"https:\/\/pasahoy.com.ar\/ph\/?p=9185"},"modified":"2026-05-02T14:32:11","modified_gmt":"2026-05-02T14:32:11","slug":"importante-anuncio-del-gobernador-ricardo-clemente-quintela","status":"publish","type":"post","link":"https:\/\/pasahoy.com.ar\/ph\/importante-anuncio-del-gobernador-ricardo-clemente-quintela\/","title":{"rendered":"IMPORTANTE ANUNCIO DEL GOBERNADOR Ricardo Clemente Quintela"},"content":{"rendered":"\n<p>\u00bb En este contexto econ\u00f3mico tan complejo que atraviesa el pa\u00eds y que impacta directamente en el ingreso de los argentinos y argentinas, en La Rioja decidimos estar presentes, ordenar y acompa\u00f1ar.<br>\u200bNuestra Constituci\u00f3n Provincial es clara: el acceso al agua, a la energ\u00eda y a la conectividad son derechos humanos fundamentales. Por eso, con la convicci\u00f3n de proteger esos derechos, quiero anunciar que mantendremos congeladas las tarifas de energ\u00eda el\u00e9ctrica, agua y saneamiento, transporte p\u00fablico y el servicio de Internet para Todos hasta el 31 de agosto, con los valores vigentes al 30 de abril.<br>\u200bAdem\u00e1s, reduciremos un 20% las cuotas de las viviendas de la APVyU, congelando su valor durante el mismo per\u00edodo.<br>\u200bSabemos lo que est\u00e1 pasando. Conocemos el esfuerzo que hacen todos los d\u00edas trabajadores, jubilados, emprendedores y familias para salir adelante. Frente a esto, hay dos caminos: mirar para otro lado o hacerse cargo.<br>\u200bNosotros elegimos hacernos cargo\u00bb<\/p>\n\n\n\n<h1 class=\"wp-block-heading\"><\/h1>\n\n\n\n<figure class=\"wp-block-gallery has-nested-images columns-default is-cropped wp-block-gallery-1 is-layout-flex wp-block-gallery-is-layout-flex\">\n<figure class=\"wp-block-image size-large\"><img loading=\"lazy\" decoding=\"async\" width=\"1024\" height=\"682\" data-id=\"9186\" src=\"https:\/\/pasahoy.com.ar\/ph\/wp-content\/uploads\/2026\/05\/1001337641-1024x682.jpg\" alt=\"\" class=\"wp-image-9186\" srcset=\"https:\/\/pasahoy.com.ar\/ph\/wp-content\/uploads\/2026\/05\/1001337641-1024x682.jpg 1024w, https:\/\/pasahoy.com.ar\/ph\/wp-content\/uploads\/2026\/05\/1001337641-300x200.jpg 300w, https:\/\/pasahoy.com.ar\/ph\/wp-content\/uploads\/2026\/05\/1001337641-768x511.jpg 768w, https:\/\/pasahoy.com.ar\/ph\/wp-content\/uploads\/2026\/05\/1001337641.jpg 1080w\" sizes=\"auto, (max-width: 1024px) 100vw, 1024px\" \/><\/figure>\n<\/figure>\n","protected":false},"excerpt":{"rendered":"<p>\u00bb En este contexto econ\u00f3mico tan complejo que atraviesa el pa\u00eds y que impacta directamente en el ingreso de los argentinos y argentinas, en La Rioja decidimos estar presentes, ordenar y acompa\u00f1ar.\u200bNuestra Constituci\u00f3n Provincial es clara: el acceso al agua, a la energ\u00eda y a la conectividad son derechos humanos fundamentales. Por eso, con la [&hellip;]<\/p>\n","protected":false},"author":3,"featured_media":9186,"comment_status":"open","ping_status":"open","sticky":false,"template":"","format":"standard","meta":{"_jetpack_memberships_contains_paid_content":false,"footnotes":""},"categories":[1],"tags":[],"class_list":["post-9185","post","type-post","status-publish","format-standard","has-post-thumbnail","hentry","category-local"],"jetpack_featured_media_url":"https:\/\/pasahoy.com.ar\/ph\/wp-content\/uploads\/2026\/05\/1001337641.jpg","jetpack_sharing_enabled":true,"_links":{"self":[{"href":"https:\/\/pasahoy.com.ar\/ph\/wp-json\/wp\/v2\/posts\/9185","targetHints":{"allow":["GET"]}}],"collection":[{"href":"https:\/\/pasahoy.com.ar\/ph\/wp-json\/wp\/v2\/posts"}],"about":[{"href":"https:\/\/pasahoy.com.ar\/ph\/wp-json\/wp\/v2\/types\/post"}],"author":[{"embeddable":true,"href":"https:\/\/pasahoy.com.ar\/ph\/wp-json\/wp\/v2\/users\/3"}],"replies":[{"embeddable":true,"href":"https:\/\/pasahoy.com.ar\/ph\/wp-json\/wp\/v2\/comments?post=9185"}],"version-history":[{"count":1,"href":"https:\/\/pasahoy.com.ar\/ph\/wp-json\/wp\/v2\/posts\/9185\/revisions"}],"predecessor-version":[{"id":9187,"href":"https:\/\/pasahoy.com.ar\/ph\/wp-json\/wp\/v2\/posts\/9185\/revisions\/9187"}],"wp:featuredmedia":[{"embeddable":true,"href":"https:\/\/pasahoy.com.ar\/ph\/wp-json\/wp\/v2\/media\/9186"}],"wp:attachment":[{"href":"https:\/\/pasahoy.com.ar\/ph\/wp-json\/wp\/v2\/media?parent=9185"}],"wp:term":[{"taxonomy":"category","embeddable":true,"href":"https:\/\/pasahoy.com.ar\/ph\/wp-json\/wp\/v2\/categories?post=9185"},{"taxonomy":"post_tag","embeddable":true,"href":"https:\/\/pasahoy.com.ar\/ph\/wp-json\/wp\/v2\/tags?post=9185"}],"curies":[{"name":"wp","href":"https:\/\/api.w.org\/{rel}","templated":true}]}}