{"id":9182,"date":"2026-05-02T14:30:27","date_gmt":"2026-05-02T14:30:27","guid":{"rendered":"https:\/\/pasahoy.com.ar\/ph\/?p=9182"},"modified":"2026-05-02T14:30:27","modified_gmt":"2026-05-02T14:30:27","slug":"la-discusion-politica-que-la-rioja-separa-de-la-negociacion-con-vicuna","status":"publish","type":"post","link":"https:\/\/pasahoy.com.ar\/ph\/la-discusion-politica-que-la-rioja-separa-de-la-negociacion-con-vicuna\/","title":{"rendered":"LA DISCUSI\u00d3N POL\u00cdTICA QUE LA RIOJA SEPARA DE LA NEGOCIACI\u00d3N CON VICU\u00d1A"},"content":{"rendered":"\n<p>El ministro Federico Baz\u00e1n aclar\u00f3 que la disputa territorial con San Juan corre por una v\u00eda pol\u00edtica y legal independiente; la prioridad inmediata con la empresa es la obra del bypass y el empleo local.<br>En el marco de las negociaciones para normalizar la actividad minera en el oeste provincial, el Gobierno de La Rioja marc\u00f3 una distinci\u00f3n estrat\u00e9gica fundamental: los reclamos por l\u00edmites territoriales y regal\u00edas no forman parte de la mesa de trabajo con la empresa Vicu\u00f1a. Seg\u00fan explic\u00f3 el ministro de Industria, Federico Baz\u00e1n, estos temas \u00abvan por otro carril\u00bb estrictamente pol\u00edtico y legal.<br>Respecto al conflicto de l\u00edmites con la provincia de San Juan, el funcionario fue categ\u00f3rico al se\u00f1alar que la discusi\u00f3n no involucra a la firma minera y advirti\u00f3 que \u00abLa Rioja no va a renunciar a esa discusi\u00f3n\u00bb. En la misma l\u00ednea, situ\u00f3 el debate por las regal\u00edas como un derivado de la cuesti\u00f3n jurisdiccional, separ\u00e1ndolo de los compromisos operativos que se le exigen al proyecto Vicu\u00f1a.<br>EJES PRIORITARIOS DE LA MESA T\u00c9CNICA<br>M\u00e1s all\u00e1 de la disputa soberana, la Provincia fij\u00f3 condiciones claras para que el gobernador Ricardo Quintela formalice un acuerdo con el CEO de la empresa, Jos\u00e9 Morea, el pr\u00f3ximo 11 de mayo:<\/p>\n\n\n\n<figure class=\"wp-block-gallery has-nested-images columns-default is-cropped wp-block-gallery-1 is-layout-flex wp-block-gallery-is-layout-flex\">\n<figure class=\"wp-block-image size-large\"><img loading=\"lazy\" decoding=\"async\" width=\"638\" height=\"638\" data-id=\"9183\" src=\"https:\/\/pasahoy.com.ar\/ph\/wp-content\/uploads\/2026\/05\/1001337626.jpg\" alt=\"\" class=\"wp-image-9183\" srcset=\"https:\/\/pasahoy.com.ar\/ph\/wp-content\/uploads\/2026\/05\/1001337626.jpg 638w, https:\/\/pasahoy.com.ar\/ph\/wp-content\/uploads\/2026\/05\/1001337626-300x300.jpg 300w, https:\/\/pasahoy.com.ar\/ph\/wp-content\/uploads\/2026\/05\/1001337626-150x150.jpg 150w\" sizes=\"auto, (max-width: 638px) 100vw, 638px\" \/><\/figure>\n<\/figure>\n\n\n\n<ul class=\"wp-block-list\">\n<li>INFRAESTRUCTURA EN GUANDACOL: Se exige el inicio inmediato de la obra del bypass vial, un compromiso asumido por la empresa hace tiempo y que es vital para la seguridad y tranquilidad de los vecinos del departamento General Felipe Varela.<\/li>\n\n\n\n<li>MONITOREO AMBIENTAL PARTICIPATIVO: La Rioja busca crear mecanismos de control donde la comunidad y el Estado puedan auditar los resultados ambientales mensualmente.<\/li>\n\n\n\n<li>EMPLEO Y FORMACI\u00d3N: El objetivo es que la n\u00f3mina de trabajadores vinculados al proyecto pertenezca mayoritariamente a la zona de influencia. Para ello, se implementar\u00e1 un plan de capacitaci\u00f3n conjunto que adapte los perfiles locales a los requerimientos t\u00e9cnicos de la mina.<\/li>\n\n\n\n<li>UN MODELO DE MINER\u00cdA CON \u00abADHESI\u00d3N SOCIAL\u00bb<\/li>\n\n\n\n<li>Desde el Ejecutivo provincial recalcaron que la meta final de estas gestiones no es solo la reactivaci\u00f3n econ\u00f3mica, sino garantizar que la actividad minera cuente con la adhesi\u00f3n de las comunidades.<\/li>\n\n\n\n<li>\u00abLA MINER\u00cdA TIENE QUE GENERAR MUCHOS PUESTOS DE TRABAJO Y SER PARTICIPATIVA\u00bb, concluy\u00f3 Baz\u00e1n, reafirmando que la transparencia en los controles y el beneficio directo para los proveedores y trabajadores riojanos son los pilares que permitir\u00e1n avanzar en el acuerdo por escrito con la empresa.<\/li>\n<\/ul>\n","protected":false},"excerpt":{"rendered":"<p>El ministro Federico Baz\u00e1n aclar\u00f3 que la disputa territorial con San Juan corre por una v\u00eda pol\u00edtica y legal independiente; la prioridad inmediata con la empresa es la obra del bypass y el empleo local.En el marco de las negociaciones para normalizar la actividad minera en el oeste provincial, el Gobierno de La Rioja marc\u00f3 [&hellip;]<\/p>\n","protected":false},"author":3,"featured_media":9183,"comment_status":"open","ping_status":"open","sticky":false,"template":"","format":"standard","meta":{"_jetpack_memberships_contains_paid_content":false,"footnotes":""},"categories":[1],"tags":[],"class_list":["post-9182","post","type-post","status-publish","format-standard","has-post-thumbnail","hentry","category-local"],"jetpack_featured_media_url":"https:\/\/pasahoy.com.ar\/ph\/wp-content\/uploads\/2026\/05\/1001337626.jpg","jetpack_sharing_enabled":true,"_links":{"self":[{"href":"https:\/\/pasahoy.com.ar\/ph\/wp-json\/wp\/v2\/posts\/9182","targetHints":{"allow":["GET"]}}],"collection":[{"href":"https:\/\/pasahoy.com.ar\/ph\/wp-json\/wp\/v2\/posts"}],"about":[{"href":"https:\/\/pasahoy.com.ar\/ph\/wp-json\/wp\/v2\/types\/post"}],"author":[{"embeddable":true,"href":"https:\/\/pasahoy.com.ar\/ph\/wp-json\/wp\/v2\/users\/3"}],"replies":[{"embeddable":true,"href":"https:\/\/pasahoy.com.ar\/ph\/wp-json\/wp\/v2\/comments?post=9182"}],"version-history":[{"count":1,"href":"https:\/\/pasahoy.com.ar\/ph\/wp-json\/wp\/v2\/posts\/9182\/revisions"}],"predecessor-version":[{"id":9184,"href":"https:\/\/pasahoy.com.ar\/ph\/wp-json\/wp\/v2\/posts\/9182\/revisions\/9184"}],"wp:featuredmedia":[{"embeddable":true,"href":"https:\/\/pasahoy.com.ar\/ph\/wp-json\/wp\/v2\/media\/9183"}],"wp:attachment":[{"href":"https:\/\/pasahoy.com.ar\/ph\/wp-json\/wp\/v2\/media?parent=9182"}],"wp:term":[{"taxonomy":"category","embeddable":true,"href":"https:\/\/pasahoy.com.ar\/ph\/wp-json\/wp\/v2\/categories?post=9182"},{"taxonomy":"post_tag","embeddable":true,"href":"https:\/\/pasahoy.com.ar\/ph\/wp-json\/wp\/v2\/tags?post=9182"}],"curies":[{"name":"wp","href":"https:\/\/api.w.org\/{rel}","templated":true}]}}