{"id":9171,"date":"2026-05-02T14:19:48","date_gmt":"2026-05-02T14:19:48","guid":{"rendered":"https:\/\/pasahoy.com.ar\/ph\/?p=9171"},"modified":"2026-05-02T14:19:48","modified_gmt":"2026-05-02T14:19:48","slug":"dgip-prorrogo-el-vencimiento-de-los-impuestos-automotor-e-inmobiliario-hasta-el-8-de-mayo","status":"publish","type":"post","link":"https:\/\/pasahoy.com.ar\/ph\/dgip-prorrogo-el-vencimiento-de-los-impuestos-automotor-e-inmobiliario-hasta-el-8-de-mayo\/","title":{"rendered":"DGIP prorrog\u00f3 el vencimiento de los impuestos Automotor e Inmobiliario hasta el 8 de mayo"},"content":{"rendered":"\n<p>La Direcci\u00f3n General de Ingresos Provinciales inform\u00f3 la pr\u00f3rroga del vencimiento correspondiente a los impuestos automotor e inmobiliario, otorgando a los contribuyentes un nuevo plazo hasta el d\u00eda viernes 08 de mayo para regularizar sus obligaciones fiscales.<\/p>\n\n\n\n<figure class=\"wp-block-gallery has-nested-images columns-default is-cropped wp-block-gallery-1 is-layout-flex wp-block-gallery-is-layout-flex\">\n<figure class=\"wp-block-image size-large\"><img loading=\"lazy\" decoding=\"async\" width=\"576\" height=\"1024\" data-id=\"9172\" src=\"https:\/\/pasahoy.com.ar\/ph\/wp-content\/uploads\/2026\/05\/1001337616-576x1024.jpg\" alt=\"\" class=\"wp-image-9172\" srcset=\"https:\/\/pasahoy.com.ar\/ph\/wp-content\/uploads\/2026\/05\/1001337616-576x1024.jpg 576w, https:\/\/pasahoy.com.ar\/ph\/wp-content\/uploads\/2026\/05\/1001337616-169x300.jpg 169w, https:\/\/pasahoy.com.ar\/ph\/wp-content\/uploads\/2026\/05\/1001337616-768x1365.jpg 768w, https:\/\/pasahoy.com.ar\/ph\/wp-content\/uploads\/2026\/05\/1001337616-864x1536.jpg 864w, https:\/\/pasahoy.com.ar\/ph\/wp-content\/uploads\/2026\/05\/1001337616.jpg 900w\" sizes=\"auto, (max-width: 576px) 100vw, 576px\" \/><\/figure>\n<\/figure>\n\n\n\n<p>Seg\u00fan el comunicado oficial, quienes opten por realizar el pago anual podr\u00e1n acceder a un 20% de descuento, beneficio que busca incentivar el cumplimiento tributario y aliviar el impacto econ\u00f3mico en los contribuyentes riojanos.<br>Adem\u00e1s, desde el organismo indicaron que se encuentra habilitada la atenci\u00f3n al p\u00fablico, de forma presencial, de lunes a viernes de 8 a 13 horas en avenida Alem 20, mientras que de manera online se pueden realizar consultas a trav\u00e9s del correo electr\u00f3nico oficial mesadeayuda@dgiplarioja.gob.ar y del sitio web institucional www.dgiplarioja.gob.ar.<br>La medida difundida se enmarca en acciones conjuntas con el Ministerio de Hacienda y Finanzas P\u00fablicas destinadas a facilitar el cumplimiento de las obligaciones impositivas en la provincia.<\/p>\n","protected":false},"excerpt":{"rendered":"<p>La Direcci\u00f3n General de Ingresos Provinciales inform\u00f3 la pr\u00f3rroga del vencimiento correspondiente a los impuestos automotor e inmobiliario, otorgando a los contribuyentes un nuevo plazo hasta el d\u00eda viernes 08 de mayo para regularizar sus obligaciones fiscales. Seg\u00fan el comunicado oficial, quienes opten por realizar el pago anual podr\u00e1n acceder a un 20% de descuento, [&hellip;]<\/p>\n","protected":false},"author":3,"featured_media":9172,"comment_status":"open","ping_status":"open","sticky":false,"template":"","format":"standard","meta":{"_jetpack_memberships_contains_paid_content":false,"footnotes":""},"categories":[1],"tags":[],"class_list":["post-9171","post","type-post","status-publish","format-standard","has-post-thumbnail","hentry","category-local"],"jetpack_featured_media_url":"https:\/\/pasahoy.com.ar\/ph\/wp-content\/uploads\/2026\/05\/1001337616.jpg","jetpack_sharing_enabled":true,"_links":{"self":[{"href":"https:\/\/pasahoy.com.ar\/ph\/wp-json\/wp\/v2\/posts\/9171","targetHints":{"allow":["GET"]}}],"collection":[{"href":"https:\/\/pasahoy.com.ar\/ph\/wp-json\/wp\/v2\/posts"}],"about":[{"href":"https:\/\/pasahoy.com.ar\/ph\/wp-json\/wp\/v2\/types\/post"}],"author":[{"embeddable":true,"href":"https:\/\/pasahoy.com.ar\/ph\/wp-json\/wp\/v2\/users\/3"}],"replies":[{"embeddable":true,"href":"https:\/\/pasahoy.com.ar\/ph\/wp-json\/wp\/v2\/comments?post=9171"}],"version-history":[{"count":1,"href":"https:\/\/pasahoy.com.ar\/ph\/wp-json\/wp\/v2\/posts\/9171\/revisions"}],"predecessor-version":[{"id":9173,"href":"https:\/\/pasahoy.com.ar\/ph\/wp-json\/wp\/v2\/posts\/9171\/revisions\/9173"}],"wp:featuredmedia":[{"embeddable":true,"href":"https:\/\/pasahoy.com.ar\/ph\/wp-json\/wp\/v2\/media\/9172"}],"wp:attachment":[{"href":"https:\/\/pasahoy.com.ar\/ph\/wp-json\/wp\/v2\/media?parent=9171"}],"wp:term":[{"taxonomy":"category","embeddable":true,"href":"https:\/\/pasahoy.com.ar\/ph\/wp-json\/wp\/v2\/categories?post=9171"},{"taxonomy":"post_tag","embeddable":true,"href":"https:\/\/pasahoy.com.ar\/ph\/wp-json\/wp\/v2\/tags?post=9171"}],"curies":[{"name":"wp","href":"https:\/\/api.w.org\/{rel}","templated":true}]}}