{"id":9166,"date":"2026-04-30T00:56:28","date_gmt":"2026-04-30T00:56:28","guid":{"rendered":"https:\/\/pasahoy.com.ar\/ph\/?p=9166"},"modified":"2026-04-30T00:56:44","modified_gmt":"2026-04-30T00:56:44","slug":"puesta-en-funciones-de-nuevas-autoridades-de-las-unidades-regionales","status":"publish","type":"post","link":"https:\/\/pasahoy.com.ar\/ph\/puesta-en-funciones-de-nuevas-autoridades-de-las-unidades-regionales\/","title":{"rendered":"PUESTA EN FUNCIONES DE NUEVAS AUTORIDADES DE LAS UNIDADES REGIONALES."},"content":{"rendered":"\n<p>Esta ma\u00f1ana, junto al Jefe y Subjefe de Polic\u00eda, pusimos en funciones a los nuevos Jefes y Subjefes de las Unidades Regionales I Valle del Bermejo, II Valle del Famatina, III Regi\u00f3n Norte, IV Regi\u00f3n Centro, V Regi\u00f3n Llanos Norte y VI Regi\u00f3n Llanos Sur de la Polic\u00eda de la Provincia.<\/p>\n\n\n\n<figure class=\"wp-block-gallery has-nested-images columns-default is-cropped wp-block-gallery-1 is-layout-flex wp-block-gallery-is-layout-flex\">\n<figure class=\"wp-block-image size-large\"><img loading=\"lazy\" decoding=\"async\" width=\"1024\" height=\"678\" data-id=\"9167\" src=\"https:\/\/pasahoy.com.ar\/ph\/wp-content\/uploads\/2026\/04\/1001331844-1024x678.jpg\" alt=\"\" class=\"wp-image-9167\" srcset=\"https:\/\/pasahoy.com.ar\/ph\/wp-content\/uploads\/2026\/04\/1001331844-1024x678.jpg 1024w, https:\/\/pasahoy.com.ar\/ph\/wp-content\/uploads\/2026\/04\/1001331844-300x199.jpg 300w, https:\/\/pasahoy.com.ar\/ph\/wp-content\/uploads\/2026\/04\/1001331844-768x509.jpg 768w, https:\/\/pasahoy.com.ar\/ph\/wp-content\/uploads\/2026\/04\/1001331844.jpg 1232w\" sizes=\"auto, (max-width: 1024px) 100vw, 1024px\" \/><\/figure>\n\n\n\n<figure class=\"wp-block-image size-large\"><img loading=\"lazy\" decoding=\"async\" width=\"1024\" height=\"678\" data-id=\"9169\" src=\"https:\/\/pasahoy.com.ar\/ph\/wp-content\/uploads\/2026\/04\/1001331845-1024x678.jpg\" alt=\"\" class=\"wp-image-9169\" srcset=\"https:\/\/pasahoy.com.ar\/ph\/wp-content\/uploads\/2026\/04\/1001331845-1024x678.jpg 1024w, https:\/\/pasahoy.com.ar\/ph\/wp-content\/uploads\/2026\/04\/1001331845-300x199.jpg 300w, https:\/\/pasahoy.com.ar\/ph\/wp-content\/uploads\/2026\/04\/1001331845-768x509.jpg 768w, https:\/\/pasahoy.com.ar\/ph\/wp-content\/uploads\/2026\/04\/1001331845.jpg 1232w\" sizes=\"auto, (max-width: 1024px) 100vw, 1024px\" \/><\/figure>\n\n\n\n<figure class=\"wp-block-image size-large\"><img loading=\"lazy\" decoding=\"async\" width=\"1024\" height=\"678\" data-id=\"9168\" src=\"https:\/\/pasahoy.com.ar\/ph\/wp-content\/uploads\/2026\/04\/1001331846-1024x678.jpg\" alt=\"\" class=\"wp-image-9168\" srcset=\"https:\/\/pasahoy.com.ar\/ph\/wp-content\/uploads\/2026\/04\/1001331846-1024x678.jpg 1024w, https:\/\/pasahoy.com.ar\/ph\/wp-content\/uploads\/2026\/04\/1001331846-300x199.jpg 300w, https:\/\/pasahoy.com.ar\/ph\/wp-content\/uploads\/2026\/04\/1001331846-768x509.jpg 768w, https:\/\/pasahoy.com.ar\/ph\/wp-content\/uploads\/2026\/04\/1001331846.jpg 1232w\" sizes=\"auto, (max-width: 1024px) 100vw, 1024px\" \/><\/figure>\n<\/figure>\n\n\n\n<p>Ademas, con los integrantes de la Plana Mayor, mantuvimos una reuni\u00f3n institucional de trabajo en la que trazamos nuevos lineamientos de acci\u00f3n y analizamos la situaci\u00f3n actual de la fuerza, tanto en Capital como en el interior.<\/p>\n\n\n\n<p>En este marco, y atendiendo a los distintos requerimientos y planteos, continuamos fortaleciendo la instituci\u00f3n policial, con el firme compromiso de seguir trabajando en beneficio de toda la ciudadan\u00eda.<\/p>\n","protected":false},"excerpt":{"rendered":"<p>Esta ma\u00f1ana, junto al Jefe y Subjefe de Polic\u00eda, pusimos en funciones a los nuevos Jefes y Subjefes de las Unidades Regionales I Valle del Bermejo, II Valle del Famatina, III Regi\u00f3n Norte, IV Regi\u00f3n Centro, V Regi\u00f3n Llanos Norte y VI Regi\u00f3n Llanos Sur de la Polic\u00eda de la Provincia. Ademas, con los integrantes [&hellip;]<\/p>\n","protected":false},"author":3,"featured_media":9167,"comment_status":"open","ping_status":"open","sticky":false,"template":"","format":"standard","meta":{"_jetpack_memberships_contains_paid_content":false,"footnotes":""},"categories":[9],"tags":[],"class_list":["post-9166","post","type-post","status-publish","format-standard","has-post-thumbnail","hentry","category-policial"],"jetpack_featured_media_url":"https:\/\/pasahoy.com.ar\/ph\/wp-content\/uploads\/2026\/04\/1001331844.jpg","jetpack_sharing_enabled":true,"_links":{"self":[{"href":"https:\/\/pasahoy.com.ar\/ph\/wp-json\/wp\/v2\/posts\/9166","targetHints":{"allow":["GET"]}}],"collection":[{"href":"https:\/\/pasahoy.com.ar\/ph\/wp-json\/wp\/v2\/posts"}],"about":[{"href":"https:\/\/pasahoy.com.ar\/ph\/wp-json\/wp\/v2\/types\/post"}],"author":[{"embeddable":true,"href":"https:\/\/pasahoy.com.ar\/ph\/wp-json\/wp\/v2\/users\/3"}],"replies":[{"embeddable":true,"href":"https:\/\/pasahoy.com.ar\/ph\/wp-json\/wp\/v2\/comments?post=9166"}],"version-history":[{"count":1,"href":"https:\/\/pasahoy.com.ar\/ph\/wp-json\/wp\/v2\/posts\/9166\/revisions"}],"predecessor-version":[{"id":9170,"href":"https:\/\/pasahoy.com.ar\/ph\/wp-json\/wp\/v2\/posts\/9166\/revisions\/9170"}],"wp:featuredmedia":[{"embeddable":true,"href":"https:\/\/pasahoy.com.ar\/ph\/wp-json\/wp\/v2\/media\/9167"}],"wp:attachment":[{"href":"https:\/\/pasahoy.com.ar\/ph\/wp-json\/wp\/v2\/media?parent=9166"}],"wp:term":[{"taxonomy":"category","embeddable":true,"href":"https:\/\/pasahoy.com.ar\/ph\/wp-json\/wp\/v2\/categories?post=9166"},{"taxonomy":"post_tag","embeddable":true,"href":"https:\/\/pasahoy.com.ar\/ph\/wp-json\/wp\/v2\/tags?post=9166"}],"curies":[{"name":"wp","href":"https:\/\/api.w.org\/{rel}","templated":true}]}}