{"id":9163,"date":"2026-04-30T00:50:03","date_gmt":"2026-04-30T00:50:03","guid":{"rendered":"https:\/\/pasahoy.com.ar\/ph\/?p=9163"},"modified":"2026-04-30T00:50:21","modified_gmt":"2026-04-30T00:50:21","slug":"detienen-a-un-efectivo-policial-tras-una-denuncia-por-violencia","status":"publish","type":"post","link":"https:\/\/pasahoy.com.ar\/ph\/detienen-a-un-efectivo-policial-tras-una-denuncia-por-violencia\/","title":{"rendered":"Detienen a un efectivo policial tras una denuncia por violencia"},"content":{"rendered":"\n<p>Esta medida busca garantizar la transparencia y la objetividad de la investigaci\u00f3n desde el inicio de la misma.<\/p>\n\n\n\n<p>Un efectivo de la Polic\u00eda de la Provincia de La Rioja fue detenido recientemente tras ser denunciado por un presunto hecho de violencia de g\u00e9nero. El incidente, que tuvo lugar en las inmediaciones del barrio Loteo San Andr\u00e9s, gener\u00f3 una r\u00e1pida respuesta de las fuerzas de seguridad y de los organismos judiciales competentes, activando de inmediato los protocolos establecidos para este tipo de delitos.<\/p>\n\n\n\n<p>La denuncia fue radicada por una mujer mayor de edad, cuya identidad se mantiene bajo reserva para proteger su integridad. Tras la exposici\u00f3n de los hechos, las autoridades policiales procedieron a la localizaci\u00f3n del uniformado, quien fue puesto a disposici\u00f3n de la justicia de manera inmediata para evitar cualquier tipo de entorpecimiento en las etapas preliminares del proceso.<\/p>\n\n\n\n<p>Respecto al procedimiento, el comisario Alejandro Quintero brind\u00f3 precisiones sobre la postura institucional frente a este grave se\u00f1alamiento. El jefe de la Vocer\u00eda policial explic\u00f3 que, ante cualquier acusaci\u00f3n delictiva contra un integrante de la fuerza, se dispone de forma autom\u00e1tica el arresto preventivo. Esta medida busca garantizar la transparencia y la objetividad de la investigaci\u00f3n desde su inicio.<\/p>\n\n\n\n<p>Quintero destac\u00f3, adem\u00e1s, que la instituci\u00f3n act\u00faa bajo una doble v\u00eda de control. Mientras la justicia penal avanza en la recolecci\u00f3n de pruebas y testimonios, la Polic\u00eda de la Provincia inicia de forma paralela un sumario administrativo interno. Este proceso busca determinar la responsabilidad del efectivo dentro del marco del r\u00e9gimen disciplinario policial, independientemente del veredicto judicial final.<\/p>\n\n\n\n<p>En cuanto a la situaci\u00f3n de la v\u00edctima, se inform\u00f3 que recibi\u00f3 asistencia inmediata tras radicar la denuncia. Los equipos t\u00e9cnicos y de acompa\u00f1amiento intervinieron para brindar la contenci\u00f3n necesaria, asegurando que se cumplan todas las medidas de protecci\u00f3n dictadas por el magistrado interviniente en el marco de la causa por violencia de g\u00e9nero.<\/p>\n\n\n\n<p>Actualmente, el efectivo permanece alojado en calidad de detenido preventivo mientras la autoridad judicial competente define su situaci\u00f3n procesal. Se espera que en los pr\u00f3ximos d\u00edas se realicen las pericias correspondientes y se tomen las declaraciones necesarias para esclarecer lo ocurrido en el barrio Loteo San Andr\u00e9s y determinar las sanciones legales pertinentes.<\/p>\n\n\n\n<figure class=\"wp-block-gallery has-nested-images columns-default is-cropped wp-block-gallery-1 is-layout-flex wp-block-gallery-is-layout-flex\">\n<figure class=\"wp-block-image size-large\"><img loading=\"lazy\" decoding=\"async\" width=\"1024\" height=\"735\" data-id=\"9164\" src=\"https:\/\/pasahoy.com.ar\/ph\/wp-content\/uploads\/2026\/04\/1001331838-1024x735.png\" alt=\"\" class=\"wp-image-9164\" srcset=\"https:\/\/pasahoy.com.ar\/ph\/wp-content\/uploads\/2026\/04\/1001331838-1024x735.png 1024w, https:\/\/pasahoy.com.ar\/ph\/wp-content\/uploads\/2026\/04\/1001331838-300x215.png 300w, https:\/\/pasahoy.com.ar\/ph\/wp-content\/uploads\/2026\/04\/1001331838-768x551.png 768w, https:\/\/pasahoy.com.ar\/ph\/wp-content\/uploads\/2026\/04\/1001331838.png 1028w\" sizes=\"auto, (max-width: 1024px) 100vw, 1024px\" \/><\/figure>\n<\/figure>\n","protected":false},"excerpt":{"rendered":"<p>Esta medida busca garantizar la transparencia y la objetividad de la investigaci\u00f3n desde el inicio de la misma. Un efectivo de la Polic\u00eda de la Provincia de La Rioja fue detenido recientemente tras ser denunciado por un presunto hecho de violencia de g\u00e9nero. El incidente, que tuvo lugar en las inmediaciones del barrio Loteo San [&hellip;]<\/p>\n","protected":false},"author":3,"featured_media":9164,"comment_status":"open","ping_status":"open","sticky":false,"template":"","format":"standard","meta":{"_jetpack_memberships_contains_paid_content":false,"footnotes":""},"categories":[9],"tags":[],"class_list":["post-9163","post","type-post","status-publish","format-standard","has-post-thumbnail","hentry","category-policial"],"jetpack_featured_media_url":"https:\/\/pasahoy.com.ar\/ph\/wp-content\/uploads\/2026\/04\/1001331838.png","jetpack_sharing_enabled":true,"_links":{"self":[{"href":"https:\/\/pasahoy.com.ar\/ph\/wp-json\/wp\/v2\/posts\/9163","targetHints":{"allow":["GET"]}}],"collection":[{"href":"https:\/\/pasahoy.com.ar\/ph\/wp-json\/wp\/v2\/posts"}],"about":[{"href":"https:\/\/pasahoy.com.ar\/ph\/wp-json\/wp\/v2\/types\/post"}],"author":[{"embeddable":true,"href":"https:\/\/pasahoy.com.ar\/ph\/wp-json\/wp\/v2\/users\/3"}],"replies":[{"embeddable":true,"href":"https:\/\/pasahoy.com.ar\/ph\/wp-json\/wp\/v2\/comments?post=9163"}],"version-history":[{"count":1,"href":"https:\/\/pasahoy.com.ar\/ph\/wp-json\/wp\/v2\/posts\/9163\/revisions"}],"predecessor-version":[{"id":9165,"href":"https:\/\/pasahoy.com.ar\/ph\/wp-json\/wp\/v2\/posts\/9163\/revisions\/9165"}],"wp:featuredmedia":[{"embeddable":true,"href":"https:\/\/pasahoy.com.ar\/ph\/wp-json\/wp\/v2\/media\/9164"}],"wp:attachment":[{"href":"https:\/\/pasahoy.com.ar\/ph\/wp-json\/wp\/v2\/media?parent=9163"}],"wp:term":[{"taxonomy":"category","embeddable":true,"href":"https:\/\/pasahoy.com.ar\/ph\/wp-json\/wp\/v2\/categories?post=9163"},{"taxonomy":"post_tag","embeddable":true,"href":"https:\/\/pasahoy.com.ar\/ph\/wp-json\/wp\/v2\/tags?post=9163"}],"curies":[{"name":"wp","href":"https:\/\/api.w.org\/{rel}","templated":true}]}}