{"id":9160,"date":"2026-04-30T00:41:55","date_gmt":"2026-04-30T00:41:55","guid":{"rendered":"https:\/\/pasahoy.com.ar\/ph\/?p=9160"},"modified":"2026-04-30T00:42:08","modified_gmt":"2026-04-30T00:42:08","slug":"informe-de-adorni-en-diputados-se-cruzo-con-la-oposicion-nego-las-acusaciones-y-aseguro-que-no-renunciara","status":"publish","type":"post","link":"https:\/\/pasahoy.com.ar\/ph\/informe-de-adorni-en-diputados-se-cruzo-con-la-oposicion-nego-las-acusaciones-y-aseguro-que-no-renunciara\/","title":{"rendered":"Informe de Adorni en Diputados: se cruz\u00f3 con la oposici\u00f3n, neg\u00f3 las acusaciones y asegur\u00f3 que no renunciar\u00e1"},"content":{"rendered":"\n<p>El jefe de Gabinete expuso en el Congreso durante casi siete horas, respondi\u00f3 m\u00e1s de 2000 preguntas de los legisladores y recibi\u00f3 duros cuestionamientos. Javier Milei, su hermana Karina y los ministros acompa\u00f1aron la sesi\u00f3n.<\/p>\n\n\n\n<ul class=\"wp-block-list\">\n<li><strong>Javier Milei\u00a0<\/strong>estuvo presente en el Congreso para apoyar a Manuel Adorni.<\/li>\n\n\n\n<li>El jefe de Gabinete<strong>\u00a0recibi\u00f3 4800 preguntas de los legisladores,\u00a0<\/strong>algunas vinculadas a la causa en la que es investigado por la Justicia.<\/li>\n\n\n\n<li>Luego de exponer su informe de gesti\u00f3n, respondi\u00f3 m\u00e1s de<strong>\u00a02000 preguntas\u00a0<\/strong>en el recinto y expuso por m\u00e1s de seis horas.\u00a0<\/li>\n\n\n\n<li>Los\u00a0<strong>calles\u00a0<\/strong>que rodean el Congreso estuvieron cortadas y se despleg\u00f3 un fuerte<strong>\u00a0operativo de seguridad\u00a0<\/strong>en la zona<\/li>\n<\/ul>\n\n\n\n<figure class=\"wp-block-gallery has-nested-images columns-default is-cropped wp-block-gallery-1 is-layout-flex wp-block-gallery-is-layout-flex\">\n<figure class=\"wp-block-image size-large\"><img loading=\"lazy\" decoding=\"async\" width=\"945\" height=\"532\" data-id=\"9161\" src=\"https:\/\/pasahoy.com.ar\/ph\/wp-content\/uploads\/2026\/04\/1001331803.png\" alt=\"\" class=\"wp-image-9161\" srcset=\"https:\/\/pasahoy.com.ar\/ph\/wp-content\/uploads\/2026\/04\/1001331803.png 945w, https:\/\/pasahoy.com.ar\/ph\/wp-content\/uploads\/2026\/04\/1001331803-300x169.png 300w, https:\/\/pasahoy.com.ar\/ph\/wp-content\/uploads\/2026\/04\/1001331803-768x432.png 768w\" sizes=\"auto, (max-width: 945px) 100vw, 945px\" \/><\/figure>\n<\/figure>\n\n\n\n<p>Mientras el foco de la pol\u00edtica nacional pasa este viernes por la&nbsp;<a href=\"https:\/\/tn.com.ar\/politica\/2026\/04\/29\/en-la-previa-a-su-presentacion-en-el-congreso-adorni-salio-de-su-casa-y-se-dirige-a-la-casa-rosada\/\"><strong>exposici\u00f3n en el Congreso del jefe de Gabinete, Manuel Adorni<\/strong><\/a>, La Libertad avanza denunci\u00f3 a una diputada nacional que antes integraba su bloque. Un grupo de legisladores nacionales del oficialismo present\u00f3&nbsp;<strong>una denuncia penal contra Marcela Pagano.<\/strong><\/p>\n\n\n\n<p>En la presentaci\u00f3n judicial la acusan por presuntos delitos de&nbsp;<strong>enriquecimiento il\u00edcito,<\/strong>&nbsp;omisi\u00f3n maliciosa en declaraci\u00f3n jurada patrimonial y administraci\u00f3n fraudulenta, entre otros cargos vinculados a la administraci\u00f3n p\u00fablica. La denuncia de LLA apunta que Pagano los habr\u00eda cometido desde que asumi\u00f3 su banca el 10 de diciembre de 2023.<\/p>\n\n\n\n<p>El&nbsp;<a href=\"https:\/\/tn.com.ar\/politica\/2026\/04\/29\/en-la-previa-a-su-presentacion-en-el-congreso-adorni-salio-de-su-casa-y-se-dirige-a-la-casa-rosada\/\" target=\"_blank\" rel=\"noreferrer noopener\"><strong>primer informe del jefe de Gabinete, Manuel Adorni,<\/strong><\/a>&nbsp;en la C\u00e1mara de Diputados dej\u00f3 reacciones dispares en la oposici\u00f3n, que sigui\u00f3 la presentaci\u00f3n en su mayor\u00eda en silencio, aunque con algunos momentos de tensi\u00f3n.<\/p>\n\n\n\n<p>Las interrupciones y cuestionamientos&nbsp;<strong>m\u00e1s fuertes&nbsp;<\/strong>llegaron del<strong>&nbsp;Frente de Izquierda y del kirchnerismo.&nbsp;<\/strong>Hicieron hincapi\u00e9 tanto en su&nbsp;<strong>patrimonio como en pedir su renuncia.&nbsp;<\/strong>Tambi\u00e9n sumaron&nbsp;<strong>cr\u00edticas al Gobierno.<\/strong><\/p>\n","protected":false},"excerpt":{"rendered":"<p>El jefe de Gabinete expuso en el Congreso durante casi siete horas, respondi\u00f3 m\u00e1s de 2000 preguntas de los legisladores y recibi\u00f3 duros cuestionamientos. Javier Milei, su hermana Karina y los ministros acompa\u00f1aron la sesi\u00f3n. Mientras el foco de la pol\u00edtica nacional pasa este viernes por la&nbsp;exposici\u00f3n en el Congreso del jefe de Gabinete, Manuel [&hellip;]<\/p>\n","protected":false},"author":3,"featured_media":9161,"comment_status":"open","ping_status":"open","sticky":false,"template":"","format":"standard","meta":{"_jetpack_memberships_contains_paid_content":false,"footnotes":""},"categories":[2],"tags":[],"class_list":["post-9160","post","type-post","status-publish","format-standard","has-post-thumbnail","hentry","category-nacional"],"jetpack_featured_media_url":"https:\/\/pasahoy.com.ar\/ph\/wp-content\/uploads\/2026\/04\/1001331803.png","jetpack_sharing_enabled":true,"_links":{"self":[{"href":"https:\/\/pasahoy.com.ar\/ph\/wp-json\/wp\/v2\/posts\/9160","targetHints":{"allow":["GET"]}}],"collection":[{"href":"https:\/\/pasahoy.com.ar\/ph\/wp-json\/wp\/v2\/posts"}],"about":[{"href":"https:\/\/pasahoy.com.ar\/ph\/wp-json\/wp\/v2\/types\/post"}],"author":[{"embeddable":true,"href":"https:\/\/pasahoy.com.ar\/ph\/wp-json\/wp\/v2\/users\/3"}],"replies":[{"embeddable":true,"href":"https:\/\/pasahoy.com.ar\/ph\/wp-json\/wp\/v2\/comments?post=9160"}],"version-history":[{"count":1,"href":"https:\/\/pasahoy.com.ar\/ph\/wp-json\/wp\/v2\/posts\/9160\/revisions"}],"predecessor-version":[{"id":9162,"href":"https:\/\/pasahoy.com.ar\/ph\/wp-json\/wp\/v2\/posts\/9160\/revisions\/9162"}],"wp:featuredmedia":[{"embeddable":true,"href":"https:\/\/pasahoy.com.ar\/ph\/wp-json\/wp\/v2\/media\/9161"}],"wp:attachment":[{"href":"https:\/\/pasahoy.com.ar\/ph\/wp-json\/wp\/v2\/media?parent=9160"}],"wp:term":[{"taxonomy":"category","embeddable":true,"href":"https:\/\/pasahoy.com.ar\/ph\/wp-json\/wp\/v2\/categories?post=9160"},{"taxonomy":"post_tag","embeddable":true,"href":"https:\/\/pasahoy.com.ar\/ph\/wp-json\/wp\/v2\/tags?post=9160"}],"curies":[{"name":"wp","href":"https:\/\/api.w.org\/{rel}","templated":true}]}}