{"id":9151,"date":"2026-04-30T00:25:35","date_gmt":"2026-04-30T00:25:35","guid":{"rendered":"https:\/\/pasahoy.com.ar\/ph\/?p=9151"},"modified":"2026-04-30T00:25:47","modified_gmt":"2026-04-30T00:25:47","slug":"la-camara-de-casacion-anulo-el-procesamiento-de-alberto-fernandez-en-la-causa-seguros","status":"publish","type":"post","link":"https:\/\/pasahoy.com.ar\/ph\/la-camara-de-casacion-anulo-el-procesamiento-de-alberto-fernandez-en-la-causa-seguros\/","title":{"rendered":"La C\u00e1mara de Casaci\u00f3n anul\u00f3 el procesamiento de Alberto Fern\u00e1ndez en la causa Seguros"},"content":{"rendered":"\n<p>Con un fallo dividido, la Sala IV hizo lugar al planteo de la defensa del ex presidente y orden\u00f3 que la C\u00e1mara Federal dicte un nuevo pronunciamiento. La discusi\u00f3n gira en torno a presuntas irregularidades en contratos con Naci\u00f3n Seguros.<\/p>\n\n\n\n<p><br>La C\u00e1mara Federal de Casaci\u00f3n Penal anul\u00f3 este mi\u00e9rcoles el procesamiento de&nbsp;<a href=\"https:\/\/www.perfil.com\/noticias\/universidades\/alberto-fernadez-en-la-fiesta-de-olivos-debi-haber-dicho-paren-esto-de-inmediato.phtml\"><strong>Alberto Fern\u00e1ndez<\/strong><\/a>&nbsp;en la causa conocida como Seguros, donde se investigan presuntas irregularidades en contratos entre organismos p\u00fablicos y Naci\u00f3n Seguros durante su gesti\u00f3n presidencial.<\/p>\n\n\n\n<p>La decisi\u00f3n fue tomada por la Sala IV del m\u00e1ximo tribunal penal con los votos de los jueces&nbsp;<strong>Mariano Borinsky<\/strong>&nbsp;y&nbsp;<strong>Javier Carbajo<\/strong>, mientras que&nbsp;<strong>Gustavo Hornos<\/strong>&nbsp;vot\u00f3 en disidencia.<\/p>\n\n\n\n<p>De esta manera, se dej\u00f3 sin efecto la confirmaci\u00f3n del procesamiento por corrupci\u00f3n que hab\u00eda dictado la C\u00e1mara Federal y se orden\u00f3 que ese tribunal emita un nuevo fallo.<\/p>\n\n\n\n<h2 class=\"wp-block-heading\">De qu\u00e9 se acusa al ex presidente Alberto Fern\u00e1ndez<\/h2>\n\n\n\n<p>Fern\u00e1ndez est\u00e1 imputado por el delito de&nbsp;<strong>negociaciones incompatibles con la funci\u00f3n p\u00fablica<\/strong>, dentro de una investigaci\u00f3n que analiza un presunto esquema de direccionamiento de contratos de seguros estatales.<\/p>\n\n\n\n<p>La causa apunta a un decreto firmado durante su mandato, la intervenci\u00f3n de brokers privados, comisiones millonarias y una presunta estructura que habr\u00eda beneficiado a determinados intermediarios vinculados al poder.<\/p>\n\n\n\n<p>Seg\u00fan consta en la acusaci\u00f3n judicial, el monto total de las comisiones pagadas a intermediarios en contratos entre organismos p\u00fablicos y Naci\u00f3n Seguros alcanz\u00f3 los&nbsp;<strong>3.364 millones de pesos<\/strong>. Uno de los principales se\u00f1alados es&nbsp;<strong>H\u00e9ctor Mart\u00ednez Sosa<\/strong>, broker y amigo personal del ex mandatario, quien habr\u00eda concentrado el&nbsp;<strong>59,6% de las comisiones<\/strong>&nbsp;pagadas.<\/p>\n\n\n\n<p>Adem\u00e1s, el expediente incluye 45 contratos, 25 intermediarios y el an\u00e1lisis de una cooperativa que habr\u00eda funcionado como financiera dentro del esquema investigado<\/p>\n\n\n\n<h2 class=\"wp-block-heading\">Por qu\u00e9 Casaci\u00f3n revis\u00f3 el procesamiento<\/h2>\n\n\n\n<p>La defensa de Alberto Fern\u00e1ndez hab\u00eda presentado un recurso para pedir la nulidad de las acusaciones, argumentando que se hab\u00eda vulnerado su derecho de defensa y el debido proceso. Entre los planteos, se\u00f1al\u00f3 que no se escuch\u00f3 a dos testigos propuestos por la defensa: la ex secretaria Legal y T\u00e9cnica&nbsp;<strong>Vilma Ibarra<\/strong>&nbsp;y el ex canciller&nbsp;<strong>Santiago Cafiero<\/strong>.<\/p>\n\n\n\n<p>El fiscal de C\u00e1mara, Jos\u00e9 Luis Aguero Iturbe, tambi\u00e9n hab\u00eda considerado que correspond\u00eda revisar esa situaci\u00f3n antes de confirmar el procesamiento.<\/p>\n\n\n\n<p>Para Borinsky y Carbajo, la C\u00e1mara Federal resolvi\u00f3 \u201cen exceso\u201d de lo pedido por la acusaci\u00f3n, ya que tanto la defensa como el Ministerio P\u00fablico Fiscal hab\u00edan solicitado revocar el procesamiento y dictar la falta de m\u00e9rito.<\/p>\n\n\n\n<p>Borinsky sostuvo que esa decisi\u00f3n afect\u00f3 \u201cel principio acusatorio, el contradictorio y el debido proceso\u201d, por lo que correspond\u00eda anular la resoluci\u00f3n anterior.<\/p>\n\n\n\n<figure class=\"wp-block-gallery has-nested-images columns-default is-cropped wp-block-gallery-1 is-layout-flex wp-block-gallery-is-layout-flex\">\n<figure class=\"wp-block-image size-large\"><img loading=\"lazy\" decoding=\"async\" width=\"964\" height=\"544\" data-id=\"9152\" src=\"https:\/\/pasahoy.com.ar\/ph\/wp-content\/uploads\/2026\/04\/1001331785.png\" alt=\"\" class=\"wp-image-9152\" srcset=\"https:\/\/pasahoy.com.ar\/ph\/wp-content\/uploads\/2026\/04\/1001331785.png 964w, https:\/\/pasahoy.com.ar\/ph\/wp-content\/uploads\/2026\/04\/1001331785-300x169.png 300w, https:\/\/pasahoy.com.ar\/ph\/wp-content\/uploads\/2026\/04\/1001331785-768x433.png 768w\" sizes=\"auto, (max-width: 964px) 100vw, 964px\" \/><\/figure>\n<\/figure>\n","protected":false},"excerpt":{"rendered":"<p>Con un fallo dividido, la Sala IV hizo lugar al planteo de la defensa del ex presidente y orden\u00f3 que la C\u00e1mara Federal dicte un nuevo pronunciamiento. La discusi\u00f3n gira en torno a presuntas irregularidades en contratos con Naci\u00f3n Seguros. La C\u00e1mara Federal de Casaci\u00f3n Penal anul\u00f3 este mi\u00e9rcoles el procesamiento de&nbsp;Alberto Fern\u00e1ndez&nbsp;en la causa [&hellip;]<\/p>\n","protected":false},"author":3,"featured_media":9152,"comment_status":"open","ping_status":"open","sticky":false,"template":"","format":"standard","meta":{"_jetpack_memberships_contains_paid_content":false,"footnotes":""},"categories":[2],"tags":[],"class_list":["post-9151","post","type-post","status-publish","format-standard","has-post-thumbnail","hentry","category-nacional"],"jetpack_featured_media_url":"https:\/\/pasahoy.com.ar\/ph\/wp-content\/uploads\/2026\/04\/1001331785.png","jetpack_sharing_enabled":true,"_links":{"self":[{"href":"https:\/\/pasahoy.com.ar\/ph\/wp-json\/wp\/v2\/posts\/9151","targetHints":{"allow":["GET"]}}],"collection":[{"href":"https:\/\/pasahoy.com.ar\/ph\/wp-json\/wp\/v2\/posts"}],"about":[{"href":"https:\/\/pasahoy.com.ar\/ph\/wp-json\/wp\/v2\/types\/post"}],"author":[{"embeddable":true,"href":"https:\/\/pasahoy.com.ar\/ph\/wp-json\/wp\/v2\/users\/3"}],"replies":[{"embeddable":true,"href":"https:\/\/pasahoy.com.ar\/ph\/wp-json\/wp\/v2\/comments?post=9151"}],"version-history":[{"count":1,"href":"https:\/\/pasahoy.com.ar\/ph\/wp-json\/wp\/v2\/posts\/9151\/revisions"}],"predecessor-version":[{"id":9153,"href":"https:\/\/pasahoy.com.ar\/ph\/wp-json\/wp\/v2\/posts\/9151\/revisions\/9153"}],"wp:featuredmedia":[{"embeddable":true,"href":"https:\/\/pasahoy.com.ar\/ph\/wp-json\/wp\/v2\/media\/9152"}],"wp:attachment":[{"href":"https:\/\/pasahoy.com.ar\/ph\/wp-json\/wp\/v2\/media?parent=9151"}],"wp:term":[{"taxonomy":"category","embeddable":true,"href":"https:\/\/pasahoy.com.ar\/ph\/wp-json\/wp\/v2\/categories?post=9151"},{"taxonomy":"post_tag","embeddable":true,"href":"https:\/\/pasahoy.com.ar\/ph\/wp-json\/wp\/v2\/tags?post=9151"}],"curies":[{"name":"wp","href":"https:\/\/api.w.org\/{rel}","templated":true}]}}