{"id":9148,"date":"2026-04-30T00:22:48","date_gmt":"2026-04-30T00:22:48","guid":{"rendered":"https:\/\/pasahoy.com.ar\/ph\/?p=9148"},"modified":"2026-04-30T00:22:48","modified_gmt":"2026-04-30T00:22:48","slug":"walter-gomez-consolidamos-un-modelo-de-cooperacion-que-garantiza-tecnologia-y-desarrollo-para-nuestros-recursos","status":"publish","type":"post","link":"https:\/\/pasahoy.com.ar\/ph\/walter-gomez-consolidamos-un-modelo-de-cooperacion-que-garantiza-tecnologia-y-desarrollo-para-nuestros-recursos\/","title":{"rendered":"Walter G\u00f3mez: \u201cConsolidamos un modelo de cooperaci\u00f3n que garantiza tecnolog\u00eda y desarrollo para nuestros recursos\u201d"},"content":{"rendered":"\n<p><br>\u200b<br>El presidente de Energ\u00eda y Minerales Sociedad del Estado (EMSE), Walter G\u00f3mez, brind\u00f3 detalles sobre el alcance del nuevo Convenio Marco de Cooperaci\u00f3n firmado con la empresa internacional Hainan Trailblazer. El directivo destac\u00f3 que este acuerdo estrat\u00e9gico es el resultado concreto de las gestiones iniciadas en la misi\u00f3n oficial a China en 2025 y representa un paso fundamental para fortalecer la pol\u00edtica minera impulsada por el Gobierno de la Provincia, posicionando a La Rioja como un polo de inversi\u00f3n tecnol\u00f3gica de vanguardia.<br>\u200bEn ese sentido, G\u00f3mez indic\u00f3 que la alianza permite la llegada de asistencia financiera y capacidad t\u00e9cnica de nivel global, herramientas que calific\u00f3 como indispensables para realizar un relevamiento preciso del potencial geol\u00f3gico local sin comprometer recursos del Estado. El funcionario explic\u00f3 que el despliegue de tecnolog\u00eda de punta por parte de la firma internacional asegura que las tareas de prospecci\u00f3n y exploraci\u00f3n se realicen bajo los m\u00e1s altos est\u00e1ndares internacionales, optimizando la identificaci\u00f3n de recursos estrat\u00e9gicos en el territorio riojano.<br>\u200bAsimismo, el titular de EMSE remarc\u00f3 que el convenio garantiza que el desarrollo minero sea liderado por la provincia, ya que es la empresa p\u00fablica quien propone las \u00e1reas de inter\u00e9s y supervisa los planes de trabajo espec\u00edficos. G\u00f3mez subray\u00f3 que esta articulaci\u00f3n p\u00fablico-privada est\u00e1 dise\u00f1ada bajo un modelo de miner\u00eda sostenible que prioriza el impacto social directo, fomentando la creaci\u00f3n de empleo genuino para los riojanos y el fortalecimiento de la cadena de proveedores locales en todas las etapas del proceso.<br>\u200bFinalmente, Walter G\u00f3mez destac\u00f3 que la operatividad del acuerdo es inmediata y que los equipos t\u00e9cnicos seguir\u00e1n trabajando de manera conjunta durante el transcurso del mes en curso. \u00abLa empresa contin\u00faa trabajando activamente en la provincia en esta etapa de exploraci\u00f3n\u00bb, afirm\u00f3 el presidente de EMSE, asegurando que la continuidad de estas labores t\u00e9cnicas permitir\u00e1 formular los planes definitivos para potenciar el crecimiento econ\u00f3mico y el desarrollo productivo de la regi\u00f3n.<\/p>\n\n\n\n<figure class=\"wp-block-gallery has-nested-images columns-default is-cropped wp-block-gallery-1 is-layout-flex wp-block-gallery-is-layout-flex\">\n<figure class=\"wp-block-image size-large\"><img loading=\"lazy\" decoding=\"async\" width=\"1024\" height=\"576\" data-id=\"9149\" src=\"https:\/\/pasahoy.com.ar\/ph\/wp-content\/uploads\/2026\/04\/1001331780-1024x576.jpg\" alt=\"\" class=\"wp-image-9149\" srcset=\"https:\/\/pasahoy.com.ar\/ph\/wp-content\/uploads\/2026\/04\/1001331780-1024x576.jpg 1024w, https:\/\/pasahoy.com.ar\/ph\/wp-content\/uploads\/2026\/04\/1001331780-300x169.jpg 300w, https:\/\/pasahoy.com.ar\/ph\/wp-content\/uploads\/2026\/04\/1001331780-768x432.jpg 768w, https:\/\/pasahoy.com.ar\/ph\/wp-content\/uploads\/2026\/04\/1001331780-1536x864.jpg 1536w, https:\/\/pasahoy.com.ar\/ph\/wp-content\/uploads\/2026\/04\/1001331780.jpg 1600w\" sizes=\"auto, (max-width: 1024px) 100vw, 1024px\" \/><\/figure>\n<\/figure>\n","protected":false},"excerpt":{"rendered":"<p>\u200bEl presidente de Energ\u00eda y Minerales Sociedad del Estado (EMSE), Walter G\u00f3mez, brind\u00f3 detalles sobre el alcance del nuevo Convenio Marco de Cooperaci\u00f3n firmado con la empresa internacional Hainan Trailblazer. El directivo destac\u00f3 que este acuerdo estrat\u00e9gico es el resultado concreto de las gestiones iniciadas en la misi\u00f3n oficial a China en 2025 y representa [&hellip;]<\/p>\n","protected":false},"author":3,"featured_media":9149,"comment_status":"open","ping_status":"open","sticky":false,"template":"","format":"standard","meta":{"_jetpack_memberships_contains_paid_content":false,"footnotes":""},"categories":[1],"tags":[],"class_list":["post-9148","post","type-post","status-publish","format-standard","has-post-thumbnail","hentry","category-local"],"jetpack_featured_media_url":"https:\/\/pasahoy.com.ar\/ph\/wp-content\/uploads\/2026\/04\/1001331780.jpg","jetpack_sharing_enabled":true,"_links":{"self":[{"href":"https:\/\/pasahoy.com.ar\/ph\/wp-json\/wp\/v2\/posts\/9148","targetHints":{"allow":["GET"]}}],"collection":[{"href":"https:\/\/pasahoy.com.ar\/ph\/wp-json\/wp\/v2\/posts"}],"about":[{"href":"https:\/\/pasahoy.com.ar\/ph\/wp-json\/wp\/v2\/types\/post"}],"author":[{"embeddable":true,"href":"https:\/\/pasahoy.com.ar\/ph\/wp-json\/wp\/v2\/users\/3"}],"replies":[{"embeddable":true,"href":"https:\/\/pasahoy.com.ar\/ph\/wp-json\/wp\/v2\/comments?post=9148"}],"version-history":[{"count":1,"href":"https:\/\/pasahoy.com.ar\/ph\/wp-json\/wp\/v2\/posts\/9148\/revisions"}],"predecessor-version":[{"id":9150,"href":"https:\/\/pasahoy.com.ar\/ph\/wp-json\/wp\/v2\/posts\/9148\/revisions\/9150"}],"wp:featuredmedia":[{"embeddable":true,"href":"https:\/\/pasahoy.com.ar\/ph\/wp-json\/wp\/v2\/media\/9149"}],"wp:attachment":[{"href":"https:\/\/pasahoy.com.ar\/ph\/wp-json\/wp\/v2\/media?parent=9148"}],"wp:term":[{"taxonomy":"category","embeddable":true,"href":"https:\/\/pasahoy.com.ar\/ph\/wp-json\/wp\/v2\/categories?post=9148"},{"taxonomy":"post_tag","embeddable":true,"href":"https:\/\/pasahoy.com.ar\/ph\/wp-json\/wp\/v2\/tags?post=9148"}],"curies":[{"name":"wp","href":"https:\/\/api.w.org\/{rel}","templated":true}]}}