{"id":9142,"date":"2026-04-30T00:21:17","date_gmt":"2026-04-30T00:21:17","guid":{"rendered":"https:\/\/pasahoy.com.ar\/ph\/?p=9142"},"modified":"2026-04-30T00:21:17","modified_gmt":"2026-04-30T00:21:17","slug":"luz-santangelo-sobre-la-visita-a-medios-publicos-apostar-a-los-jovenes-es-tambien-confiar-en-lo-que-tienen-para-decir-y-en-el-lugar-que-pueden-ocupar-en-nuestra-comunicacion","status":"publish","type":"post","link":"https:\/\/pasahoy.com.ar\/ph\/luz-santangelo-sobre-la-visita-a-medios-publicos-apostar-a-los-jovenes-es-tambien-confiar-en-lo-que-tienen-para-decir-y-en-el-lugar-que-pueden-ocupar-en-nuestra-comunicacion\/","title":{"rendered":"Luz Santangelo sobre la visita a medios p\u00fablicos: \u00abApostar a los j\u00f3venes es tambi\u00e9n confiar en lo que tienen para decir y en el lugar que pueden ocupar en nuestra comunicaci\u00f3n\u00bb"},"content":{"rendered":"\n<p>Estudiantes de primer a\u00f1o de la Licenciatura en Comunicaci\u00f3n Social recorrieron los medios p\u00fablicos La Torre y Canal 9, en una iniciativa impulsada por el Centro de Estudiantes <em>\u201cLa Rosende\u201d<\/em> , que busc\u00f3 acercarlos a la experiencia concreta del trabajo en comunicaci\u00f3n.<\/p>\n\n\n\n<figure class=\"wp-block-gallery has-nested-images columns-default is-cropped wp-block-gallery-1 is-layout-flex wp-block-gallery-is-layout-flex\">\n<figure class=\"wp-block-image size-large\"><img loading=\"lazy\" decoding=\"async\" width=\"1024\" height=\"684\" data-id=\"9143\" src=\"https:\/\/pasahoy.com.ar\/ph\/wp-content\/uploads\/2026\/04\/1001331770-1024x684.jpg\" alt=\"\" class=\"wp-image-9143\" srcset=\"https:\/\/pasahoy.com.ar\/ph\/wp-content\/uploads\/2026\/04\/1001331770-1024x684.jpg 1024w, https:\/\/pasahoy.com.ar\/ph\/wp-content\/uploads\/2026\/04\/1001331770-300x200.jpg 300w, https:\/\/pasahoy.com.ar\/ph\/wp-content\/uploads\/2026\/04\/1001331770-768x513.jpg 768w, https:\/\/pasahoy.com.ar\/ph\/wp-content\/uploads\/2026\/04\/1001331770.jpg 1280w\" sizes=\"auto, (max-width: 1024px) 100vw, 1024px\" \/><\/figure>\n\n\n\n<figure class=\"wp-block-image size-large\"><img loading=\"lazy\" decoding=\"async\" width=\"1024\" height=\"684\" data-id=\"9145\" src=\"https:\/\/pasahoy.com.ar\/ph\/wp-content\/uploads\/2026\/04\/1001331771-1024x684.jpg\" alt=\"\" class=\"wp-image-9145\" srcset=\"https:\/\/pasahoy.com.ar\/ph\/wp-content\/uploads\/2026\/04\/1001331771-1024x684.jpg 1024w, https:\/\/pasahoy.com.ar\/ph\/wp-content\/uploads\/2026\/04\/1001331771-300x200.jpg 300w, https:\/\/pasahoy.com.ar\/ph\/wp-content\/uploads\/2026\/04\/1001331771-768x513.jpg 768w, https:\/\/pasahoy.com.ar\/ph\/wp-content\/uploads\/2026\/04\/1001331771.jpg 1280w\" sizes=\"auto, (max-width: 1024px) 100vw, 1024px\" \/><\/figure>\n\n\n\n<figure class=\"wp-block-image size-large\"><img loading=\"lazy\" decoding=\"async\" width=\"1024\" height=\"684\" data-id=\"9144\" src=\"https:\/\/pasahoy.com.ar\/ph\/wp-content\/uploads\/2026\/04\/1001331772-1024x684.jpg\" alt=\"\" class=\"wp-image-9144\" srcset=\"https:\/\/pasahoy.com.ar\/ph\/wp-content\/uploads\/2026\/04\/1001331772-1024x684.jpg 1024w, https:\/\/pasahoy.com.ar\/ph\/wp-content\/uploads\/2026\/04\/1001331772-300x200.jpg 300w, https:\/\/pasahoy.com.ar\/ph\/wp-content\/uploads\/2026\/04\/1001331772-768x513.jpg 768w, https:\/\/pasahoy.com.ar\/ph\/wp-content\/uploads\/2026\/04\/1001331772.jpg 1280w\" sizes=\"auto, (max-width: 1024px) 100vw, 1024px\" \/><\/figure>\n<\/figure>\n\n\n\n<p>La jornada estuvo marcada por el contacto directo con el oficio: los y las estudiantes conocieron estudios de radio y televisi\u00f3n, conversaron con equipos de trabajo y se interiorizaron sobre las din\u00e1micas reales de producci\u00f3n. Incluso, tuvieron la oportunidad de salir al aire en la radio, participando en vivo, y de interactuar en los estudios de Canal 9, donde pudieron ver de cerca c\u00f3mo se construye una transmisi\u00f3n televisiva.<\/p>\n\n\n\n<p>La secretaria de Comunicaci\u00f3n y Planificaci\u00f3n P\u00fablica, Luz Santangelo Carrizo, puso en valor este tipo de experiencias como parte de una mirada que entiende la formaci\u00f3n de manera integral: \u201cLa formaci\u00f3n no puede quedarse solo en el aula. Necesita de estos encuentros con la realidad, donde los chicos y chicas puedan animarse, participar y empezar a construir su propio recorrido\u201d.<\/p>\n\n\n\n<p>En esa l\u00ednea, destac\u00f3 el rol de los medios p\u00fablicos como espacios que abren puertas a las nuevas generaciones: \u201cLos medios p\u00fablicos tienen esa capacidad de ser cercanos, de generar oportunidades y de acompa\u00f1ar a quienes est\u00e1n dando sus primeros pasos. No son espacios lejanos, son lugares donde los j\u00f3venes pueden encontrar su voz\u201d.<\/p>\n\n\n\n<p>Adem\u00e1s, remarc\u00f3 la importancia de sostener y visibilizar experiencias que ya vienen dando lugar a la participaci\u00f3n estudiantil: \u201cHoy existen propuestas como \u2018Qu\u00e9 Tupe\u2019, un programa conducido por estudiantes, que muestran que hay caminos posibles dentro de los medios y que vale la pena transitarlos, saliendo un poco de la burbuja netamente acad\u00e9mica\u201d.<\/p>\n\n\n\n<p>Finalmente, la Santangelo dej\u00f3 un mensaje dirigido a la comunidad universitaria: \u201cQueremos que sepan que hay espacios reales para formarse, para aprender haciendo y para crecer. Apostar a los j\u00f3venes es tambi\u00e9n confiar en lo que tienen para decir y en el lugar que pueden ocupar en nuestra comunicaci\u00f3n\u201d.<\/p>\n\n\n\n<p>La actividad refuerza la articulaci\u00f3n entre estudiantes y medios, consolidando espacios de pr\u00e1ctica que permiten a las juventudes dar sus primeros pasos en el campo profesional desde una experiencia cercana, concreta y significativa.<\/p>\n","protected":false},"excerpt":{"rendered":"<p>Estudiantes de primer a\u00f1o de la Licenciatura en Comunicaci\u00f3n Social recorrieron los medios p\u00fablicos La Torre y Canal 9, en una iniciativa impulsada por el Centro de Estudiantes \u201cLa Rosende\u201d , que busc\u00f3 acercarlos a la experiencia concreta del trabajo en comunicaci\u00f3n. La jornada estuvo marcada por el contacto directo con el oficio: los y [&hellip;]<\/p>\n","protected":false},"author":3,"featured_media":9143,"comment_status":"open","ping_status":"open","sticky":false,"template":"","format":"standard","meta":{"_jetpack_memberships_contains_paid_content":false,"footnotes":""},"categories":[1],"tags":[],"class_list":["post-9142","post","type-post","status-publish","format-standard","has-post-thumbnail","hentry","category-local"],"jetpack_featured_media_url":"https:\/\/pasahoy.com.ar\/ph\/wp-content\/uploads\/2026\/04\/1001331770.jpg","jetpack_sharing_enabled":true,"_links":{"self":[{"href":"https:\/\/pasahoy.com.ar\/ph\/wp-json\/wp\/v2\/posts\/9142","targetHints":{"allow":["GET"]}}],"collection":[{"href":"https:\/\/pasahoy.com.ar\/ph\/wp-json\/wp\/v2\/posts"}],"about":[{"href":"https:\/\/pasahoy.com.ar\/ph\/wp-json\/wp\/v2\/types\/post"}],"author":[{"embeddable":true,"href":"https:\/\/pasahoy.com.ar\/ph\/wp-json\/wp\/v2\/users\/3"}],"replies":[{"embeddable":true,"href":"https:\/\/pasahoy.com.ar\/ph\/wp-json\/wp\/v2\/comments?post=9142"}],"version-history":[{"count":1,"href":"https:\/\/pasahoy.com.ar\/ph\/wp-json\/wp\/v2\/posts\/9142\/revisions"}],"predecessor-version":[{"id":9146,"href":"https:\/\/pasahoy.com.ar\/ph\/wp-json\/wp\/v2\/posts\/9142\/revisions\/9146"}],"wp:featuredmedia":[{"embeddable":true,"href":"https:\/\/pasahoy.com.ar\/ph\/wp-json\/wp\/v2\/media\/9143"}],"wp:attachment":[{"href":"https:\/\/pasahoy.com.ar\/ph\/wp-json\/wp\/v2\/media?parent=9142"}],"wp:term":[{"taxonomy":"category","embeddable":true,"href":"https:\/\/pasahoy.com.ar\/ph\/wp-json\/wp\/v2\/categories?post=9142"},{"taxonomy":"post_tag","embeddable":true,"href":"https:\/\/pasahoy.com.ar\/ph\/wp-json\/wp\/v2\/tags?post=9142"}],"curies":[{"name":"wp","href":"https:\/\/api.w.org\/{rel}","templated":true}]}}