{"id":7689,"date":"2026-01-02T18:27:36","date_gmt":"2026-01-02T18:27:36","guid":{"rendered":"https:\/\/pasahoy.com.ar\/ph\/?p=7689"},"modified":"2026-01-02T18:27:54","modified_gmt":"2026-01-02T18:27:54","slug":"el-tragico-incendio-en-suiza-sacude-al-futbol-un-jugador-fue-internado-y-al-menos-4-estan-desaparecidos","status":"publish","type":"post","link":"https:\/\/pasahoy.com.ar\/ph\/el-tragico-incendio-en-suiza-sacude-al-futbol-un-jugador-fue-internado-y-al-menos-4-estan-desaparecidos\/","title":{"rendered":"El tr\u00e1gico incendio en Suiza sacude al f\u00fatbol: un jugador fue internado y al menos 4 est\u00e1n desaparecidos"},"content":{"rendered":"\n<p>El hecho en Crans-Montana dej\u00f3 al menos 40 v\u00edctimas fatales y sacudi\u00f3 de lleno a la comunidad futbolera: Tahirys Dos Santos, promesa del Metz, lucha por su vida y hay preocupaci\u00f3n por juveniles del FC Lutry.<\/p>\n\n\n\n<p>El mundo del f\u00fatbol atraviesa horas de angustia tras el devastador incendio que arras\u00f3 el\u00a0<a href=\"https:\/\/tn.com.ar\/internacional\/2026\/01\/01\/el-dramatico-relato-de-un-familiar-del-exdueno-del-bar-que-se-incendio-en-suiza-en-ano-nuevo\/\" target=\"_blank\" rel=\"noreferrer noopener\">bar \u201cLe Constellation\u201d<\/a>\u00a0en\u00a0<strong>Crans-Montana<\/strong>, Suiza, durante la celebraci\u00f3n de A\u00f1o Nuevo. La tragedia dej\u00f3 al menos 40 muertos y decenas de heridos, entre ellos\u00a0<strong>Tahirys Dos Santos<\/strong>, defensor de 19 a\u00f1os del\u00a0<strong>Metz<\/strong>, quien pelea por su vida tras sufrir graves quemaduras en el 30% del cuerpo.<\/p>\n\n\n\n<p>El joven futbolista franc\u00e9s, que recientemente debut\u00f3 con el primer equipo en la Copa de Francia, se encontraba en el primer piso del bar cuando se desat\u00f3 el fuego. Seg\u00fan relat\u00f3 su agente,&nbsp;<strong>Christophe Hutteau<\/strong>, Dos Santos fue evacuado de urgencia primero al hospital de Sion y luego trasladado en helic\u00f3ptero a una unidad de quemados en Stuttgart, Alemania.<\/p>\n\n\n\n<p>\u201cEl principal punto positivo es que no fue conectado a un respirador, por lo que recuper\u00f3 parte de su capacidad pulmonar. Es demasiado pronto para hacer un diagn\u00f3stico\u201d, explic\u00f3 Hutteau.<\/p>\n\n\n\n<p>El club\u00a0<strong>Metz<\/strong>\u00a0de la Ligue 1 de Francia expres\u00f3 su conmoci\u00f3n y apoyo al joven: \u201cLa directiva, los jugadores, el cuerpo t\u00e9cnico y el personal del club est\u00e1n profundamente afectados y env\u00edan sus condolencias a Tahirys en estos momentos de sufrimiento\u201d. La familia del futbolista pudo hablar brevemente con \u00e9l por tel\u00e9fono antes de viajar a Alemania, mientras su novia tambi\u00e9n result\u00f3 herida y permanece hospitalizada.<\/p>\n\n\n\n<p>Es un chico de 19 a\u00f1os, en la flor de la vida, que acababa de debutar con el equipo profesional.&nbsp;<strong>Todo iba de maravilla<\/strong>&nbsp;y era una recompensa a su gran profesionalidad\u201d, lament\u00f3 su representante. Apenas recuper\u00f3 el conocimiento, Dos Santos pregunt\u00f3 por sus amigos. \u201c<strong>M\u00e1s all\u00e1 del sufrimiento f\u00edsico, hay un verdadero dolor psicol\u00f3gico. \u00c9l ha vivido la tragedia<\/strong>\u201d, agreg\u00f3 Hutteau.<\/p>\n\n\n\n<h2 class=\"wp-block-heading\"><strong>Preocupaci\u00f3n por los juveniles del FC Lutry: siguen desaparecidos<\/strong><\/h2>\n\n\n\n<p>El incendio tambi\u00e9n afect\u00f3 al&nbsp;<strong>FC Lutry<\/strong>, un club suizo de la regi\u00f3n de Vaud. Varios de sus jugadores juveniles, de entre 16 y 18 a\u00f1os, estaban en el bar al momento de la explosi\u00f3n. Seg\u00fan su presidente,&nbsp;<strong>St\u00e9phane Bise<\/strong>, algunos chicos siguen desaparecidos y la incertidumbre crece entre las familias y la comunidad.<\/p>\n\n\n\n<p>\u201cQue yo sepa, uno de ellos est\u00e1 recibiendo tratamiento en un hospital. Pero de tres o cuatro a\u00fan no se sabe nada\u201d, cont\u00f3 Bise. En redes sociales, familiares y amigos comparten fotos y mensajes desesperados buscando informaci\u00f3n sobre los chicos. \u201cNo sabemos si est\u00e1 vivo ni d\u00f3nde se encuentra. Si tienen informaci\u00f3n sobre en qu\u00e9 hospital se encuentra, por favor, cont\u00e1ctenme\u201d, escribi\u00f3 una madre en Facebook.<\/p>\n\n\n\n<figure class=\"wp-block-gallery has-nested-images columns-default is-cropped wp-block-gallery-1 is-layout-flex wp-block-gallery-is-layout-flex\">\n<figure class=\"wp-block-image size-large\"><img loading=\"lazy\" decoding=\"async\" width=\"955\" height=\"541\" data-id=\"7690\" src=\"https:\/\/pasahoy.com.ar\/ph\/wp-content\/uploads\/2026\/01\/1001033898.png\" alt=\"\" class=\"wp-image-7690\" srcset=\"https:\/\/pasahoy.com.ar\/ph\/wp-content\/uploads\/2026\/01\/1001033898.png 955w, https:\/\/pasahoy.com.ar\/ph\/wp-content\/uploads\/2026\/01\/1001033898-300x170.png 300w, https:\/\/pasahoy.com.ar\/ph\/wp-content\/uploads\/2026\/01\/1001033898-768x435.png 768w\" sizes=\"auto, (max-width: 955px) 100vw, 955px\" \/><\/figure>\n<\/figure>\n","protected":false},"excerpt":{"rendered":"<p>El hecho en Crans-Montana dej\u00f3 al menos 40 v\u00edctimas fatales y sacudi\u00f3 de lleno a la comunidad futbolera: Tahirys Dos Santos, promesa del Metz, lucha por su vida y hay preocupaci\u00f3n por juveniles del FC Lutry. El mundo del f\u00fatbol atraviesa horas de angustia tras el devastador incendio que arras\u00f3 el\u00a0bar \u201cLe Constellation\u201d\u00a0en\u00a0Crans-Montana, Suiza, durante [&hellip;]<\/p>\n","protected":false},"author":3,"featured_media":7690,"comment_status":"open","ping_status":"open","sticky":false,"template":"","format":"standard","meta":{"_jetpack_memberships_contains_paid_content":false,"footnotes":""},"categories":[3],"tags":[],"class_list":["post-7689","post","type-post","status-publish","format-standard","has-post-thumbnail","hentry","category-internacional"],"jetpack_featured_media_url":"https:\/\/pasahoy.com.ar\/ph\/wp-content\/uploads\/2026\/01\/1001033898.png","jetpack_sharing_enabled":true,"_links":{"self":[{"href":"https:\/\/pasahoy.com.ar\/ph\/wp-json\/wp\/v2\/posts\/7689","targetHints":{"allow":["GET"]}}],"collection":[{"href":"https:\/\/pasahoy.com.ar\/ph\/wp-json\/wp\/v2\/posts"}],"about":[{"href":"https:\/\/pasahoy.com.ar\/ph\/wp-json\/wp\/v2\/types\/post"}],"author":[{"embeddable":true,"href":"https:\/\/pasahoy.com.ar\/ph\/wp-json\/wp\/v2\/users\/3"}],"replies":[{"embeddable":true,"href":"https:\/\/pasahoy.com.ar\/ph\/wp-json\/wp\/v2\/comments?post=7689"}],"version-history":[{"count":1,"href":"https:\/\/pasahoy.com.ar\/ph\/wp-json\/wp\/v2\/posts\/7689\/revisions"}],"predecessor-version":[{"id":7691,"href":"https:\/\/pasahoy.com.ar\/ph\/wp-json\/wp\/v2\/posts\/7689\/revisions\/7691"}],"wp:featuredmedia":[{"embeddable":true,"href":"https:\/\/pasahoy.com.ar\/ph\/wp-json\/wp\/v2\/media\/7690"}],"wp:attachment":[{"href":"https:\/\/pasahoy.com.ar\/ph\/wp-json\/wp\/v2\/media?parent=7689"}],"wp:term":[{"taxonomy":"category","embeddable":true,"href":"https:\/\/pasahoy.com.ar\/ph\/wp-json\/wp\/v2\/categories?post=7689"},{"taxonomy":"post_tag","embeddable":true,"href":"https:\/\/pasahoy.com.ar\/ph\/wp-json\/wp\/v2\/tags?post=7689"}],"curies":[{"name":"wp","href":"https:\/\/api.w.org\/{rel}","templated":true}]}}