{"id":7683,"date":"2026-01-02T18:22:08","date_gmt":"2026-01-02T18:22:08","guid":{"rendered":"https:\/\/pasahoy.com.ar\/ph\/?p=7683"},"modified":"2026-01-02T18:22:26","modified_gmt":"2026-01-02T18:22:26","slug":"fallecio-el-motociclista-accidentado-en-tama","status":"publish","type":"post","link":"https:\/\/pasahoy.com.ar\/ph\/fallecio-el-motociclista-accidentado-en-tama\/","title":{"rendered":"FALLECI\u00d3 EL MOTOCICLISTA ACCIDENTADO EN TAMA"},"content":{"rendered":"\n<p> Tras permanecer un mes internado, se confirm\u00f3 el fallecimiento de Julio C\u00e9sar Ceballos, el joven motociclista que hab\u00eda resultado gravemente herido en un siniestro vial ocurrido el pasado 7 de diciembre de 2025 sobre Ruta Provincial N\u00b0 30, a pocos metros del ingreso a Tama.<\/p>\n\n\n\n<p>Aquella noche, alrededor de las 21:40, Ceballos a bordo de una motocicleta Yamaha Crypton negra colision\u00f3 con una peatona identificada como Graciela Dalinda S\u00e1nchez, de 44 a\u00f1os, quien tambi\u00e9n result\u00f3 lesionada. Ambos fueron asistidos y trasladados al hospital local, pero debido a la gravedad del conductor, fue derivado primero a Chamical y luego al Hospital Vera Barros en la Capital.<\/p>\n\n\n\n<p> Lamentablemente, pese a la atenci\u00f3n recibida, el joven no logr\u00f3 recuperarse y falleci\u00f3 producto de las lesiones sufridas. La causa, que en un principio fue caratulada como accidente con lesiones, pas\u00f3 a siniestro vial con resultado fatal y contin\u00faa bajo investigaci\u00f3n judicial para esclarecer responsabilidades.<br>.<br>.<br>.<\/p>\n\n\n\n<figure class=\"wp-block-gallery has-nested-images columns-default is-cropped wp-block-gallery-1 is-layout-flex wp-block-gallery-is-layout-flex\">\n<figure class=\"wp-block-image size-large\"><img loading=\"lazy\" decoding=\"async\" width=\"1024\" height=\"630\" data-id=\"7684\" src=\"https:\/\/pasahoy.com.ar\/ph\/wp-content\/uploads\/2026\/01\/1001033896-1024x630.png\" alt=\"\" class=\"wp-image-7684\" srcset=\"https:\/\/pasahoy.com.ar\/ph\/wp-content\/uploads\/2026\/01\/1001033896-1024x630.png 1024w, https:\/\/pasahoy.com.ar\/ph\/wp-content\/uploads\/2026\/01\/1001033896-300x185.png 300w, https:\/\/pasahoy.com.ar\/ph\/wp-content\/uploads\/2026\/01\/1001033896-768x473.png 768w, https:\/\/pasahoy.com.ar\/ph\/wp-content\/uploads\/2026\/01\/1001033896.png 1048w\" sizes=\"auto, (max-width: 1024px) 100vw, 1024px\" \/><\/figure>\n<\/figure>\n","protected":false},"excerpt":{"rendered":"<p>Tras permanecer un mes internado, se confirm\u00f3 el fallecimiento de Julio C\u00e9sar Ceballos, el joven motociclista que hab\u00eda resultado gravemente herido en un siniestro vial ocurrido el pasado 7 de diciembre de 2025 sobre Ruta Provincial N\u00b0 30, a pocos metros del ingreso a Tama. Aquella noche, alrededor de las 21:40, Ceballos a bordo de [&hellip;]<\/p>\n","protected":false},"author":3,"featured_media":7684,"comment_status":"open","ping_status":"open","sticky":false,"template":"","format":"standard","meta":{"_jetpack_memberships_contains_paid_content":false,"footnotes":""},"categories":[9],"tags":[],"class_list":["post-7683","post","type-post","status-publish","format-standard","has-post-thumbnail","hentry","category-policial"],"jetpack_featured_media_url":"https:\/\/pasahoy.com.ar\/ph\/wp-content\/uploads\/2026\/01\/1001033896.png","jetpack_sharing_enabled":true,"_links":{"self":[{"href":"https:\/\/pasahoy.com.ar\/ph\/wp-json\/wp\/v2\/posts\/7683","targetHints":{"allow":["GET"]}}],"collection":[{"href":"https:\/\/pasahoy.com.ar\/ph\/wp-json\/wp\/v2\/posts"}],"about":[{"href":"https:\/\/pasahoy.com.ar\/ph\/wp-json\/wp\/v2\/types\/post"}],"author":[{"embeddable":true,"href":"https:\/\/pasahoy.com.ar\/ph\/wp-json\/wp\/v2\/users\/3"}],"replies":[{"embeddable":true,"href":"https:\/\/pasahoy.com.ar\/ph\/wp-json\/wp\/v2\/comments?post=7683"}],"version-history":[{"count":1,"href":"https:\/\/pasahoy.com.ar\/ph\/wp-json\/wp\/v2\/posts\/7683\/revisions"}],"predecessor-version":[{"id":7685,"href":"https:\/\/pasahoy.com.ar\/ph\/wp-json\/wp\/v2\/posts\/7683\/revisions\/7685"}],"wp:featuredmedia":[{"embeddable":true,"href":"https:\/\/pasahoy.com.ar\/ph\/wp-json\/wp\/v2\/media\/7684"}],"wp:attachment":[{"href":"https:\/\/pasahoy.com.ar\/ph\/wp-json\/wp\/v2\/media?parent=7683"}],"wp:term":[{"taxonomy":"category","embeddable":true,"href":"https:\/\/pasahoy.com.ar\/ph\/wp-json\/wp\/v2\/categories?post=7683"},{"taxonomy":"post_tag","embeddable":true,"href":"https:\/\/pasahoy.com.ar\/ph\/wp-json\/wp\/v2\/tags?post=7683"}],"curies":[{"name":"wp","href":"https:\/\/api.w.org\/{rel}","templated":true}]}}