{"id":7680,"date":"2026-01-02T18:19:34","date_gmt":"2026-01-02T18:19:34","guid":{"rendered":"https:\/\/pasahoy.com.ar\/ph\/?p=7680"},"modified":"2026-01-02T18:19:54","modified_gmt":"2026-01-02T18:19:54","slug":"allanamientos-y-nuevas-detenciones-por-el-robo-en-el-barrio-nuevo-argentino","status":"publish","type":"post","link":"https:\/\/pasahoy.com.ar\/ph\/allanamientos-y-nuevas-detenciones-por-el-robo-en-el-barrio-nuevo-argentino\/","title":{"rendered":"ALLANAMIENTOS Y NUEVAS DETENCIONES POR EL ROBO EN EL BARRIO NUEVO ARGENTINO"},"content":{"rendered":"\n<p>La Polic\u00eda logr\u00f3 detener al tercer sospechoso de la banda que ingres\u00f3 armada a una vivienda mientras una mujer dorm\u00eda junto a su hija, en un violento hecho que gener\u00f3 conmoci\u00f3n e indignaci\u00f3n en La Rioja.<\/p>\n\n\n\n<p>El robo ocurri\u00f3 en una casa de calle Ciudad de Zapala, donde varios delincuentes irrumpieron durante la siesta, amenazaron a la familia con armas blancas y se dieron a la fuga en un autom\u00f3vil gris llev\u00e1ndose diversos elementos personales.<\/p>\n\n\n\n<p> Por orden judicial se realizaron m\u00e1s de diez allanamientos, se secuestr\u00f3 el veh\u00edculo utilizado y todos los sospechosos quedaron identificados, mientras contin\u00faan las detenciones para completar la desarticulaci\u00f3n de la banda.<\/p>\n\n\n\n<p> En paralelo, la Comisar\u00eda Segunda detuvo a otros dos sujetos en barrio Yacampis durante un patrullaje preventivo. Ambos presentaban caracter\u00edsticas coincidentes con los involucrados y quedaron a disposici\u00f3n de la Justicia mientras avanza la investigaci\u00f3n.<br>.<br>.<br>.<br><\/p>\n\n\n\n<figure class=\"wp-block-gallery has-nested-images columns-default is-cropped wp-block-gallery-1 is-layout-flex wp-block-gallery-is-layout-flex\">\n<figure class=\"wp-block-image size-large\"><img loading=\"lazy\" decoding=\"async\" width=\"128\" height=\"228\" data-id=\"7681\" src=\"https:\/\/pasahoy.com.ar\/ph\/wp-content\/uploads\/2026\/01\/1001032705.jpg\" alt=\"\" class=\"wp-image-7681\"\/><\/figure>\n<\/figure>\n","protected":false},"excerpt":{"rendered":"<p>La Polic\u00eda logr\u00f3 detener al tercer sospechoso de la banda que ingres\u00f3 armada a una vivienda mientras una mujer dorm\u00eda junto a su hija, en un violento hecho que gener\u00f3 conmoci\u00f3n e indignaci\u00f3n en La Rioja. El robo ocurri\u00f3 en una casa de calle Ciudad de Zapala, donde varios delincuentes irrumpieron durante la siesta, amenazaron [&hellip;]<\/p>\n","protected":false},"author":3,"featured_media":7681,"comment_status":"open","ping_status":"open","sticky":false,"template":"","format":"standard","meta":{"_jetpack_memberships_contains_paid_content":false,"footnotes":""},"categories":[9],"tags":[],"class_list":["post-7680","post","type-post","status-publish","format-standard","has-post-thumbnail","hentry","category-policial"],"jetpack_featured_media_url":"https:\/\/pasahoy.com.ar\/ph\/wp-content\/uploads\/2026\/01\/1001032705.jpg","jetpack_sharing_enabled":true,"_links":{"self":[{"href":"https:\/\/pasahoy.com.ar\/ph\/wp-json\/wp\/v2\/posts\/7680","targetHints":{"allow":["GET"]}}],"collection":[{"href":"https:\/\/pasahoy.com.ar\/ph\/wp-json\/wp\/v2\/posts"}],"about":[{"href":"https:\/\/pasahoy.com.ar\/ph\/wp-json\/wp\/v2\/types\/post"}],"author":[{"embeddable":true,"href":"https:\/\/pasahoy.com.ar\/ph\/wp-json\/wp\/v2\/users\/3"}],"replies":[{"embeddable":true,"href":"https:\/\/pasahoy.com.ar\/ph\/wp-json\/wp\/v2\/comments?post=7680"}],"version-history":[{"count":1,"href":"https:\/\/pasahoy.com.ar\/ph\/wp-json\/wp\/v2\/posts\/7680\/revisions"}],"predecessor-version":[{"id":7682,"href":"https:\/\/pasahoy.com.ar\/ph\/wp-json\/wp\/v2\/posts\/7680\/revisions\/7682"}],"wp:featuredmedia":[{"embeddable":true,"href":"https:\/\/pasahoy.com.ar\/ph\/wp-json\/wp\/v2\/media\/7681"}],"wp:attachment":[{"href":"https:\/\/pasahoy.com.ar\/ph\/wp-json\/wp\/v2\/media?parent=7680"}],"wp:term":[{"taxonomy":"category","embeddable":true,"href":"https:\/\/pasahoy.com.ar\/ph\/wp-json\/wp\/v2\/categories?post=7680"},{"taxonomy":"post_tag","embeddable":true,"href":"https:\/\/pasahoy.com.ar\/ph\/wp-json\/wp\/v2\/tags?post=7680"}],"curies":[{"name":"wp","href":"https:\/\/api.w.org\/{rel}","templated":true}]}}