{"id":7676,"date":"2026-01-02T18:15:58","date_gmt":"2026-01-02T18:15:58","guid":{"rendered":"https:\/\/pasahoy.com.ar\/ph\/?p=7676"},"modified":"2026-01-02T18:15:58","modified_gmt":"2026-01-02T18:15:58","slug":"nacio-el-primer-bebe-del-ano-en-la-rioja-en-el-hospital-de-la-madre-y-el-nino","status":"publish","type":"post","link":"https:\/\/pasahoy.com.ar\/ph\/nacio-el-primer-bebe-del-ano-en-la-rioja-en-el-hospital-de-la-madre-y-el-nino\/","title":{"rendered":"Naci\u00f3 el primer beb\u00e9 del a\u00f1o en La Rioja en el Hospital de la Madre y el Ni\u00f1o"},"content":{"rendered":"\n<p>El Hospital de la Madre y el Ni\u00f1o fue escenario del primer nacimiento del a\u00f1o en la provincia de La Rioja, un hecho cargado de emoci\u00f3n y esperanza que marc\u00f3 el inicio del nuevo a\u00f1o para la comunidad.<\/p>\n\n\n\n<p>El nacimiento se produjo a las 13:32 horas, cuando un beb\u00e9 de sexo masculino lleg\u00f3 al mundo en buen estado de salud. El reci\u00e9n nacido pes\u00f3 2,950 kilogramos y evolucion\u00f3 favorablemente, al igual que su madre.<\/p>\n\n\n\n<p>La mam\u00e1 es Fabiola Herrera, de 30 a\u00f1os, vecina del Barrio Argentino, quien curs\u00f3 su segunda gesta, ya que cuenta con un parto previo. Tanto la madre como el beb\u00e9 permanecen bajo control m\u00e9dico, con una evoluci\u00f3n positiva.<\/p>\n\n\n\n<p>La atenci\u00f3n del parto estuvo a cargo de un equipo interdisciplinario de profesionales, conformado por la m\u00e9dica residente Dra. Masjosthusmann, junto a los doctores Rossi, Nieto y Cortez. En el \u00e1rea de Obstetricia particip\u00f3 la Lic. Silvana D\u00edaz, mientras que en Neonatolog\u00eda intervino el Dr. Nicol\u00e1s Mart\u00ednez. El equipo de Enfermer\u00eda estuvo integrado por Sheila P\u00e9rez (Neonatolog\u00eda), Gisele Leguiza y T\u00e1mara Costa.<\/p>\n\n\n\n<p>Desde la instituci\u00f3n felicitaron a la familia en este momento tan especial y destacaron el compromiso, la vocaci\u00f3n y el profesionalismo del personal de salud, que acompa\u00f1a a las familias riojanas en cada nacimiento, reafirmando su rol fundamental en el cuidado de la vida desde el primer instante.<\/p>\n\n\n\n<figure class=\"wp-block-gallery has-nested-images columns-default is-cropped wp-block-gallery-1 is-layout-flex wp-block-gallery-is-layout-flex\">\n<figure class=\"wp-block-image size-large\"><img loading=\"lazy\" decoding=\"async\" width=\"819\" height=\"1024\" data-id=\"7678\" src=\"https:\/\/pasahoy.com.ar\/ph\/wp-content\/uploads\/2026\/01\/1001032721-819x1024.jpg\" alt=\"\" class=\"wp-image-7678\" srcset=\"https:\/\/pasahoy.com.ar\/ph\/wp-content\/uploads\/2026\/01\/1001032721-819x1024.jpg 819w, https:\/\/pasahoy.com.ar\/ph\/wp-content\/uploads\/2026\/01\/1001032721-240x300.jpg 240w, https:\/\/pasahoy.com.ar\/ph\/wp-content\/uploads\/2026\/01\/1001032721-768x960.jpg 768w, https:\/\/pasahoy.com.ar\/ph\/wp-content\/uploads\/2026\/01\/1001032721.jpg 1080w\" sizes=\"auto, (max-width: 819px) 100vw, 819px\" \/><\/figure>\n\n\n\n<figure class=\"wp-block-image size-large\"><img loading=\"lazy\" decoding=\"async\" width=\"1024\" height=\"768\" data-id=\"7677\" src=\"https:\/\/pasahoy.com.ar\/ph\/wp-content\/uploads\/2026\/01\/1001032720-1024x768.jpg\" alt=\"\" class=\"wp-image-7677\" srcset=\"https:\/\/pasahoy.com.ar\/ph\/wp-content\/uploads\/2026\/01\/1001032720-1024x768.jpg 1024w, https:\/\/pasahoy.com.ar\/ph\/wp-content\/uploads\/2026\/01\/1001032720-300x225.jpg 300w, https:\/\/pasahoy.com.ar\/ph\/wp-content\/uploads\/2026\/01\/1001032720-768x576.jpg 768w, https:\/\/pasahoy.com.ar\/ph\/wp-content\/uploads\/2026\/01\/1001032720.jpg 1080w\" sizes=\"auto, (max-width: 1024px) 100vw, 1024px\" \/><\/figure>\n<\/figure>\n","protected":false},"excerpt":{"rendered":"<p>El Hospital de la Madre y el Ni\u00f1o fue escenario del primer nacimiento del a\u00f1o en la provincia de La Rioja, un hecho cargado de emoci\u00f3n y esperanza que marc\u00f3 el inicio del nuevo a\u00f1o para la comunidad. El nacimiento se produjo a las 13:32 horas, cuando un beb\u00e9 de sexo masculino lleg\u00f3 al mundo [&hellip;]<\/p>\n","protected":false},"author":3,"featured_media":7678,"comment_status":"open","ping_status":"open","sticky":false,"template":"","format":"standard","meta":{"_jetpack_memberships_contains_paid_content":false,"footnotes":""},"categories":[1],"tags":[],"class_list":["post-7676","post","type-post","status-publish","format-standard","has-post-thumbnail","hentry","category-local"],"jetpack_featured_media_url":"https:\/\/pasahoy.com.ar\/ph\/wp-content\/uploads\/2026\/01\/1001032721.jpg","jetpack_sharing_enabled":true,"_links":{"self":[{"href":"https:\/\/pasahoy.com.ar\/ph\/wp-json\/wp\/v2\/posts\/7676","targetHints":{"allow":["GET"]}}],"collection":[{"href":"https:\/\/pasahoy.com.ar\/ph\/wp-json\/wp\/v2\/posts"}],"about":[{"href":"https:\/\/pasahoy.com.ar\/ph\/wp-json\/wp\/v2\/types\/post"}],"author":[{"embeddable":true,"href":"https:\/\/pasahoy.com.ar\/ph\/wp-json\/wp\/v2\/users\/3"}],"replies":[{"embeddable":true,"href":"https:\/\/pasahoy.com.ar\/ph\/wp-json\/wp\/v2\/comments?post=7676"}],"version-history":[{"count":1,"href":"https:\/\/pasahoy.com.ar\/ph\/wp-json\/wp\/v2\/posts\/7676\/revisions"}],"predecessor-version":[{"id":7679,"href":"https:\/\/pasahoy.com.ar\/ph\/wp-json\/wp\/v2\/posts\/7676\/revisions\/7679"}],"wp:featuredmedia":[{"embeddable":true,"href":"https:\/\/pasahoy.com.ar\/ph\/wp-json\/wp\/v2\/media\/7678"}],"wp:attachment":[{"href":"https:\/\/pasahoy.com.ar\/ph\/wp-json\/wp\/v2\/media?parent=7676"}],"wp:term":[{"taxonomy":"category","embeddable":true,"href":"https:\/\/pasahoy.com.ar\/ph\/wp-json\/wp\/v2\/categories?post=7676"},{"taxonomy":"post_tag","embeddable":true,"href":"https:\/\/pasahoy.com.ar\/ph\/wp-json\/wp\/v2\/tags?post=7676"}],"curies":[{"name":"wp","href":"https:\/\/api.w.org\/{rel}","templated":true}]}}