{"id":3490,"date":"2025-07-01T20:51:25","date_gmt":"2025-07-01T20:51:25","guid":{"rendered":"https:\/\/pasahoy.com.ar\/ph\/?p=3490"},"modified":"2025-07-01T20:51:25","modified_gmt":"2025-07-01T20:51:25","slug":"gabriela-pedrali-acompano-la-entrega-de-los-creditos-revoluciona-tu-emprendimiento-en-chilecito","status":"publish","type":"post","link":"https:\/\/pasahoy.com.ar\/ph\/gabriela-pedrali-acompano-la-entrega-de-los-creditos-revoluciona-tu-emprendimiento-en-chilecito\/","title":{"rendered":"Gabriela Pedrali acompa\u00f1\u00f3 la entrega de los cr\u00e9ditos \u201cRevoluciona tu Emprendimiento\u201d en Chilecito"},"content":{"rendered":"\n<p><em>Se otorgaron los primeros cinco cr\u00e9ditos a iniciativas locales vinculadas a la producci\u00f3n artesanal, la econom\u00eda circular y el turismo. La propuesta, impulsada por el Gobierno de La Rioja, busca fortalecer el desarrollo econ\u00f3mico regional con acompa\u00f1amiento t\u00e9cnico y financiero.<\/em><\/p>\n\n\n\n<figure class=\"wp-block-gallery has-nested-images columns-default is-cropped wp-block-gallery-1 is-layout-flex wp-block-gallery-is-layout-flex\">\n<figure class=\"wp-block-image size-large\"><img loading=\"lazy\" decoding=\"async\" width=\"1024\" height=\"682\" data-id=\"3492\" src=\"https:\/\/pasahoy.com.ar\/ph\/wp-content\/uploads\/2025\/07\/1000468035-1024x682.jpg\" alt=\"\" class=\"wp-image-3492\" srcset=\"https:\/\/pasahoy.com.ar\/ph\/wp-content\/uploads\/2025\/07\/1000468035-1024x682.jpg 1024w, https:\/\/pasahoy.com.ar\/ph\/wp-content\/uploads\/2025\/07\/1000468035-300x200.jpg 300w, https:\/\/pasahoy.com.ar\/ph\/wp-content\/uploads\/2025\/07\/1000468035-768x512.jpg 768w, https:\/\/pasahoy.com.ar\/ph\/wp-content\/uploads\/2025\/07\/1000468035-1536x1023.jpg 1536w, https:\/\/pasahoy.com.ar\/ph\/wp-content\/uploads\/2025\/07\/1000468035.jpg 1600w\" sizes=\"auto, (max-width: 1024px) 100vw, 1024px\" \/><\/figure>\n\n\n\n<figure class=\"wp-block-image size-large\"><img loading=\"lazy\" decoding=\"async\" width=\"1024\" height=\"682\" data-id=\"3491\" src=\"https:\/\/pasahoy.com.ar\/ph\/wp-content\/uploads\/2025\/07\/1000468037-1024x682.jpg\" alt=\"\" class=\"wp-image-3491\" srcset=\"https:\/\/pasahoy.com.ar\/ph\/wp-content\/uploads\/2025\/07\/1000468037-1024x682.jpg 1024w, https:\/\/pasahoy.com.ar\/ph\/wp-content\/uploads\/2025\/07\/1000468037-300x200.jpg 300w, https:\/\/pasahoy.com.ar\/ph\/wp-content\/uploads\/2025\/07\/1000468037-768x512.jpg 768w, https:\/\/pasahoy.com.ar\/ph\/wp-content\/uploads\/2025\/07\/1000468037-1536x1023.jpg 1536w, https:\/\/pasahoy.com.ar\/ph\/wp-content\/uploads\/2025\/07\/1000468037.jpg 1600w\" sizes=\"auto, (max-width: 1024px) 100vw, 1024px\" \/><\/figure>\n\n\n\n<figure class=\"wp-block-image size-large\"><img loading=\"lazy\" decoding=\"async\" width=\"1024\" height=\"682\" data-id=\"3493\" src=\"https:\/\/pasahoy.com.ar\/ph\/wp-content\/uploads\/2025\/07\/1000468039-1024x682.jpg\" alt=\"\" class=\"wp-image-3493\" srcset=\"https:\/\/pasahoy.com.ar\/ph\/wp-content\/uploads\/2025\/07\/1000468039-1024x682.jpg 1024w, https:\/\/pasahoy.com.ar\/ph\/wp-content\/uploads\/2025\/07\/1000468039-300x200.jpg 300w, https:\/\/pasahoy.com.ar\/ph\/wp-content\/uploads\/2025\/07\/1000468039-768x512.jpg 768w, https:\/\/pasahoy.com.ar\/ph\/wp-content\/uploads\/2025\/07\/1000468039-1536x1023.jpg 1536w, https:\/\/pasahoy.com.ar\/ph\/wp-content\/uploads\/2025\/07\/1000468039.jpg 1600w\" sizes=\"auto, (max-width: 1024px) 100vw, 1024px\" \/><\/figure>\n<\/figure>\n\n\n\n<p>En el marco de su agenda de trabajo en el Departamento Chilecito, la diputada nacional Gabriela Pedrali, junto al intendente Rodrigo Brizuela y Doria y la presidenta de FOGAPLAR, Laura Sabatini, encabez\u00f3 este lunes la presentaci\u00f3n del programa \u201cRevoluciona tu Emprendimiento\u201d y la entrega de los primeros cinco cr\u00e9ditos a emprendedoras y emprendedores locales seleccionados en esta etapa.<br>El acto se desarroll\u00f3 en el Concejo Deliberante con la presencia del viceintendente Marcos Dallaglio, los diputados provinciales Ra\u00fal Cabral y Sebasti\u00e1n Guti\u00e9rrez, funcionarios municipales, la ex intendenta Silvia Gait\u00e1n, emprendedores interesados y el equipo t\u00e9cnico del programa, que ofrece asistencia t\u00e9cnica y financiera impulsada por el Gobierno de La Rioja.<br>Durante la entrega, Pedrali destac\u00f3 que \u201ces un programa que ya dio muchos frutos; forma parte de la acci\u00f3n de este Gobierno, que es dar respuestas concretas\u201d, en tanto que agreg\u00f3 que \u201cRevolucion\u00e1 busca acompa\u00f1ar y hacer un seguimiento, conocer y reconocer los emprendimientos a los que se les da este beneficio. Junto a nuestro gobernador Ricardo Quintela, reconocemos en cada emprendedor a un trabajador de la econom\u00eda local que genera valor agregado y aporta al desarrollo de la regi\u00f3n\u201d.<\/p>\n\n\n\n<p><em>Acompa\u00f1amiento<\/em><br>Por su parte, el intendente Brizuela y Doria subray\u00f3 que \u201cestamos del lado en donde escuchamos a la gente, no miramos para otro lado ante las necesidades de los riojanos. Este programa busca conocer al pueblo y saber qu\u00e9 necesita para potenciar el desarrollo econ\u00f3mico y tur\u00edstico de nuestra localidad\u201d.<br>A su turno, Laura Sabatini valor\u00f3 la iniciativa en un contexto adverso y remarc\u00f3 que \u201cen este \u00faltimo tiempo, con malas noticias a nivel nacional, cierre de pymes y emprendimientos, es importante destacar que la Provincia acompa\u00f1a al sector emprendedor. Muchos de estos proyectos empezaron con recursos propios y hoy tienen m\u00e1s de un a\u00f1o de trayectoria\u201d. \u201cBuscamos dar ese empuj\u00f3n para que contin\u00faen creciendo\u201d, concluy\u00f3.<br>Los emprendimientos beneficiados fueron destacados por su creatividad, compromiso con el desarrollo local, el trabajo artesanal y el enfoque sustentable. Entre ellos figuran: \u201cElsa Tejidos\u201d, que ofrece prendas \u00fanicas hechas a mano, \u201cGredita Roja\u201d, especializada en cer\u00e1mica artesanal con arcilla local, \u201cCireca\u201d, una carpinter\u00eda familiar para animales que reutiliza materiales reciclados, y dos propuestas tur\u00edsticas: \u201cCasa Miranda\u201d y \u201cEl Arca del Sol\u201d.<\/p>\n","protected":false},"excerpt":{"rendered":"<p>Se otorgaron los primeros cinco cr\u00e9ditos a iniciativas locales vinculadas a la producci\u00f3n artesanal, la econom\u00eda circular y el turismo. La propuesta, impulsada por el Gobierno de La Rioja, busca fortalecer el desarrollo econ\u00f3mico regional con acompa\u00f1amiento t\u00e9cnico y financiero. En el marco de su agenda de trabajo en el Departamento Chilecito, la diputada nacional [&hellip;]<\/p>\n","protected":false},"author":3,"featured_media":3492,"comment_status":"open","ping_status":"open","sticky":false,"template":"","format":"standard","meta":{"_jetpack_memberships_contains_paid_content":false,"footnotes":""},"categories":[1],"tags":[],"class_list":["post-3490","post","type-post","status-publish","format-standard","has-post-thumbnail","hentry","category-local"],"jetpack_featured_media_url":"https:\/\/pasahoy.com.ar\/ph\/wp-content\/uploads\/2025\/07\/1000468035.jpg","jetpack_sharing_enabled":true,"_links":{"self":[{"href":"https:\/\/pasahoy.com.ar\/ph\/wp-json\/wp\/v2\/posts\/3490","targetHints":{"allow":["GET"]}}],"collection":[{"href":"https:\/\/pasahoy.com.ar\/ph\/wp-json\/wp\/v2\/posts"}],"about":[{"href":"https:\/\/pasahoy.com.ar\/ph\/wp-json\/wp\/v2\/types\/post"}],"author":[{"embeddable":true,"href":"https:\/\/pasahoy.com.ar\/ph\/wp-json\/wp\/v2\/users\/3"}],"replies":[{"embeddable":true,"href":"https:\/\/pasahoy.com.ar\/ph\/wp-json\/wp\/v2\/comments?post=3490"}],"version-history":[{"count":1,"href":"https:\/\/pasahoy.com.ar\/ph\/wp-json\/wp\/v2\/posts\/3490\/revisions"}],"predecessor-version":[{"id":3494,"href":"https:\/\/pasahoy.com.ar\/ph\/wp-json\/wp\/v2\/posts\/3490\/revisions\/3494"}],"wp:featuredmedia":[{"embeddable":true,"href":"https:\/\/pasahoy.com.ar\/ph\/wp-json\/wp\/v2\/media\/3492"}],"wp:attachment":[{"href":"https:\/\/pasahoy.com.ar\/ph\/wp-json\/wp\/v2\/media?parent=3490"}],"wp:term":[{"taxonomy":"category","embeddable":true,"href":"https:\/\/pasahoy.com.ar\/ph\/wp-json\/wp\/v2\/categories?post=3490"},{"taxonomy":"post_tag","embeddable":true,"href":"https:\/\/pasahoy.com.ar\/ph\/wp-json\/wp\/v2\/tags?post=3490"}],"curies":[{"name":"wp","href":"https:\/\/api.w.org\/{rel}","templated":true}]}}