{"id":3487,"date":"2025-07-01T20:50:26","date_gmt":"2025-07-01T20:50:26","guid":{"rendered":"https:\/\/pasahoy.com.ar\/ph\/?p=3487"},"modified":"2025-07-01T20:50:26","modified_gmt":"2025-07-01T20:50:26","slug":"alfredo-arana-el-gobierno-nacional-actua-de-forma-provocativa-y-busca-desguazar-el-estado","status":"publish","type":"post","link":"https:\/\/pasahoy.com.ar\/ph\/alfredo-arana-el-gobierno-nacional-actua-de-forma-provocativa-y-busca-desguazar-el-estado\/","title":{"rendered":"Alfredo Arana: \u00abEl gobierno nacional act\u00faa de forma provocativa y busca desguazar el Estado\u00bb"},"content":{"rendered":"\n<p>El secretario general de ATE en La Rioja cuestion\u00f3 con dureza al Gobierno Nacional por la derogaci\u00f3n del asueto del D\u00eda del Trabajador del Estado y alert\u00f3 sobre el proceso de reforma estatal en marcha. \u00abLo que est\u00e1 haciendo el gobierno es provocativo y perverso\u00bb, advirti\u00f3. <\/p>\n\n\n\n<p>Arana relat\u00f3 que la eliminaci\u00f3n del asueto, establecida por decreto, tom\u00f3 por sorpresa a los trabajadores mientras se desarrollaba el Congreso Nacional de ATE en Buenos Aires. \u201cFue una maniobra muy veloz. El decreto sali\u00f3 el d\u00eda anterior al 27 de junio y enseguida tuvimos que presentar un amparo judicial. Por suerte, la justicia fall\u00f3 a nuestro favor y se pudo revertir la medida ese mismo d\u00eda\u201d, explic\u00f3.<\/p>\n\n\n\n<p>El dirigente record\u00f3 que el D\u00eda del Trabajador del Estado fue instaurado en 2013 para conmemorar una fecha clave: el 27 de junio de 1978, cuando la Organizaci\u00f3n Internacional del Trabajo reconoci\u00f3 por primera vez a nivel global los derechos laborales de los empleados p\u00fablicos. \u201cHasta entonces, el trabajador estatal era considerado solo un prestador de servicios, sin posibilidad de sindicalizarse ni negociar paritarias\u201d, se\u00f1al\u00f3 Arana <\/p>\n\n\n\n<p>En ese sentido, consider\u00f3 que la derogaci\u00f3n del asueto fue \u201cuna muestra m\u00e1s del desprecio del gobierno por los derechos adquiridos\u201d.<\/p>\n\n\n\n<p>Adem\u00e1s, advirti\u00f3 sobre otras medidas que est\u00e1n generando preocupaci\u00f3n en el \u00e1mbito estatal. \u201cSeguimos en estado de alerta porque hay organismos que est\u00e1n en peligro de desaparici\u00f3n o de perder su autarqu\u00eda, como el INTA, el INTI, el Conicet y otros institutos cient\u00edficos. Esto va a continuar hasta el 8 de julio, que es cuando vencen las facultades delegadas que el Congreso le otorg\u00f3 al Ejecutivo para avanzar con la reforma del Estado\u201d, afirm\u00f3. <\/p>\n\n\n\n<p>Arana apunt\u00f3 directamente contra el rol del funcionario Federico Sturzenegger, a quien acus\u00f3 de \u201ctener la lapicera\u201d para modificar estructuras sin control parlamentario. \u201cA partir del 8 de julio, esperamos que ese poder excepcional se termine. Hasta entonces, vamos a mantenernos en alerta permanente\u201d, anticip\u00f3.<\/p>\n\n\n\n<p>Finalmente, se refiri\u00f3 a las recientes elecciones en Rosario y Formosa como \u201cmensajes para el gobierno nacional\u201d y destac\u00f3 la importancia de la resistencia judicial frente a los decretos que, seg\u00fan dijo, \u201cintentan arrasar con derechos fundamentales como la huelga\u201d.<\/p>\n\n\n\n<p>\u201cEl gobierno est\u00e1 desbocado, rompiendo todo a un ritmo cada vez m\u00e1s acelerado. Y destruir es f\u00e1cil; lo dif\u00edcil va a ser reconstruir lo que quieren desguazar\u201d, concluy\u00f3.<\/p>\n\n\n\n<figure class=\"wp-block-gallery has-nested-images columns-default is-cropped wp-block-gallery-1 is-layout-flex wp-block-gallery-is-layout-flex\">\n<figure class=\"wp-block-image size-full\"><img loading=\"lazy\" decoding=\"async\" width=\"1014\" height=\"679\" data-id=\"3488\" src=\"https:\/\/pasahoy.com.ar\/ph\/wp-content\/uploads\/2025\/07\/1000468046.png\" alt=\"\" class=\"wp-image-3488\" srcset=\"https:\/\/pasahoy.com.ar\/ph\/wp-content\/uploads\/2025\/07\/1000468046.png 1014w, https:\/\/pasahoy.com.ar\/ph\/wp-content\/uploads\/2025\/07\/1000468046-300x201.png 300w, https:\/\/pasahoy.com.ar\/ph\/wp-content\/uploads\/2025\/07\/1000468046-768x514.png 768w\" sizes=\"auto, (max-width: 1014px) 100vw, 1014px\" \/><\/figure>\n<\/figure>\n","protected":false},"excerpt":{"rendered":"<p>El secretario general de ATE en La Rioja cuestion\u00f3 con dureza al Gobierno Nacional por la derogaci\u00f3n del asueto del D\u00eda del Trabajador del Estado y alert\u00f3 sobre el proceso de reforma estatal en marcha. \u00abLo que est\u00e1 haciendo el gobierno es provocativo y perverso\u00bb, advirti\u00f3. Arana relat\u00f3 que la eliminaci\u00f3n del asueto, establecida por [&hellip;]<\/p>\n","protected":false},"author":3,"featured_media":3488,"comment_status":"open","ping_status":"open","sticky":false,"template":"","format":"standard","meta":{"_jetpack_memberships_contains_paid_content":false,"footnotes":""},"categories":[1],"tags":[],"class_list":["post-3487","post","type-post","status-publish","format-standard","has-post-thumbnail","hentry","category-local"],"jetpack_featured_media_url":"https:\/\/pasahoy.com.ar\/ph\/wp-content\/uploads\/2025\/07\/1000468046.png","jetpack_sharing_enabled":true,"_links":{"self":[{"href":"https:\/\/pasahoy.com.ar\/ph\/wp-json\/wp\/v2\/posts\/3487","targetHints":{"allow":["GET"]}}],"collection":[{"href":"https:\/\/pasahoy.com.ar\/ph\/wp-json\/wp\/v2\/posts"}],"about":[{"href":"https:\/\/pasahoy.com.ar\/ph\/wp-json\/wp\/v2\/types\/post"}],"author":[{"embeddable":true,"href":"https:\/\/pasahoy.com.ar\/ph\/wp-json\/wp\/v2\/users\/3"}],"replies":[{"embeddable":true,"href":"https:\/\/pasahoy.com.ar\/ph\/wp-json\/wp\/v2\/comments?post=3487"}],"version-history":[{"count":1,"href":"https:\/\/pasahoy.com.ar\/ph\/wp-json\/wp\/v2\/posts\/3487\/revisions"}],"predecessor-version":[{"id":3489,"href":"https:\/\/pasahoy.com.ar\/ph\/wp-json\/wp\/v2\/posts\/3487\/revisions\/3489"}],"wp:featuredmedia":[{"embeddable":true,"href":"https:\/\/pasahoy.com.ar\/ph\/wp-json\/wp\/v2\/media\/3488"}],"wp:attachment":[{"href":"https:\/\/pasahoy.com.ar\/ph\/wp-json\/wp\/v2\/media?parent=3487"}],"wp:term":[{"taxonomy":"category","embeddable":true,"href":"https:\/\/pasahoy.com.ar\/ph\/wp-json\/wp\/v2\/categories?post=3487"},{"taxonomy":"post_tag","embeddable":true,"href":"https:\/\/pasahoy.com.ar\/ph\/wp-json\/wp\/v2\/tags?post=3487"}],"curies":[{"name":"wp","href":"https:\/\/api.w.org\/{rel}","templated":true}]}}