{"id":3484,"date":"2025-07-01T20:37:51","date_gmt":"2025-07-01T20:37:51","guid":{"rendered":"https:\/\/pasahoy.com.ar\/ph\/?p=3484"},"modified":"2025-07-01T20:38:04","modified_gmt":"2025-07-01T20:38:04","slug":"jorge-yoma-le-respondio-a-martin-menem-por-la-estatizacion-de-ypf","status":"publish","type":"post","link":"https:\/\/pasahoy.com.ar\/ph\/jorge-yoma-le-respondio-a-martin-menem-por-la-estatizacion-de-ypf\/","title":{"rendered":"Jorge Yoma le respondi\u00f3 a Mart\u00edn Menem por la estatizaci\u00f3n de YPF"},"content":{"rendered":"\n<p>Jorge Yoma defendi\u00f3 la estatizaci\u00f3n de YPF y critic\u00f3 la privatizaci\u00f3n de los 90: \u00abLo volver\u00eda a hacer con las dos manos\u00bb<br>Buenos Aires, 1 de julio de 2025 \u2013 En un fuerte mensaje dirigido al presidente de la C\u00e1mara de Diputados, Mart\u00edn Menem, el exdiputado Jorge Yoma sali\u00f3 al cruce de las cr\u00edticas hacia la estatizaci\u00f3n de YPF y reivindic\u00f3 su voto a favor de la recuperaci\u00f3n de la empresa en 2012.<\/p>\n\n\n\n<p>\u00abAs\u00ed es. Yo vot\u00e9 la estatizaci\u00f3n de YPF y lo volver\u00eda a hacer con las dos manos\u00bb, expres\u00f3 Yoma en redes sociales, al tiempo que acus\u00f3 al expresidente Carlos Menem \u2014t\u00edo del actual titular de Diputados\u2014 de haber entregado el control de la petrolera sin autorizaci\u00f3n del Congreso.<\/p>\n\n\n\n<p>En un extenso hilo, el exlegislador riojano record\u00f3 que en 1992 el Congreso sancion\u00f3 la Ley 24.145, que transform\u00f3 a YPF en sociedad an\u00f3nima, manteniendo al Estado como accionista mayoritario y titular de la llamada \u00abacci\u00f3n de oro\u00bb, que le permit\u00eda vetar decisiones estrat\u00e9gicas.<\/p>\n\n\n\n<p>\u00abEn 1999, el presidente Menem vendi\u00f3 \u2014ins\u00f3litamente y sin participaci\u00f3n del Congreso\u2014 la acci\u00f3n de oro, lo que permiti\u00f3 que los espa\u00f1oles de Repsol asuman el control total de YPF\u00bb, denunci\u00f3 Yoma.<br>Seg\u00fan su testimonio, la d\u00e9cada de control extranjero estuvo marcada por el vaciamiento y la falta de inversiones, hasta que en 2012, bajo la presidencia de Cristina Fern\u00e1ndez de Kirchner y el impulso del entonces ministro Axel Kicillof, el Congreso aprob\u00f3 la Ley 26.741 que devolvi\u00f3 al Estado el control mayoritario de la compa\u00f1\u00eda.<\/p>\n\n\n\n<p>\u201cLo que nunca me expliqu\u00e9 es por qu\u00e9 Menem entreg\u00f3 la petrolera argentina a los espa\u00f1oles. Por ah\u00ed podr\u00edas averiguarlo entre tus socios y conocidos\u2026\u201d, ironiz\u00f3 Yoma, en un mensaje con tono desafiante hacia Mart\u00edn Menem, referente de La Libertad Avanza.<\/p>\n\n\n\n<p>El cruce se da en un contexto de renovado debate sobre el rol del Estado en sectores estrat\u00e9gicos, en medio de propuestas de privatizaci\u00f3n impulsadas por el oficialismo libertario.<\/p>\n\n\n\n<figure class=\"wp-block-gallery has-nested-images columns-default is-cropped wp-block-gallery-1 is-layout-flex wp-block-gallery-is-layout-flex\">\n<figure class=\"wp-block-image size-large\"><img loading=\"lazy\" decoding=\"async\" width=\"1024\" height=\"568\" data-id=\"3485\" src=\"https:\/\/pasahoy.com.ar\/ph\/wp-content\/uploads\/2025\/07\/1000468021-1024x568.jpg\" alt=\"\" class=\"wp-image-3485\" srcset=\"https:\/\/pasahoy.com.ar\/ph\/wp-content\/uploads\/2025\/07\/1000468021-1024x568.jpg 1024w, https:\/\/pasahoy.com.ar\/ph\/wp-content\/uploads\/2025\/07\/1000468021-300x166.jpg 300w, https:\/\/pasahoy.com.ar\/ph\/wp-content\/uploads\/2025\/07\/1000468021-768x426.jpg 768w, https:\/\/pasahoy.com.ar\/ph\/wp-content\/uploads\/2025\/07\/1000468021.jpg 1080w\" sizes=\"auto, (max-width: 1024px) 100vw, 1024px\" \/><\/figure>\n<\/figure>\n","protected":false},"excerpt":{"rendered":"<p>Jorge Yoma defendi\u00f3 la estatizaci\u00f3n de YPF y critic\u00f3 la privatizaci\u00f3n de los 90: \u00abLo volver\u00eda a hacer con las dos manos\u00bbBuenos Aires, 1 de julio de 2025 \u2013 En un fuerte mensaje dirigido al presidente de la C\u00e1mara de Diputados, Mart\u00edn Menem, el exdiputado Jorge Yoma sali\u00f3 al cruce de las cr\u00edticas hacia la [&hellip;]<\/p>\n","protected":false},"author":3,"featured_media":3485,"comment_status":"open","ping_status":"open","sticky":false,"template":"","format":"standard","meta":{"_jetpack_memberships_contains_paid_content":false,"footnotes":""},"categories":[2],"tags":[],"class_list":["post-3484","post","type-post","status-publish","format-standard","has-post-thumbnail","hentry","category-nacional"],"jetpack_featured_media_url":"https:\/\/pasahoy.com.ar\/ph\/wp-content\/uploads\/2025\/07\/1000468021.jpg","jetpack_sharing_enabled":true,"_links":{"self":[{"href":"https:\/\/pasahoy.com.ar\/ph\/wp-json\/wp\/v2\/posts\/3484","targetHints":{"allow":["GET"]}}],"collection":[{"href":"https:\/\/pasahoy.com.ar\/ph\/wp-json\/wp\/v2\/posts"}],"about":[{"href":"https:\/\/pasahoy.com.ar\/ph\/wp-json\/wp\/v2\/types\/post"}],"author":[{"embeddable":true,"href":"https:\/\/pasahoy.com.ar\/ph\/wp-json\/wp\/v2\/users\/3"}],"replies":[{"embeddable":true,"href":"https:\/\/pasahoy.com.ar\/ph\/wp-json\/wp\/v2\/comments?post=3484"}],"version-history":[{"count":1,"href":"https:\/\/pasahoy.com.ar\/ph\/wp-json\/wp\/v2\/posts\/3484\/revisions"}],"predecessor-version":[{"id":3486,"href":"https:\/\/pasahoy.com.ar\/ph\/wp-json\/wp\/v2\/posts\/3484\/revisions\/3486"}],"wp:featuredmedia":[{"embeddable":true,"href":"https:\/\/pasahoy.com.ar\/ph\/wp-json\/wp\/v2\/media\/3485"}],"wp:attachment":[{"href":"https:\/\/pasahoy.com.ar\/ph\/wp-json\/wp\/v2\/media?parent=3484"}],"wp:term":[{"taxonomy":"category","embeddable":true,"href":"https:\/\/pasahoy.com.ar\/ph\/wp-json\/wp\/v2\/categories?post=3484"},{"taxonomy":"post_tag","embeddable":true,"href":"https:\/\/pasahoy.com.ar\/ph\/wp-json\/wp\/v2\/tags?post=3484"}],"curies":[{"name":"wp","href":"https:\/\/api.w.org\/{rel}","templated":true}]}}