{"id":3481,"date":"2025-07-01T20:33:15","date_gmt":"2025-07-01T20:33:15","guid":{"rendered":"https:\/\/pasahoy.com.ar\/ph\/?p=3481"},"modified":"2025-07-01T20:33:28","modified_gmt":"2025-07-01T20:33:28","slug":"ola-de-calor-en-europa-cierran-escuelas-y-se-activan-alertas-por-temperaturas-extremas-en-varios-paises","status":"publish","type":"post","link":"https:\/\/pasahoy.com.ar\/ph\/ola-de-calor-en-europa-cierran-escuelas-y-se-activan-alertas-por-temperaturas-extremas-en-varios-paises\/","title":{"rendered":"Ola de calor en Europa: cierran escuelas y se activan alertas por temperaturas extremas en varios pa\u00edses"},"content":{"rendered":"\n<p>Un ni\u00f1o de dos a\u00f1os muri\u00f3 en Catalu\u00f1a al quedar encerrado en un auto por varias horas.<\/p>\n\n\n\n<p>Par\u00eds, en alerta roja, enfrent\u00f3 este martes temperaturas abrasadoras en medio de la temprana e intensa ola de calor que oblig\u00f3 a<strong>\u00a0cerrar escuelas<\/strong>\u00a0en Francia y Pa\u00edses Bajos, as\u00ed como el \u00faltimo piso de la Torre Eiffel.<\/p>\n\n\n\n<p>Los cient\u00edficos alertan desde hace a\u00f1os sobre el impacto del cambio clim\u00e1tico en las olas de calor, sequ\u00edas y otros fen\u00f3menos meteorol\u00f3gicos extremos, cada vez m\u00e1s intensos y frecuentes.<\/p>\n\n\n\n<p>En varios puntos del continente se activaron alertas por el calor extremo, que la ONU calific\u00f3 de \u201casesino silencioso\u201d, desde Portugal a Croacia y Grecia, pasando por Alemania, Austria y Suiza.<\/p>\n\n\n\n<p>\u201cComo resultado del cambio clim\u00e1tico provocado por el hombre, el calor extremo se est\u00e1 volviendo m\u00e1s frecuente, m\u00e1s intenso. Es algo con lo que tenemos que aprender a vivir\u201d, dijo\u00a0<strong>Clare Nullis<\/strong>, portavoz de la Organizaci\u00f3n Meteorol\u00f3gica Mundial (OMM <\/p>\n\n\n\n<h2 class=\"wp-block-heading\">Espa\u00f1a vive el mes de junio m\u00e1s caluroso<\/h2>\n\n\n\n<p>Espa\u00f1a vivi\u00f3 su mes de junio m\u00e1s caluroso jam\u00e1s registrado con una temperatura media de 23,6 \u00baC, superior incluso al promedio normal que suelen tener julio y agosto, anunci\u00f3 este martes la agencia estatal de meteorolog\u00eda Aemet.<\/p>\n\n\n\n<p>Tambi\u00e9n en Portugal se bati\u00f3 un r\u00e9cord de temperatura en un mes de junio, con los&nbsp;<strong>46,6 \u00baC que se alcanzaron el domingo en Mora<\/strong>, a unos 100 km al este de Lisboa, seg\u00fan inform\u00f3 el Instituto Portugu\u00e9s del Mar y la Atm\u00f3sfera (IPMA).<\/p>\n\n\n\n<p>En Par\u00eds. los term\u00f3metros se acercaron a los 38 \u00baC. El&nbsp;<strong>\u00faltimo piso de la tur\u00edstica Torre Eiffel permanecer\u00e1 cerrado hasta el mi\u00e9rcoles.<\/strong>&nbsp;La ciudad, conocida por su densidad urbana, enfrenta su primera alerta roja en cinco a\u00f1os.<\/p>\n\n\n\n<p><strong>M\u00e1s de 1900 escuelas enviaron sus alumnos a casa&nbsp;<\/strong>en estos \u00faltimos d\u00edas de curso en Francia, al igual que Pa\u00edses Bajos, donde las escuelas de R\u00f3terdam terminaron las clases al mediod\u00eda ante la previsi\u00f3n de temperaturas excepcionales de 38 \u00baC.<\/p>\n\n\n\n<p>En Alemania, se espera un pico de calor el mi\u00e9rcoles, con m\u00e1xima de hasta 40 \u00baC. <\/p>\n\n\n\n<p>Este acontecimiento es inusual porque es extremo, muy al principio de la temporada estival, y el cambio clim\u00e1tico sin duda lo ha empeorado\u201d, declar\u00f3&nbsp;<strong>Samantha Burgess<\/strong>, climat\u00f3loga del observatorio europeo Copernicus.<\/p>\n\n\n\n<p>Ante las altas temperaturas, Barcelona, en el noreste de Espa\u00f1a, activ\u00f3 un protocolo para repartir agua a personas sin hogar y enviar mensajes de texto con medidas de protecci\u00f3n a miles de personas consideradas \u201cespecialmente vulnerables\u201d.<\/p>\n\n\n\n<h2 class=\"wp-block-heading\">Un ni\u00f1o muri\u00f3 en Catalu\u00f1a<\/h2>\n\n\n\n<p><strong>Un ni\u00f1o de dos a\u00f1os muri\u00f3 el martes en Valls<\/strong>, en la provincia catalana de Tarragona, tras permanecer varias horas en un coche estacionado al sol, inform\u00f3 la polic\u00eda.<\/p>\n\n\n\n<figure class=\"wp-block-gallery has-nested-images columns-default is-cropped wp-block-gallery-1 is-layout-flex wp-block-gallery-is-layout-flex\">\n<figure class=\"wp-block-image size-large\"><img loading=\"lazy\" decoding=\"async\" width=\"932\" height=\"540\" data-id=\"3482\" src=\"https:\/\/pasahoy.com.ar\/ph\/wp-content\/uploads\/2025\/07\/1000468007.png\" alt=\"\" class=\"wp-image-3482\" srcset=\"https:\/\/pasahoy.com.ar\/ph\/wp-content\/uploads\/2025\/07\/1000468007.png 932w, https:\/\/pasahoy.com.ar\/ph\/wp-content\/uploads\/2025\/07\/1000468007-300x174.png 300w, https:\/\/pasahoy.com.ar\/ph\/wp-content\/uploads\/2025\/07\/1000468007-768x445.png 768w\" sizes=\"auto, (max-width: 932px) 100vw, 932px\" \/><\/figure>\n<\/figure>\n","protected":false},"excerpt":{"rendered":"<p>Un ni\u00f1o de dos a\u00f1os muri\u00f3 en Catalu\u00f1a al quedar encerrado en un auto por varias horas. Par\u00eds, en alerta roja, enfrent\u00f3 este martes temperaturas abrasadoras en medio de la temprana e intensa ola de calor que oblig\u00f3 a\u00a0cerrar escuelas\u00a0en Francia y Pa\u00edses Bajos, as\u00ed como el \u00faltimo piso de la Torre Eiffel. Los cient\u00edficos [&hellip;]<\/p>\n","protected":false},"author":3,"featured_media":3482,"comment_status":"open","ping_status":"open","sticky":false,"template":"","format":"standard","meta":{"_jetpack_memberships_contains_paid_content":false,"footnotes":""},"categories":[3],"tags":[],"class_list":["post-3481","post","type-post","status-publish","format-standard","has-post-thumbnail","hentry","category-internacional"],"jetpack_featured_media_url":"https:\/\/pasahoy.com.ar\/ph\/wp-content\/uploads\/2025\/07\/1000468007.png","jetpack_sharing_enabled":true,"_links":{"self":[{"href":"https:\/\/pasahoy.com.ar\/ph\/wp-json\/wp\/v2\/posts\/3481","targetHints":{"allow":["GET"]}}],"collection":[{"href":"https:\/\/pasahoy.com.ar\/ph\/wp-json\/wp\/v2\/posts"}],"about":[{"href":"https:\/\/pasahoy.com.ar\/ph\/wp-json\/wp\/v2\/types\/post"}],"author":[{"embeddable":true,"href":"https:\/\/pasahoy.com.ar\/ph\/wp-json\/wp\/v2\/users\/3"}],"replies":[{"embeddable":true,"href":"https:\/\/pasahoy.com.ar\/ph\/wp-json\/wp\/v2\/comments?post=3481"}],"version-history":[{"count":1,"href":"https:\/\/pasahoy.com.ar\/ph\/wp-json\/wp\/v2\/posts\/3481\/revisions"}],"predecessor-version":[{"id":3483,"href":"https:\/\/pasahoy.com.ar\/ph\/wp-json\/wp\/v2\/posts\/3481\/revisions\/3483"}],"wp:featuredmedia":[{"embeddable":true,"href":"https:\/\/pasahoy.com.ar\/ph\/wp-json\/wp\/v2\/media\/3482"}],"wp:attachment":[{"href":"https:\/\/pasahoy.com.ar\/ph\/wp-json\/wp\/v2\/media?parent=3481"}],"wp:term":[{"taxonomy":"category","embeddable":true,"href":"https:\/\/pasahoy.com.ar\/ph\/wp-json\/wp\/v2\/categories?post=3481"},{"taxonomy":"post_tag","embeddable":true,"href":"https:\/\/pasahoy.com.ar\/ph\/wp-json\/wp\/v2\/tags?post=3481"}],"curies":[{"name":"wp","href":"https:\/\/api.w.org\/{rel}","templated":true}]}}