{"id":3476,"date":"2025-07-01T20:29:08","date_gmt":"2025-07-01T20:29:08","guid":{"rendered":"https:\/\/pasahoy.com.ar\/ph\/?p=3476"},"modified":"2025-07-01T20:29:20","modified_gmt":"2025-07-01T20:29:20","slug":"alex-caniggia-y-melody-luz-se-dieron-otra-oportunidad-la-foto-a-los-besos-desde-la-cama","status":"publish","type":"post","link":"https:\/\/pasahoy.com.ar\/ph\/alex-caniggia-y-melody-luz-se-dieron-otra-oportunidad-la-foto-a-los-besos-desde-la-cama\/","title":{"rendered":"Alex Caniggia y Melody Luz se dieron otra oportunidad: la foto a los besos desde la cama"},"content":{"rendered":"\n<p>El medi\u00e1tico y la bailarina empezaron a escribir otro cap\u00edtulo en su historia de amor.<\/p>\n\n\n\n<p>Finalmente,\u00a0<a href=\"https:\/\/tn.com.ar\/show\/redes-sociales\/2025\/06\/27\/el-gesto-de-reconciliacion-de-melody-luz-con-alex-caniggia-tras-el-escandalo-con-santiago-del-azar\/\"><strong>Alex Caniggia<\/strong><\/a>\u00a0y\u00a0<a href=\"https:\/\/tn.com.ar\/show\/famosos\/2025\/06\/27\/que-dijo-melody-luz-de-los-rumores-de-reconciliacion-con-alex-caniggia-tras-su-separacion-de-del-azar\/\"><strong>Melody Luz<\/strong><\/a>\u00a0volvieron a estar juntos. El medi\u00e1tico y la bailarina confirmaron a trav\u00e9s de algunas historias que est\u00e1n d\u00e1ndose<strong>\u00a0una segunda oportunidad<\/strong>,<strong>\u00a0tras el\u00a0<\/strong><em><strong>impasse\u00a0<\/strong><\/em><strong>que tuvieron.<\/strong><\/p>\n\n\n\n<p>As\u00ed nos despertamos nosotros. Buen d\u00eda.\u00a0<strong>Las \u00fanicas mujeres de mi vida.<\/strong>\u00a0Las amo\u201d, escribi\u00f3 el influencer, en una foto en la que le est\u00e1 dando un beso a\u00a0<strong>Melody\u00a0<\/strong>y a su hija, desde la cama.<\/p>\n\n\n\n<p>La bailarina, por su parte, fue ir\u00f3nica con su pareja.\u00a0<strong>\u201cEllas y nadie m\u00e1s\u201d,\u00a0<\/strong>hab\u00eda escrito \u00e9l, pero en el reposteo, Melody us\u00f3 el sarcasmo.\u00a0<strong>\u201cPonele\u201d<\/strong>, lanz\u00f3, en una obvia referencia a que hubo m\u00e1s personas involucradas en la relaci\u00f3n.<\/p>\n\n\n\n<p>La reconciliaci\u00f3n entre los medi\u00e1ticos ocurri\u00f3 luego de que\u00a0<strong>Melody Luz<\/strong>\u00a0se separara del chef\u00a0<strong>Santiago del Azar<\/strong>, tras una escandalosa pelea.<\/p>\n\n\n\n<p>Ese punto final signific\u00f3 un acercamiento entre Alex y Melody que, todo indica,&nbsp;<strong>se est\u00e1n dando otra posibilidad luego de meses de estar distanciados.<\/strong><\/p>\n\n\n\n<p>\u201cTodos nos equivocamos. Me incluyo.&nbsp;<strong>Todos somos cornudos<\/strong>. Me incluyo\u201d, coment\u00f3 la instagrammer en otro posteo, para hacerse cargo de sus errores con humor.<\/p>\n\n\n\n<p>En un video que comparti\u00f3, la bailarina grab\u00f3 a Alex mientras maneja. \u201cVos segu\u00eds en capilla porque sos un hijo de p&#8230;\u201d, expuso Melody. \u201cNo digas eso. Te amo yo.<strong>\u00a0\u00bfSab\u00e9s que sos la mujer de mi vida?<\/strong>\u201c, le pregunt\u00f3 \u00e9l. \u201dYo solo s\u00e9 que sos un hijo de p&#8230;\u201c, replic\u00f3 ella.<\/p>\n\n\n\n<p>Entonces, Alex le dijo una frase muy fuerte, junto a una propuesta que descoloc\u00f3 a Melody. \u201c\u00bfSab\u00e9s que yo por vos mato? Sos la mujer de mi vida. Es m\u00e1s.&nbsp;<strong>\u00bfTenemos otro hijo?<\/strong>\u201c, dijo, ante la cara de sorpresa de la bailarina.<\/p>\n\n\n\n<h2 class=\"wp-block-heading\">Qu\u00e9 le dijo Melody Luz a los que la critican por acercarse otra vez a Alex Caniggia<\/h2>\n\n\n\n<p>La violencia verbal que hay en las redes, a veces, supera algunos l\u00edmites.<strong>&nbsp;Melody Luz<\/strong>&nbsp;recibi\u00f3 fuertes insultos y amenazas luego de que mostrara fotos junto a<strong>&nbsp;Alex Caniggia<\/strong>&nbsp;y su hija&nbsp;<strong>Venezia<\/strong>.<\/p>\n\n\n\n<p>La bailarina comparti\u00f3 una historia en la que la misma usuaria la cuestionaba por dos posteos diferentes. En uno, por su manera sexy de mostrarse.<strong>&nbsp;\u201cM\u00e1s p&#8230; no?\u201d,&nbsp;<\/strong>dec\u00eda el mensaje. En la otra, por compartir una&nbsp;<em>story&nbsp;<\/em>con su nena.&nbsp;<strong>\u201cMatate, rid\u00edcula\u201d, dec\u00eda el hiriente comentario.<\/strong><\/p>\n\n\n\n<p>En lugar de devolverle el insulto,<strong>&nbsp;Melody Luz&nbsp;<\/strong>comparti\u00f3 la identidad de la hater y captur\u00f3 parte de su bio en la que subray\u00f3 la palabra \u201cempat\u00eda\u201d.&nbsp;<strong>\u201cNo falla nunca la biograf\u00eda\u201d<\/strong>, coment\u00f3.<\/p>\n\n\n\n<p>Otra usuaria fue agresiva con Melody. Primero, reaccion\u00f3 con una carita en la que est\u00e1 vomitando ante la historia que hab\u00eda compartido la medi\u00e1tica.\u00a0<strong>Luego, le dej\u00f3 palabras para lastimarla<\/strong>. \u201cY como te gusta la plata, por eso volviste con el que te\u00a0<em>cuernea<\/em>\u201d, escribi\u00f3.<\/p>\n\n\n\n<figure class=\"wp-block-gallery has-nested-images columns-default is-cropped wp-block-gallery-1 is-layout-flex wp-block-gallery-is-layout-flex\">\n<figure class=\"wp-block-image size-large\"><img loading=\"lazy\" decoding=\"async\" width=\"594\" height=\"1024\" data-id=\"3479\" src=\"https:\/\/pasahoy.com.ar\/ph\/wp-content\/uploads\/2025\/07\/1000467996-594x1024.png\" alt=\"\" class=\"wp-image-3479\" srcset=\"https:\/\/pasahoy.com.ar\/ph\/wp-content\/uploads\/2025\/07\/1000467996-594x1024.png 594w, https:\/\/pasahoy.com.ar\/ph\/wp-content\/uploads\/2025\/07\/1000467996-174x300.png 174w, https:\/\/pasahoy.com.ar\/ph\/wp-content\/uploads\/2025\/07\/1000467996-768x1324.png 768w, https:\/\/pasahoy.com.ar\/ph\/wp-content\/uploads\/2025\/07\/1000467996-891x1536.png 891w, https:\/\/pasahoy.com.ar\/ph\/wp-content\/uploads\/2025\/07\/1000467996.png 962w\" sizes=\"auto, (max-width: 594px) 100vw, 594px\" \/><\/figure>\n\n\n\n<figure class=\"wp-block-image size-large\"><img loading=\"lazy\" decoding=\"async\" width=\"610\" height=\"1024\" data-id=\"3477\" src=\"https:\/\/pasahoy.com.ar\/ph\/wp-content\/uploads\/2025\/07\/1000467995-610x1024.png\" alt=\"\" class=\"wp-image-3477\" srcset=\"https:\/\/pasahoy.com.ar\/ph\/wp-content\/uploads\/2025\/07\/1000467995-610x1024.png 610w, https:\/\/pasahoy.com.ar\/ph\/wp-content\/uploads\/2025\/07\/1000467995-179x300.png 179w, https:\/\/pasahoy.com.ar\/ph\/wp-content\/uploads\/2025\/07\/1000467995-768x1290.png 768w, https:\/\/pasahoy.com.ar\/ph\/wp-content\/uploads\/2025\/07\/1000467995-915x1536.png 915w, https:\/\/pasahoy.com.ar\/ph\/wp-content\/uploads\/2025\/07\/1000467995.png 964w\" sizes=\"auto, (max-width: 610px) 100vw, 610px\" \/><\/figure>\n\n\n\n<figure class=\"wp-block-image size-large\"><img loading=\"lazy\" decoding=\"async\" width=\"628\" height=\"1024\" data-id=\"3478\" src=\"https:\/\/pasahoy.com.ar\/ph\/wp-content\/uploads\/2025\/07\/1000467994-628x1024.png\" alt=\"\" class=\"wp-image-3478\" srcset=\"https:\/\/pasahoy.com.ar\/ph\/wp-content\/uploads\/2025\/07\/1000467994-628x1024.png 628w, https:\/\/pasahoy.com.ar\/ph\/wp-content\/uploads\/2025\/07\/1000467994-184x300.png 184w, https:\/\/pasahoy.com.ar\/ph\/wp-content\/uploads\/2025\/07\/1000467994-768x1253.png 768w, https:\/\/pasahoy.com.ar\/ph\/wp-content\/uploads\/2025\/07\/1000467994-942x1536.png 942w, https:\/\/pasahoy.com.ar\/ph\/wp-content\/uploads\/2025\/07\/1000467994.png 965w\" sizes=\"auto, (max-width: 628px) 100vw, 628px\" \/><\/figure>\n<\/figure>\n","protected":false},"excerpt":{"rendered":"<p>El medi\u00e1tico y la bailarina empezaron a escribir otro cap\u00edtulo en su historia de amor. Finalmente,\u00a0Alex Caniggia\u00a0y\u00a0Melody Luz\u00a0volvieron a estar juntos. El medi\u00e1tico y la bailarina confirmaron a trav\u00e9s de algunas historias que est\u00e1n d\u00e1ndose\u00a0una segunda oportunidad,\u00a0tras el\u00a0impasse\u00a0que tuvieron. As\u00ed nos despertamos nosotros. Buen d\u00eda.\u00a0Las \u00fanicas mujeres de mi vida.\u00a0Las amo\u201d, escribi\u00f3 el influencer, en [&hellip;]<\/p>\n","protected":false},"author":3,"featured_media":3479,"comment_status":"open","ping_status":"open","sticky":false,"template":"","format":"standard","meta":{"_jetpack_memberships_contains_paid_content":false,"footnotes":""},"categories":[5],"tags":[],"class_list":["post-3476","post","type-post","status-publish","format-standard","has-post-thumbnail","hentry","category-espectaculo"],"jetpack_featured_media_url":"https:\/\/pasahoy.com.ar\/ph\/wp-content\/uploads\/2025\/07\/1000467996.png","jetpack_sharing_enabled":true,"_links":{"self":[{"href":"https:\/\/pasahoy.com.ar\/ph\/wp-json\/wp\/v2\/posts\/3476","targetHints":{"allow":["GET"]}}],"collection":[{"href":"https:\/\/pasahoy.com.ar\/ph\/wp-json\/wp\/v2\/posts"}],"about":[{"href":"https:\/\/pasahoy.com.ar\/ph\/wp-json\/wp\/v2\/types\/post"}],"author":[{"embeddable":true,"href":"https:\/\/pasahoy.com.ar\/ph\/wp-json\/wp\/v2\/users\/3"}],"replies":[{"embeddable":true,"href":"https:\/\/pasahoy.com.ar\/ph\/wp-json\/wp\/v2\/comments?post=3476"}],"version-history":[{"count":1,"href":"https:\/\/pasahoy.com.ar\/ph\/wp-json\/wp\/v2\/posts\/3476\/revisions"}],"predecessor-version":[{"id":3480,"href":"https:\/\/pasahoy.com.ar\/ph\/wp-json\/wp\/v2\/posts\/3476\/revisions\/3480"}],"wp:featuredmedia":[{"embeddable":true,"href":"https:\/\/pasahoy.com.ar\/ph\/wp-json\/wp\/v2\/media\/3479"}],"wp:attachment":[{"href":"https:\/\/pasahoy.com.ar\/ph\/wp-json\/wp\/v2\/media?parent=3476"}],"wp:term":[{"taxonomy":"category","embeddable":true,"href":"https:\/\/pasahoy.com.ar\/ph\/wp-json\/wp\/v2\/categories?post=3476"},{"taxonomy":"post_tag","embeddable":true,"href":"https:\/\/pasahoy.com.ar\/ph\/wp-json\/wp\/v2\/tags?post=3476"}],"curies":[{"name":"wp","href":"https:\/\/api.w.org\/{rel}","templated":true}]}}