{"id":3466,"date":"2025-07-01T20:17:00","date_gmt":"2025-07-01T20:17:00","guid":{"rendered":"https:\/\/pasahoy.com.ar\/ph\/?p=3466"},"modified":"2025-07-01T20:17:00","modified_gmt":"2025-07-01T20:17:00","slug":"el-gobierno-avanza-con-la-instalacion-del-primer-parque-solar-de-chepes","status":"publish","type":"post","link":"https:\/\/pasahoy.com.ar\/ph\/el-gobierno-avanza-con-la-instalacion-del-primer-parque-solar-de-chepes\/","title":{"rendered":"El Gobierno avanza con la instalaci\u00f3n del primer parque solar de Chepes"},"content":{"rendered":"\n<p><em>La obra, sexto parque fotovoltaico impulsado por la gesti\u00f3n de Ricardo\u202fQuintela, se complementar\u00e1 con relevamientos para llevar paneles solares individuales a familias rurales sin acceso a la red, reforzando la apuesta provincial por una matriz energ\u00e9tica limpia e inclusiva.<\/em><\/p>\n\n\n\n<figure class=\"wp-block-gallery has-nested-images columns-default is-cropped wp-block-gallery-1 is-layout-flex wp-block-gallery-is-layout-flex\">\n<figure class=\"wp-block-image size-large\"><img loading=\"lazy\" decoding=\"async\" width=\"1024\" height=\"768\" data-id=\"3467\" src=\"https:\/\/pasahoy.com.ar\/ph\/wp-content\/uploads\/2025\/07\/1000467864-1024x768.jpg\" alt=\"\" class=\"wp-image-3467\" srcset=\"https:\/\/pasahoy.com.ar\/ph\/wp-content\/uploads\/2025\/07\/1000467864-1024x768.jpg 1024w, https:\/\/pasahoy.com.ar\/ph\/wp-content\/uploads\/2025\/07\/1000467864-300x225.jpg 300w, https:\/\/pasahoy.com.ar\/ph\/wp-content\/uploads\/2025\/07\/1000467864-768x576.jpg 768w, https:\/\/pasahoy.com.ar\/ph\/wp-content\/uploads\/2025\/07\/1000467864-1536x1152.jpg 1536w, https:\/\/pasahoy.com.ar\/ph\/wp-content\/uploads\/2025\/07\/1000467864.jpg 1600w\" sizes=\"auto, (max-width: 1024px) 100vw, 1024px\" \/><\/figure>\n<\/figure>\n\n\n\n<p>El Gobierno de La Rioja, a trav\u00e9s del Ministerio de Agua y Energ\u00eda, consolida su pol\u00edtica energ\u00e9tica sustentable con el inicio del primer parque solar municipal en la ciudad de Chepes, cabecera del departamento Rosario\u202fVera\u202fPe\u00f1aloza.<br>La obra forma parte del plan estrat\u00e9gico impulsado por el gobernador Ricardo\u202fQuintela, destinado a dotar a cada departamento de infraestructura limpia, diversificar las fuentes de generaci\u00f3n y reducir la huella ambiental del consumo el\u00e9ctrico.<br>Con ese fin, el subsecretario de Energ\u00eda, Aldo\u202fMorales, se reuni\u00f3 con la intendenta Laura\u202fCarrizo para verificar factibilidades t\u00e9cnicas y definir el predio donde se emplazar\u00e1n los paneles.<br>\u201cEstamos proyectando este parque solar como parte de un plan integral que ya se ejecuta en distintos puntos de la Provincia\u201d, se\u00f1al\u00f3 Morales, y precis\u00f3 que se trata del sexto proyecto fotovoltaico que impulsa La\u202fRioja.<br>El funcionario subray\u00f3 adem\u00e1s que la iniciativa \u201cayuda a los municipios a reducir sus costos operativos porque incide de manera directa sobre la energ\u00eda, adem\u00e1s de apostar por una fuente completamente limpia, aprovechando el recurso natural\u201d.<\/p>\n\n\n\n<p><em>Energ\u00eda rural para parajes aislados<\/em><br>Durante la visita tambi\u00e9n se abord\u00f3 la situaci\u00f3n de familias en parajes rurales sin acceso a la red el\u00e9ctrica. En los pr\u00f3ximos d\u00edas comenzar\u00e1n relevamientos para implementar sistemas solares individuales, al igual que en el Valle del\u202fBermejo, donde ya se ejecuta un plan de electrificaci\u00f3n rural con energ\u00edas renovables.<br>Con estas acciones, el Gobierno provincial reafirma su compromiso con el federalismo energ\u00e9tico y la inclusi\u00f3n, garantizando servicios esenciales a comunidades rurales y aisladas bajo un enfoque de sustentabilidad y equidad.<\/p>\n","protected":false},"excerpt":{"rendered":"<p>La obra, sexto parque fotovoltaico impulsado por la gesti\u00f3n de Ricardo\u202fQuintela, se complementar\u00e1 con relevamientos para llevar paneles solares individuales a familias rurales sin acceso a la red, reforzando la apuesta provincial por una matriz energ\u00e9tica limpia e inclusiva. El Gobierno de La Rioja, a trav\u00e9s del Ministerio de Agua y Energ\u00eda, consolida su pol\u00edtica [&hellip;]<\/p>\n","protected":false},"author":3,"featured_media":3467,"comment_status":"open","ping_status":"open","sticky":false,"template":"","format":"standard","meta":{"_jetpack_memberships_contains_paid_content":false,"footnotes":""},"categories":[1],"tags":[],"class_list":["post-3466","post","type-post","status-publish","format-standard","has-post-thumbnail","hentry","category-local"],"jetpack_featured_media_url":"https:\/\/pasahoy.com.ar\/ph\/wp-content\/uploads\/2025\/07\/1000467864.jpg","jetpack_sharing_enabled":true,"_links":{"self":[{"href":"https:\/\/pasahoy.com.ar\/ph\/wp-json\/wp\/v2\/posts\/3466","targetHints":{"allow":["GET"]}}],"collection":[{"href":"https:\/\/pasahoy.com.ar\/ph\/wp-json\/wp\/v2\/posts"}],"about":[{"href":"https:\/\/pasahoy.com.ar\/ph\/wp-json\/wp\/v2\/types\/post"}],"author":[{"embeddable":true,"href":"https:\/\/pasahoy.com.ar\/ph\/wp-json\/wp\/v2\/users\/3"}],"replies":[{"embeddable":true,"href":"https:\/\/pasahoy.com.ar\/ph\/wp-json\/wp\/v2\/comments?post=3466"}],"version-history":[{"count":1,"href":"https:\/\/pasahoy.com.ar\/ph\/wp-json\/wp\/v2\/posts\/3466\/revisions"}],"predecessor-version":[{"id":3468,"href":"https:\/\/pasahoy.com.ar\/ph\/wp-json\/wp\/v2\/posts\/3466\/revisions\/3468"}],"wp:featuredmedia":[{"embeddable":true,"href":"https:\/\/pasahoy.com.ar\/ph\/wp-json\/wp\/v2\/media\/3467"}],"wp:attachment":[{"href":"https:\/\/pasahoy.com.ar\/ph\/wp-json\/wp\/v2\/media?parent=3466"}],"wp:term":[{"taxonomy":"category","embeddable":true,"href":"https:\/\/pasahoy.com.ar\/ph\/wp-json\/wp\/v2\/categories?post=3466"},{"taxonomy":"post_tag","embeddable":true,"href":"https:\/\/pasahoy.com.ar\/ph\/wp-json\/wp\/v2\/tags?post=3466"}],"curies":[{"name":"wp","href":"https:\/\/api.w.org\/{rel}","templated":true}]}}