{"id":3463,"date":"2025-06-30T17:10:51","date_gmt":"2025-06-30T17:10:51","guid":{"rendered":"https:\/\/pasahoy.com.ar\/ph\/?p=3463"},"modified":"2025-06-30T17:11:05","modified_gmt":"2025-06-30T17:11:05","slug":"un-inquietante-llamado-y-un-pedido-de-dinero-buscan-a-una-adolescente-de-16-anos-en-villa-carlos-paz","status":"publish","type":"post","link":"https:\/\/pasahoy.com.ar\/ph\/un-inquietante-llamado-y-un-pedido-de-dinero-buscan-a-una-adolescente-de-16-anos-en-villa-carlos-paz\/","title":{"rendered":"Un inquietante llamado y un pedido de dinero: buscan a una adolescente de 16 a\u00f1os en Villa Carlos Paz"},"content":{"rendered":"\n<p>Nahir Pino sali\u00f3 de su casa y su mam\u00e1 no pudo volver a contactarse con ella. \u201cMe pidi\u00f3 $10.000\u201d, cont\u00f3 la mujer sobre la \u00faltima comunicaci\u00f3n que tuvieron.<\/p>\n\n\n\n<p><strong>Nahir Pino\u00a0<\/strong>le pregunt\u00f3 el mi\u00e9rcoles a su mam\u00e1, Vanesa Busto, si pod\u00eda ir a la plaza. La mujer no la dej\u00f3 porque ten\u00eda que estudiar. Pero cuando sali\u00f3 a hacer las compras,\u00a0<strong>la adolescente de 16 a\u00f1os se fue a escondidas.<\/strong>\u00a0Desde ese momento, nadie sabe de ella en la ciudad cordobesa de Villa Carlos Paz. Sin embargo, dos pistas fueron dadas a conocer en las \u00faltimas horas:<strong>\u00a0hubo un llamado y un pedido de dinero<\/strong><\/p>\n\n\n\n<p> Eran las 17.00 cuando Busto sali\u00f3 de su casa en la calle Pasaje Cuchilla Nevada y justo detr\u00e1s de ella, aunque sin su autorizaci\u00f3n, se fue su hija. \u201cEse d\u00eda le mand\u00e9 mensajes, los le\u00eda y no los respond\u00eda.\u00a0<strong>El jueves pens\u00e9 que iba a volver<\/strong>\u201c, relat\u00f3 la mujer.<\/p>\n\n\n\n<p>A partir del relato de testigos, se enter\u00f3 de que su hija fue a la plaza del barrio, donde la vieron con un amigo de nombre Brandon. En medio de la desesperaci\u00f3n, llam\u00f3 al joven.&nbsp;<strong>\u201c\u00bfNahir est\u00e1 con vos?\u201c<\/strong>, le pregunt\u00f3.<\/p>\n\n\n\n<p>El chico confirm\u00f3 que estuvieron juntos y<strong>&nbsp;le envi\u00f3 fotos mientras com\u00edan con Nahir en un local de comidas r\u00e1pidas<\/strong>. Sin embargo, asegur\u00f3 que la llev\u00f3 hasta la terminal en la noche del jueves y no volvi\u00f3 a verla.<\/p>\n\n\n\n<p>Luego de enterarse, Busto hizo la denuncia por la desaparici\u00f3n.&nbsp;<strong>\u201cEl amigo dice que se fue sola, no s\u00e9 si tendr\u00e1 algo que ver\u201d<\/strong>, consider\u00f3. A su vez, cont\u00f3 que lo citaron a declarar: \u201cLe revisaron el celular y dicen que no encontraron nada\u201d.<\/p>\n\n\n\n<p>Alrededor de las 22 del jueves, Pino subi\u00f3 a un colectivo de la empresa Sarmiento. As\u00ed lo corrobor\u00f3 un primo de ella, que casualmente estaba ah\u00ed arriba.&nbsp;<strong>\u201cSe saludaron normal, \u00e9l le dijo \u2018hola chichi\u2019 y nada m\u00e1s\u201d<\/strong>, remarc\u00f3.<\/p>\n\n\n\n<p>El primo lleg\u00f3 a su casa, le cont\u00f3 a su mam\u00e1 que hab\u00eda visto a Pino y<strong>\u00a0reci\u00e9n ah\u00ed se enter\u00f3 de que la estaban buscando.\u00a0<\/strong>\u201cEs la primera vez que sale as\u00ed y no vuelve\u201d, asegur\u00f3 su mam\u00e1.<\/p>\n\n\n\n<h2 class=\"wp-block-heading\">Un llamado y un pedido de dinero<\/h2>\n\n\n\n<p>La adolescente le mand\u00f3 el domingo un mensaje por WhatsApp a su mam\u00e1.&nbsp;<strong>\u201cHola, ma. Estoy bien. No estoy pasando ni hambre ni fr\u00edo\u201d<\/strong>, le dijo. La mujer empez\u00f3 a sospechar que no era ella quien enviaba esos textos y la llam\u00f3 de inmediato.<\/p>\n\n\n\n<p>\u201c<strong>Me atendi\u00f3 y me pidi\u00f3 $10 mil.<\/strong>&nbsp;Le dije que no ten\u00eda para mandarle. Le ped\u00ed que me pase la ubicaci\u00f3n para pasarla a buscar, todav\u00eda estaba en l\u00ednea\u201d, se\u00f1al\u00f3. Luego, su hija solo le respondi\u00f3: \u201cEsper\u00e1, m\u00e1\u201d.<\/p>\n\n\n\n<p>Segundos despu\u00e9s,\u00a0<strong>escuch\u00f3 la voz de un hombre:\u00a0<\/strong>\u201cNo s\u00e9 si era grande o chico\u201d. Este \u00faltimo contacto fue a las 14.00 del domingo. En el caso, que est\u00e1 bajo secreto de sumario, intervino la Fiscal\u00eda de Instrucci\u00f3n N\u00b03 de Villa Carlos Paz.<\/p>\n\n\n\n<h2 class=\"wp-block-heading\">Los datos de la adolescente desaparecida<\/h2>\n\n\n\n<p>Nahir Pino tiene una contextura f\u00edsica&nbsp;<strong>delgada<\/strong>, mide aproximadamente&nbsp;<strong>1,45 metros<\/strong>, tiene&nbsp;<strong>pelo colorado largo&nbsp;<\/strong>hasta los hombros,&nbsp;<strong>tez blanca&nbsp;<\/strong>y&nbsp;<strong>ojos marrones<\/strong>.<\/p>\n\n\n\n<p>Tambi\u00e9n&nbsp;<strong>tiene un tatuaje<\/strong>&nbsp;en su antebrazo con el nombre \u201cJorge\u201d, un tatuaje tribal arriba de su ombligo y&nbsp;<strong>un piercing en la nariz.<\/strong>&nbsp;Al momento de su desaparici\u00f3n, vest\u00eda un jean azul oscuro, un su\u00e9ter rosa claro con negro, una campera marr\u00f3n oscuro y zapatillas blancas.<\/p>\n\n\n\n<p>El Ministerio P\u00fablico Fiscal pide que cualquier persona que tenga informaci\u00f3n sobre su paradero se comunique con la Unidad Judicial de Villa Carlos Paz al tel\u00e9fono\u00a0<strong>03541-428181<\/strong>\u00a0o a cualquier dependencia policial o unidad judicial cercana.<\/p>\n\n\n\n<figure class=\"wp-block-gallery has-nested-images columns-default is-cropped wp-block-gallery-1 is-layout-flex wp-block-gallery-is-layout-flex\">\n<figure class=\"wp-block-image size-large\"><img loading=\"lazy\" decoding=\"async\" width=\"942\" height=\"544\" data-id=\"3464\" src=\"https:\/\/pasahoy.com.ar\/ph\/wp-content\/uploads\/2025\/06\/1000464973.png\" alt=\"\" class=\"wp-image-3464\" srcset=\"https:\/\/pasahoy.com.ar\/ph\/wp-content\/uploads\/2025\/06\/1000464973.png 942w, https:\/\/pasahoy.com.ar\/ph\/wp-content\/uploads\/2025\/06\/1000464973-300x173.png 300w, https:\/\/pasahoy.com.ar\/ph\/wp-content\/uploads\/2025\/06\/1000464973-768x444.png 768w\" sizes=\"auto, (max-width: 942px) 100vw, 942px\" \/><\/figure>\n<\/figure>\n\n\n\n<p>.<\/p>\n","protected":false},"excerpt":{"rendered":"<p>Nahir Pino sali\u00f3 de su casa y su mam\u00e1 no pudo volver a contactarse con ella. \u201cMe pidi\u00f3 $10.000\u201d, cont\u00f3 la mujer sobre la \u00faltima comunicaci\u00f3n que tuvieron. Nahir Pino\u00a0le pregunt\u00f3 el mi\u00e9rcoles a su mam\u00e1, Vanesa Busto, si pod\u00eda ir a la plaza. La mujer no la dej\u00f3 porque ten\u00eda que estudiar. Pero cuando [&hellip;]<\/p>\n","protected":false},"author":3,"featured_media":3464,"comment_status":"open","ping_status":"open","sticky":false,"template":"","format":"standard","meta":{"_jetpack_memberships_contains_paid_content":false,"footnotes":""},"categories":[9],"tags":[],"class_list":["post-3463","post","type-post","status-publish","format-standard","has-post-thumbnail","hentry","category-policial"],"jetpack_featured_media_url":"https:\/\/pasahoy.com.ar\/ph\/wp-content\/uploads\/2025\/06\/1000464973.png","jetpack_sharing_enabled":true,"_links":{"self":[{"href":"https:\/\/pasahoy.com.ar\/ph\/wp-json\/wp\/v2\/posts\/3463","targetHints":{"allow":["GET"]}}],"collection":[{"href":"https:\/\/pasahoy.com.ar\/ph\/wp-json\/wp\/v2\/posts"}],"about":[{"href":"https:\/\/pasahoy.com.ar\/ph\/wp-json\/wp\/v2\/types\/post"}],"author":[{"embeddable":true,"href":"https:\/\/pasahoy.com.ar\/ph\/wp-json\/wp\/v2\/users\/3"}],"replies":[{"embeddable":true,"href":"https:\/\/pasahoy.com.ar\/ph\/wp-json\/wp\/v2\/comments?post=3463"}],"version-history":[{"count":1,"href":"https:\/\/pasahoy.com.ar\/ph\/wp-json\/wp\/v2\/posts\/3463\/revisions"}],"predecessor-version":[{"id":3465,"href":"https:\/\/pasahoy.com.ar\/ph\/wp-json\/wp\/v2\/posts\/3463\/revisions\/3465"}],"wp:featuredmedia":[{"embeddable":true,"href":"https:\/\/pasahoy.com.ar\/ph\/wp-json\/wp\/v2\/media\/3464"}],"wp:attachment":[{"href":"https:\/\/pasahoy.com.ar\/ph\/wp-json\/wp\/v2\/media?parent=3463"}],"wp:term":[{"taxonomy":"category","embeddable":true,"href":"https:\/\/pasahoy.com.ar\/ph\/wp-json\/wp\/v2\/categories?post=3463"},{"taxonomy":"post_tag","embeddable":true,"href":"https:\/\/pasahoy.com.ar\/ph\/wp-json\/wp\/v2\/tags?post=3463"}],"curies":[{"name":"wp","href":"https:\/\/api.w.org\/{rel}","templated":true}]}}