{"id":3460,"date":"2025-06-30T17:05:54","date_gmt":"2025-06-30T17:05:54","guid":{"rendered":"https:\/\/pasahoy.com.ar\/ph\/?p=3460"},"modified":"2025-06-30T17:06:09","modified_gmt":"2025-06-30T17:06:09","slug":"cayo-una-peligrosa-banda-de-motochorros-que-cometia-robos-en-caba-detuvieron-a-27-sospechosos","status":"publish","type":"post","link":"https:\/\/pasahoy.com.ar\/ph\/cayo-una-peligrosa-banda-de-motochorros-que-cometia-robos-en-caba-detuvieron-a-27-sospechosos\/","title":{"rendered":"Cay\u00f3 una peligrosa banda de motochorros que comet\u00eda robos en CABA: detuvieron a 27 sospechosos"},"content":{"rendered":"\n<p>La Polic\u00eda de la Ciudad realiz\u00f3 un megaoperativo en el conurbano bonaerense para detener a los acusados.<\/p>\n\n\n\n<p>Una peligrosa banda de motochorros que realizaba robos\u00a0<strong>cay\u00f3 tras un megaoperativo\u00a0<\/strong>en el sur del conurbano y en varios barrios de CABA. Hay\u00a0<strong>27 detenidos\u00a0<\/strong>tras 32 operativos.<\/p>\n\n\n\n<p>La investigaci\u00f3n comenz\u00f3 luego de que un joven fuera detenido por\u00a0<strong>robar una moto\u00a0<\/strong>en la Ciudad de Buenos Aires. Una vez detenido, la Polic\u00eda de la Ciudad secuestr\u00f3 su celular y encontr\u00f3 indicios de que podr\u00eda tratarse de algo m\u00e1s grande. <\/p>\n\n\n\n<p>Las pericias sobre el tel\u00e9fono revelaron una serie de mensajes que dar\u00edan cuenta de&nbsp;<strong>una asociaci\u00f3n il\u00edcita&nbsp;<\/strong>que involucraba a&nbsp;<strong>decenas de personas&nbsp;<\/strong>en todo el conurbano. No se trataba de un \u00fanico delincuente.<\/p>\n\n\n\n<p>La sospecha de los investigadores es que los delincuentes robaban motos para luego venderlas a un&nbsp;<strong>precio muy bajo o desarmarla y vender las partes.<\/strong><\/p>\n\n\n\n<p>Fue entonces que el Juzgado Nacional en lo Criminal y Correccional N\u00b05 orden\u00f3&nbsp;<strong>una serie de<\/strong>&nbsp;<strong>allanamientos&nbsp;<\/strong>sobre lugares sospechosos.<\/p>\n\n\n\n<p>En las \u00faltimas horas, se realizaron\u00a0<strong>32 allanamientos\u00a0<\/strong>que terminaron con\u00a0<strong>27 detenidos\u00a0<\/strong>en los municipios bonaerenses de\u00a0<a href=\"https:\/\/tn.com.ar\/policiales\/2025\/06\/28\/conmocion-en-lomas-de-zamora-un-joven-murio-tras-recibir-una-patada-en-la-cabeza-durante-un-partido-de-futbol\/\" target=\"_blank\" rel=\"noreferrer noopener\">Lomas de Zamora<\/a>y de\u00a0<a href=\"https:\/\/tn.com.ar\/policiales\/2025\/06\/26\/salvaje-asalto-en-lanus-delincuentes-atacaron-a-tres-mujeres-y-les-sacaron-el-auto-a-plena-luz-del-dia\/\" target=\"_blank\" rel=\"noreferrer noopener\"><strong>Lan\u00fas<\/strong><\/a><strong>.<\/strong> <\/p>\n\n\n\n<p>El \u00faltimo de los operativos se dio este lunes por la madrugada en el\u00a0<a href=\"https:\/\/tn.com.ar\/policiales\/2025\/06\/26\/una-mujer-asesino-a-punaladas-a-la-ex-de-su-novio-tras-discutir-por-una-torta-de-cumpleanos\/\" target=\"_blank\" rel=\"noreferrer noopener\">barrio<\/a>\u00a0de Villa Caraza, en Lan\u00fas, donde la Polic\u00eda de la Ciudad se\u00a0<strong>enfrent\u00f3 a tiros con tres delincuentes.<\/strong> <\/p>\n\n\n\n<p>Los polic\u00edas llegaron a la casa ubicada sobre&nbsp;<strong>Villegas al 4500<\/strong>&nbsp;para realizar el allanamiento, y los sospechosos comenzaron a&nbsp;<strong>dispararles desde el balc\u00f3n.<\/strong><\/p>\n\n\n\n<p>Fuentes policiales informaron que hubo una<strong>&nbsp;gran cantidad de disparos<\/strong>&nbsp;de armas de fuego y que incluso varios de los tiros dieron en el capot del patrullero.<\/p>\n\n\n\n<p>El tiroteo se dio a las 6.30 de la ma\u00f1ana de este lunes, seg\u00fan relataron los vecinos, frente a una escuela primaria y a minutos de que ingresaran los alumnos a estudiar. <\/p>\n\n\n\n<p>Uno de los vecinos presenci\u00f3 el enfrentamiento a tiros y relat\u00f3: \u201cEscuch\u00e9 los disparos, pero no pens\u00e9 que era un allanamiento. Me&nbsp;<strong>despertaron los disparos y los ruidos de cuando rompieron la puerta\u00bb<\/strong>.<\/p>\n\n\n\n<p>\u201cLos disparos vinieron desde el balc\u00f3n, a&nbsp;<strong>lo mejor el muchacho pens\u00f3 que le iban a entrar a robar.&nbsp;<\/strong>No se sinti\u00f3 ning\u00fan grito de advertencia de la polic\u00eda\u00bb, se\u00f1al\u00f3.<\/p>\n\n\n\n<p>El vecino tambi\u00e9n cont\u00f3 que en el lugar allanado funciona una carnicer\u00eda y que tambi\u00e9n est\u00e1 el garage de los detenidos. <\/p>\n\n\n\n<p>En ese sentido, cont\u00f3: \u201cLo conozco hace muchos a\u00f1os y nunca hubo movimientos raros. Por eso me llam\u00f3 la atenci\u00f3n que vinieran de esa manera los polic\u00edas\u201dFinalmente los tres agresores fueron detenidos y se confirm\u00f3 que este domicilio funcionaba como un taller mec\u00e1nico donde se desarmaban las motos y se vend\u00edan las partes.<\/p>\n\n\n\n<p>Los polic\u00edas porte\u00f1os secuestraron\u00a0<strong>dos motos,<\/strong>\u00a0una camioneta Volkswagen Amarok, una camioneta Renault Duster, un Volkswagen Gol, autopartes de distintos autos y motos,\u00a0<strong>cinco pistolas, una escopeta, un rifle, armas tumberas y municiones.<\/strong><\/p>\n\n\n\n<figure class=\"wp-block-gallery has-nested-images columns-default is-cropped wp-block-gallery-1 is-layout-flex wp-block-gallery-is-layout-flex\">\n<figure class=\"wp-block-image size-large\"><img loading=\"lazy\" decoding=\"async\" width=\"829\" height=\"548\" data-id=\"3461\" src=\"https:\/\/pasahoy.com.ar\/ph\/wp-content\/uploads\/2025\/06\/1000464967.png\" alt=\"\" class=\"wp-image-3461\" srcset=\"https:\/\/pasahoy.com.ar\/ph\/wp-content\/uploads\/2025\/06\/1000464967.png 829w, https:\/\/pasahoy.com.ar\/ph\/wp-content\/uploads\/2025\/06\/1000464967-300x198.png 300w, https:\/\/pasahoy.com.ar\/ph\/wp-content\/uploads\/2025\/06\/1000464967-768x508.png 768w\" sizes=\"auto, (max-width: 829px) 100vw, 829px\" \/><\/figure>\n<\/figure>\n","protected":false},"excerpt":{"rendered":"<p>La Polic\u00eda de la Ciudad realiz\u00f3 un megaoperativo en el conurbano bonaerense para detener a los acusados. Una peligrosa banda de motochorros que realizaba robos\u00a0cay\u00f3 tras un megaoperativo\u00a0en el sur del conurbano y en varios barrios de CABA. Hay\u00a027 detenidos\u00a0tras 32 operativos. La investigaci\u00f3n comenz\u00f3 luego de que un joven fuera detenido por\u00a0robar una moto\u00a0en [&hellip;]<\/p>\n","protected":false},"author":3,"featured_media":3461,"comment_status":"open","ping_status":"open","sticky":false,"template":"","format":"standard","meta":{"_jetpack_memberships_contains_paid_content":false,"footnotes":""},"categories":[9],"tags":[],"class_list":["post-3460","post","type-post","status-publish","format-standard","has-post-thumbnail","hentry","category-policial"],"jetpack_featured_media_url":"https:\/\/pasahoy.com.ar\/ph\/wp-content\/uploads\/2025\/06\/1000464967.png","jetpack_sharing_enabled":true,"_links":{"self":[{"href":"https:\/\/pasahoy.com.ar\/ph\/wp-json\/wp\/v2\/posts\/3460","targetHints":{"allow":["GET"]}}],"collection":[{"href":"https:\/\/pasahoy.com.ar\/ph\/wp-json\/wp\/v2\/posts"}],"about":[{"href":"https:\/\/pasahoy.com.ar\/ph\/wp-json\/wp\/v2\/types\/post"}],"author":[{"embeddable":true,"href":"https:\/\/pasahoy.com.ar\/ph\/wp-json\/wp\/v2\/users\/3"}],"replies":[{"embeddable":true,"href":"https:\/\/pasahoy.com.ar\/ph\/wp-json\/wp\/v2\/comments?post=3460"}],"version-history":[{"count":1,"href":"https:\/\/pasahoy.com.ar\/ph\/wp-json\/wp\/v2\/posts\/3460\/revisions"}],"predecessor-version":[{"id":3462,"href":"https:\/\/pasahoy.com.ar\/ph\/wp-json\/wp\/v2\/posts\/3460\/revisions\/3462"}],"wp:featuredmedia":[{"embeddable":true,"href":"https:\/\/pasahoy.com.ar\/ph\/wp-json\/wp\/v2\/media\/3461"}],"wp:attachment":[{"href":"https:\/\/pasahoy.com.ar\/ph\/wp-json\/wp\/v2\/media?parent=3460"}],"wp:term":[{"taxonomy":"category","embeddable":true,"href":"https:\/\/pasahoy.com.ar\/ph\/wp-json\/wp\/v2\/categories?post=3460"},{"taxonomy":"post_tag","embeddable":true,"href":"https:\/\/pasahoy.com.ar\/ph\/wp-json\/wp\/v2\/tags?post=3460"}],"curies":[{"name":"wp","href":"https:\/\/api.w.org\/{rel}","templated":true}]}}