{"id":3451,"date":"2025-06-30T16:26:33","date_gmt":"2025-06-30T16:26:33","guid":{"rendered":"https:\/\/pasahoy.com.ar\/ph\/?p=3451"},"modified":"2025-06-30T16:26:44","modified_gmt":"2025-06-30T16:26:44","slug":"tarifas-de-luz-y-gas-en-pleno-invierno-gobierno-aplica-nuevos-aumentos-desde-julio","status":"publish","type":"post","link":"https:\/\/pasahoy.com.ar\/ph\/tarifas-de-luz-y-gas-en-pleno-invierno-gobierno-aplica-nuevos-aumentos-desde-julio\/","title":{"rendered":"Tarifas de luz y gas en pleno invierno: Gobierno aplica nuevos aumentos desde julio"},"content":{"rendered":"\n<p>Seg\u00fan las resoluciones de la Secretar\u00eda de Energ\u00eda, los incrementos se ver\u00e1n oficializados a partir de julio para todos los usuarios y consumidores. <\/p>\n\n\n\n<p>El Gobierno nacional volver\u00e1 a aplicar una\u00a0<a href=\"https:\/\/www.ambito.com\/economia\/tarifas-oficializan-el-aumento-la-luz-junio-y-la-aplicacion-un-nuevo-recargo-el-gas-n6152247\" target=\"_blank\" rel=\"noreferrer noopener\"><strong>suba de tarifas de gas y electricidad<\/strong><\/a>\u00a0en medio del invierno. Seg\u00fan las resoluciones publicadas por la\u00a0<strong>Secretar\u00eda de Energ\u00eda<\/strong>\u00a0en el Bolet\u00edn Oficial, los incrementos se ver\u00e1n oficializados a partir de julio para todos los usuarios y consumidores. <\/p>\n\n\n\n<p>Sin embargo, las normativas publicadas por ahora establecen subas de precios a nivel mayorista.<strong>\u00a0En las pr\u00f3ximas horas se conocer\u00e1 el impacto final en las facturas, con otras resoluciones.<\/strong> <\/p>\n\n\n\n<h2 class=\"wp-block-heading\">\u00bfQu\u00e9 dice la Resoluci\u00f3n 280\/2025 de la Secretar\u00eda de Energ\u00eda?<\/h2>\n\n\n\n<p>La&nbsp;<strong>Resoluci\u00f3n 280\/2025<\/strong><strong>&nbsp;establece un nuevo esquema de remuneraci\u00f3n para la generaci\u00f3n el\u00e9ctrica no contractualizada<\/strong>&nbsp;en el Mercado El\u00e9ctrico Mayorista (MEM) y en el sistema de Tierra del Fuego (MEMSTDF), como parte de las acciones derivadas del estado de emergencia energ\u00e9tica declarado por los Decretos 55\/2023, 1023\/2024 y 370\/2025.<\/p>\n\n\n\n<p>El objetivo es\u00a0<strong>garantizar la confiabilidad y sustentabilidad del sistema el\u00e9ctrico<\/strong>, promoviendo un modelo m\u00e1s competitivo y eficiente desde el punto de vista econ\u00f3mico, en l\u00ednea con los marcos regulatorios vigentes (Leyes 15.336 y 24.065). <\/p>\n\n\n\n<p>Entre los cambios m\u00e1s relevantes se dispone:<\/p>\n\n\n\n<ul class=\"wp-block-list\">\n<li><strong>Un aumento del 1% en la remuneraci\u00f3n<\/strong>\u00a0para la generaci\u00f3n de energ\u00eda no contractualizada.<\/li>\n\n\n\n<li><strong>La actualizaci\u00f3n del Precio Spot m\u00e1ximo<\/strong>, que pasa a ser de\u00a0<strong>13.433 pesos por megavatio hora (MWh)<\/strong>\u00a0a partir del 1 de julio de 2025.<\/li>\n\n\n\n<li>La\u00a0<strong>sustituci\u00f3n de los Anexos I a V<\/strong>\u00a0de la Resoluci\u00f3n 227\/2025, los cuales fijaban los valores remunerativos previos,<strong>\u00a0<a href=\"https:\/\/www.boletinoficial.gob.ar\/detalleAviso\/primera\/327626\/20250630\" target=\"_blank\" rel=\"noreferrer noopener\">por estos nuevos Anexos<\/a><\/strong>.<\/li>\n<\/ul>\n\n\n\n<p>La medida tiene car\u00e1cter transitorio y excepcional hasta que se establezcan mecanismos regulatorios definitivos que aseguren un mercado el\u00e9ctrico competitivo, aut\u00f3nomo y de menor costo. Asimismo, se faculta a la Subsecretar\u00eda de Energ\u00eda El\u00e9ctrica a dictar normas complementarias para su implementaci\u00f3n.<\/p>\n\n\n\n<p>Finalmente, se instruye notificar a&nbsp;<strong>CAMMESA<\/strong>&nbsp;y a todos los agentes generadores del MEM y MEMSTDF, entrando en vigencia a partir de las transacciones econ\u00f3micas de&nbsp;<strong>julio de 2025<\/strong>.<\/p>\n\n\n\n<h2 class=\"wp-block-heading\">\u00bfQu\u00e9 dice la Resoluci\u00f3n 281\/2025 de la Secretar\u00eda de Energ\u00eda?<\/h2>\n\n\n\n<p>La&nbsp;<strong>Resoluci\u00f3n 281\/2025<\/strong>, publicada el 27 de junio de 2025 por la Secretar\u00eda de Energ\u00eda,&nbsp;<strong>actualiza los precios de referencia del gas natural en boca de pozo<\/strong>, aplicables indirectamente a la generaci\u00f3n el\u00e9ctrica y al esquema tarifario del servicio p\u00fablico.<\/p>\n\n\n\n<p>El ajuste responde a la necesidad de&nbsp;<strong>mantener precios y tarifas en niveles reales sostenibles<\/strong>&nbsp;para garantizar el funcionamiento del sistema energ\u00e9tico nacional, tal como fue instruido por el Ministerio de Econom\u00eda mediante la Nota N\u00b0 69144994.<\/p>\n\n\n\n<p>Principales puntos de la medida:<\/p>\n\n\n\n<ul class=\"wp-block-list\">\n<li><strong>Se actualizan los valores del Precio Estabilizado de la Energ\u00eda (PEE), el Precio de Referencia de la Potencia (POTREF) y el Precio Estabilizado del Transporte (PET)<\/strong>, que se utilizar\u00e1n en los cuadros tarifarios de los distribuidores el\u00e9ctricos del MEM (Mercado El\u00e9ctrico Mayorista) y del MEMSTDF (sistema Tierra del Fuego).<\/li>\n\n\n\n<li>Estos precios\u00a0<strong>regir\u00e1n del 1\u00b0 de julio al 31 de octubre de 2025<\/strong>, y buscan reflejar de manera m\u00e1s fiel los costos reales de abastecimiento del sistema el\u00e9ctrico.<\/li>\n\n\n\n<li>Se mantienen las\u00a0<strong>bonificaciones para usuarios residenciales Nivel 2 y Nivel 3<\/strong>, conforme al Decreto 465\/24, as\u00ed como los\u00a0<strong>l\u00edmites de consumo con precios diferenciados<\/strong>.<\/li>\n\n\n\n<li>Se establece que los\u00a0<strong>vol\u00famenes de energ\u00eda adquiridos deber\u00e1n ser respaldados por entes reguladores locales<\/strong>, como parte del control del esquema de subsidios.<\/li>\n\n\n\n<li>Se notificar\u00e1 a CAMMESA, al ENRE, a entes provinciales y cooperativas el\u00e9ctricas sobre esta resoluci\u00f3n para su implementaci\u00f3n efectiva.<\/li>\n\n\n\n<li>En s\u00edntesis, esta resoluci\u00f3n se enmarca en el proceso de\u00a0<strong>normalizaci\u00f3n y actualizaci\u00f3n gradual del precio del gas y la energ\u00eda<\/strong>\u00a0en Argentina, asegurando la sostenibilidad del sector sin afectar los beneficios tarifarios vigentes para los sectores m\u00e1s vulnerables.<\/li>\n<\/ul>\n\n\n\n<p>En s\u00edntesis, esta resoluci\u00f3n se enmarca en el proceso de&nbsp;<strong>normalizaci\u00f3n y actualizaci\u00f3n gradual del precio del gas y la energ\u00eda<\/strong>&nbsp;en Argentina, asegurando la sostenibilidad del sector sin afectar los beneficios tarifarios vigentes para los sectores m\u00e1s vulnerables.<\/p>\n\n\n\n<h2 class=\"wp-block-heading\">\u00bfQu\u00e9 dice la Resoluci\u00f3n 282\/2025 de la Secretar\u00eda de Energ\u00eda?<\/h2>\n\n\n\n<p>La&nbsp;<strong>Resoluci\u00f3n 282\/2025&nbsp;<\/strong><strong>establece nuevos precios del gas natural en el Punto de Ingreso al Sistema de Transporte (PIST)<\/strong>, que ser\u00e1n trasladados a los usuarios finales a partir de julio de 2025.<\/p>\n\n\n\n<p>Puntos clave de la resoluci\u00f3n:<\/p>\n\n\n\n<ul class=\"wp-block-list\">\n<li><strong>Actualizaci\u00f3n del precio del gas en el PIST<\/strong>:Se define el nuevo precio que deben pagar los usuarios finales, sobre la base de los contratos celebrados en el marco del\u00a0<strong>Plan Gas.Ar<\/strong>\u00a0(Decreto 892\/2020), con el objetivo de reflejar los costos reales de abastecimiento<\/li>\n<\/ul>\n\n\n\n<ul class=\"wp-block-list\">\n<li><strong>Reducci\u00f3n m\u00ednima y continuidad del sendero de precios<\/strong>:El precio del gas en el PIST se ajusta con una\u00a0<strong>reducci\u00f3n del 0,74% respecto al valor vigente<\/strong>, y se mantiene la pol\u00edtica de\u00a0<strong>actualizaci\u00f3n gradual de tarifas<\/strong>, tal como fue instruido por el Ministerio de Econom\u00eda.<\/li>\n\n\n\n<li><strong>Bonificaciones para usuarios residenciales N2 y N3<\/strong>:Se mantienen las\u00a0<strong>bonificaciones diferenciadas<\/strong>\u00a0para los usuarios de ingresos bajos (Nivel 2) y medios (Nivel 3), en base a los consumos base establecidos en resoluciones previas (91\/2024 y 24\/2025). El consumo que exceda esos l\u00edmites ser\u00e1 tarifado a un precio superior.<\/li>\n\n\n\n<li><strong>Adecuaci\u00f3n de contratos y revisi\u00f3n tarifaria<\/strong>:Las empresas productoras, distribuidoras y subdistribuidoras que forman parte del Plan Gas.Ar deber\u00e1n adecuar sus contratos en un plazo de 5 d\u00edas. Adem\u00e1s, se se\u00f1ala que las\u00a0<strong>tarifas de transporte y distribuci\u00f3n<\/strong>\u00a0ser\u00e1n revisadas por el\u00a0<strong>ENARGAS<\/strong>, conforme a sus revisiones tarifarias quinquenales.<\/li>\n\n\n\n<li><strong>Aplicaci\u00f3n inmediata<\/strong>:El nuevo precio en el PIST y sus bonificaciones entrar\u00e1n en vigencia desde su publicaci\u00f3n en el Bolet\u00edn Oficial, y deber\u00e1n ser reflejados por las empresas en las facturas de los usuarios, conforme lo establezca el ENARGAS. <\/li>\n<\/ul>\n\n\n\n<figure class=\"wp-block-gallery has-nested-images columns-default is-cropped wp-block-gallery-1 is-layout-flex wp-block-gallery-is-layout-flex\">\n<figure class=\"wp-block-image size-large\"><img loading=\"lazy\" decoding=\"async\" width=\"1024\" height=\"569\" data-id=\"3452\" src=\"https:\/\/pasahoy.com.ar\/ph\/wp-content\/uploads\/2025\/06\/1000464892-1024x569.png\" alt=\"\" class=\"wp-image-3452\" srcset=\"https:\/\/pasahoy.com.ar\/ph\/wp-content\/uploads\/2025\/06\/1000464892-1024x569.png 1024w, https:\/\/pasahoy.com.ar\/ph\/wp-content\/uploads\/2025\/06\/1000464892-300x167.png 300w, https:\/\/pasahoy.com.ar\/ph\/wp-content\/uploads\/2025\/06\/1000464892-768x427.png 768w, https:\/\/pasahoy.com.ar\/ph\/wp-content\/uploads\/2025\/06\/1000464892.png 1027w\" sizes=\"auto, (max-width: 1024px) 100vw, 1024px\" \/><\/figure>\n<\/figure>\n","protected":false},"excerpt":{"rendered":"<p>Seg\u00fan las resoluciones de la Secretar\u00eda de Energ\u00eda, los incrementos se ver\u00e1n oficializados a partir de julio para todos los usuarios y consumidores. El Gobierno nacional volver\u00e1 a aplicar una\u00a0suba de tarifas de gas y electricidad\u00a0en medio del invierno. Seg\u00fan las resoluciones publicadas por la\u00a0Secretar\u00eda de Energ\u00eda\u00a0en el Bolet\u00edn Oficial, los incrementos se ver\u00e1n oficializados [&hellip;]<\/p>\n","protected":false},"author":3,"featured_media":3452,"comment_status":"open","ping_status":"open","sticky":false,"template":"","format":"standard","meta":{"_jetpack_memberships_contains_paid_content":false,"footnotes":""},"categories":[2],"tags":[],"class_list":["post-3451","post","type-post","status-publish","format-standard","has-post-thumbnail","hentry","category-nacional"],"jetpack_featured_media_url":"https:\/\/pasahoy.com.ar\/ph\/wp-content\/uploads\/2025\/06\/1000464892.png","jetpack_sharing_enabled":true,"_links":{"self":[{"href":"https:\/\/pasahoy.com.ar\/ph\/wp-json\/wp\/v2\/posts\/3451","targetHints":{"allow":["GET"]}}],"collection":[{"href":"https:\/\/pasahoy.com.ar\/ph\/wp-json\/wp\/v2\/posts"}],"about":[{"href":"https:\/\/pasahoy.com.ar\/ph\/wp-json\/wp\/v2\/types\/post"}],"author":[{"embeddable":true,"href":"https:\/\/pasahoy.com.ar\/ph\/wp-json\/wp\/v2\/users\/3"}],"replies":[{"embeddable":true,"href":"https:\/\/pasahoy.com.ar\/ph\/wp-json\/wp\/v2\/comments?post=3451"}],"version-history":[{"count":1,"href":"https:\/\/pasahoy.com.ar\/ph\/wp-json\/wp\/v2\/posts\/3451\/revisions"}],"predecessor-version":[{"id":3453,"href":"https:\/\/pasahoy.com.ar\/ph\/wp-json\/wp\/v2\/posts\/3451\/revisions\/3453"}],"wp:featuredmedia":[{"embeddable":true,"href":"https:\/\/pasahoy.com.ar\/ph\/wp-json\/wp\/v2\/media\/3452"}],"wp:attachment":[{"href":"https:\/\/pasahoy.com.ar\/ph\/wp-json\/wp\/v2\/media?parent=3451"}],"wp:term":[{"taxonomy":"category","embeddable":true,"href":"https:\/\/pasahoy.com.ar\/ph\/wp-json\/wp\/v2\/categories?post=3451"},{"taxonomy":"post_tag","embeddable":true,"href":"https:\/\/pasahoy.com.ar\/ph\/wp-json\/wp\/v2\/tags?post=3451"}],"curies":[{"name":"wp","href":"https:\/\/api.w.org\/{rel}","templated":true}]}}