{"id":3448,"date":"2025-06-30T16:18:24","date_gmt":"2025-06-30T16:18:24","guid":{"rendered":"https:\/\/pasahoy.com.ar\/ph\/?p=3448"},"modified":"2025-06-30T16:18:37","modified_gmt":"2025-06-30T16:18:37","slug":"la-justicia-prohibio-salir-del-pais-a-un-deudor-laboral-y-bloqueo-total-de-sus-bienes","status":"publish","type":"post","link":"https:\/\/pasahoy.com.ar\/ph\/la-justicia-prohibio-salir-del-pais-a-un-deudor-laboral-y-bloqueo-total-de-sus-bienes\/","title":{"rendered":"LA JUSTICIA PROHIBI\u00d3 SALIR DEL PA\u00cdS A UN DEUDOR LABORAL Y BLOQUEO TOTAL DE SUS BIENES"},"content":{"rendered":"\n<p>El Juzgado de Trabajo y Conciliaci\u00f3n N\u00b0 6 de la Primera Circunscripci\u00f3n Judicial, con sede en la ciudad de La Rioja, a cargo del juez laboral Dr. Ariel Marco, orden\u00f3 la prohibici\u00f3n de salida del pa\u00eds, la inhibici\u00f3n general de bienes, el bloqueo de cuentas bancarias y la prohibici\u00f3n de operar en mercados burs\u00e1tiles a un empleador moroso en el marco de un proceso de ejecuci\u00f3n de sentencia laboral.<\/p>\n\n\n\n<figure class=\"wp-block-gallery has-nested-images columns-default is-cropped wp-block-gallery-1 is-layout-flex wp-block-gallery-is-layout-flex\">\n<figure class=\"wp-block-image size-large\"><img loading=\"lazy\" decoding=\"async\" width=\"852\" height=\"563\" data-id=\"3449\" src=\"https:\/\/pasahoy.com.ar\/ph\/wp-content\/uploads\/2025\/06\/1000464877.png\" alt=\"\" class=\"wp-image-3449\" srcset=\"https:\/\/pasahoy.com.ar\/ph\/wp-content\/uploads\/2025\/06\/1000464877.png 852w, https:\/\/pasahoy.com.ar\/ph\/wp-content\/uploads\/2025\/06\/1000464877-300x198.png 300w, https:\/\/pasahoy.com.ar\/ph\/wp-content\/uploads\/2025\/06\/1000464877-768x507.png 768w\" sizes=\"auto, (max-width: 852px) 100vw, 852px\" \/><\/figure>\n<\/figure>\n\n\n\n<p>En una decisi\u00f3n que sienta jurisprudencia en la ejecuci\u00f3n de cr\u00e9ditos laborales en la provincia de La Rioja, el Juzgado hizo lugar a una serie de medidas extraordinarias en el expediente iniciado por una demandante contra una empresa y su gerente por despido.<\/p>\n\n\n\n<p>El fallo se dict\u00f3 luego de m\u00e1s de 40 oficios infructuosos a entidades p\u00fablicas y privadas para localizar bienes del codemandado. En paralelo, se verificaron maniobras de despatrimonializaci\u00f3n, como la transferencia de sus cuotas societarias y la invocaci\u00f3n de un divorcio como causal de insolvencia.<\/p>\n\n\n\n<p>El magistrado consider\u00f3 que el cr\u00e9dito laboral \u2014por su car\u00e1cter alimentario\u2014 exige una tutela reforzada y aplic\u00f3 de forma anal\u00f3gica el art\u00edculo 553 del C\u00f3digo Civil y Comercial, reservado originalmente para casos de incumplimiento alimentario. Con base en ello, prohibi\u00f3 la salida del pa\u00eds del codemandado hasta tanto se cancele la deuda, medida in\u00e9dita en el fuero laboral riojano.<\/p>\n\n\n\n<p>Entre otras medidas, se dispuso:<\/p>\n\n\n\n<p>Inhibici\u00f3n general de bienes, registrada en todos los organismos pertinentes.<br>Prohibici\u00f3n de innovar y contratar, para evitar la diluci\u00f3n del patrimonio.<br>Bloqueo de cuentas bancarias y billeteras virtuales, hasta cubrir el total adeudado.<br>Prohibici\u00f3n de operar en mercados burs\u00e1tiles, con comunicaci\u00f3n a la Comisi\u00f3n Nacional de Valores.<br>Eximici\u00f3n de contracautela a la trabajadora, en virtud del car\u00e1cter alimentario del cr\u00e9dito.<br>El fallo considera que permitir la inejecuci\u00f3n de sentencias laborales firmes, especialmente en contextos de insolvencia fraudulenta, implica una \u201ccierta burla de la justicia\u201d y pone en riesgo el derecho constitucional a la tutela judicial efectiva.<\/p>\n\n\n\n<p>Se trata de la primera vez que un juzgado laboral en La Rioja dispone la prohibici\u00f3n de salir del pa\u00eds como medida cautelar en una ejecuci\u00f3n de sentencia, asimilando el cr\u00e9dito laboral al alimentario por su funci\u00f3n vital. Este fallo fue publicado por la editorial Rubinzal-Culzoni destacando las particularidades de las medidas dispuestas en el mismo, en virtud de tratarse de un Reclamo Indemnizatoria por Despido.<\/p>\n","protected":false},"excerpt":{"rendered":"<p>El Juzgado de Trabajo y Conciliaci\u00f3n N\u00b0 6 de la Primera Circunscripci\u00f3n Judicial, con sede en la ciudad de La Rioja, a cargo del juez laboral Dr. Ariel Marco, orden\u00f3 la prohibici\u00f3n de salida del pa\u00eds, la inhibici\u00f3n general de bienes, el bloqueo de cuentas bancarias y la prohibici\u00f3n de operar en mercados burs\u00e1tiles a [&hellip;]<\/p>\n","protected":false},"author":3,"featured_media":3449,"comment_status":"open","ping_status":"open","sticky":false,"template":"","format":"standard","meta":{"_jetpack_memberships_contains_paid_content":false,"footnotes":""},"categories":[12],"tags":[],"class_list":["post-3448","post","type-post","status-publish","format-standard","has-post-thumbnail","hentry","category-judicial"],"jetpack_featured_media_url":"https:\/\/pasahoy.com.ar\/ph\/wp-content\/uploads\/2025\/06\/1000464877.png","jetpack_sharing_enabled":true,"_links":{"self":[{"href":"https:\/\/pasahoy.com.ar\/ph\/wp-json\/wp\/v2\/posts\/3448","targetHints":{"allow":["GET"]}}],"collection":[{"href":"https:\/\/pasahoy.com.ar\/ph\/wp-json\/wp\/v2\/posts"}],"about":[{"href":"https:\/\/pasahoy.com.ar\/ph\/wp-json\/wp\/v2\/types\/post"}],"author":[{"embeddable":true,"href":"https:\/\/pasahoy.com.ar\/ph\/wp-json\/wp\/v2\/users\/3"}],"replies":[{"embeddable":true,"href":"https:\/\/pasahoy.com.ar\/ph\/wp-json\/wp\/v2\/comments?post=3448"}],"version-history":[{"count":1,"href":"https:\/\/pasahoy.com.ar\/ph\/wp-json\/wp\/v2\/posts\/3448\/revisions"}],"predecessor-version":[{"id":3450,"href":"https:\/\/pasahoy.com.ar\/ph\/wp-json\/wp\/v2\/posts\/3448\/revisions\/3450"}],"wp:featuredmedia":[{"embeddable":true,"href":"https:\/\/pasahoy.com.ar\/ph\/wp-json\/wp\/v2\/media\/3449"}],"wp:attachment":[{"href":"https:\/\/pasahoy.com.ar\/ph\/wp-json\/wp\/v2\/media?parent=3448"}],"wp:term":[{"taxonomy":"category","embeddable":true,"href":"https:\/\/pasahoy.com.ar\/ph\/wp-json\/wp\/v2\/categories?post=3448"},{"taxonomy":"post_tag","embeddable":true,"href":"https:\/\/pasahoy.com.ar\/ph\/wp-json\/wp\/v2\/tags?post=3448"}],"curies":[{"name":"wp","href":"https:\/\/api.w.org\/{rel}","templated":true}]}}