{"id":3445,"date":"2025-06-30T16:15:08","date_gmt":"2025-06-30T16:15:08","guid":{"rendered":"https:\/\/pasahoy.com.ar\/ph\/?p=3445"},"modified":"2025-06-30T16:15:21","modified_gmt":"2025-06-30T16:15:21","slug":"una-jueza-laboral-declaro-inconstitucional-un-dnu-de-milei-que-limitaba-el-derecho-a-huelga-a-pedido-de-la-cgt","status":"publish","type":"post","link":"https:\/\/pasahoy.com.ar\/ph\/una-jueza-laboral-declaro-inconstitucional-un-dnu-de-milei-que-limitaba-el-derecho-a-huelga-a-pedido-de-la-cgt\/","title":{"rendered":"Una jueza laboral declar\u00f3 inconstitucional un DNU de Milei que limitaba el derecho a huelga, a pedido de la CGT"},"content":{"rendered":"\n<p>El Juzgado Nacional del Trabajo N\u00b0 3, a cargo de la jueza Moira Fullana, decidi\u00f3 dar lugar al&nbsp;<strong>amparo presentado por la CGT contra la medida del presidente Javier Milei<\/strong>&nbsp;que limitaba el&nbsp;<strong>derecho a huelga<\/strong>. De esta manera, la Justicia declar\u00f3 como inv\u00e1lidos los&nbsp;<strong>art\u00edculos 2 y 3 del DNU 340\/25<\/strong>, que declaraban como&nbsp;<strong>servicio esencial la navegaci\u00f3n<\/strong>&nbsp;y exig\u00edan la prestaci\u00f3n de servicios m\u00ednimos en un 75% en el marco de conflictos colectivos como paros y otras medidas de fuerza.<\/p>\n\n\n\n<p>El fallo de la Justicia responde a un\u00a0<strong>recurso de amparo presentado por la CGT contra el Poder Ejecutivo Nacional,<\/strong>\u00a0donde se afirma que el decreto presidencial \u00abvulnera en forma ostensible y manifiesta\u00bb el art\u00edculo 99 de la Constituci\u00f3n Nacional, adem\u00e1s de \u00abviolar la divisi\u00f3n de poderes\u00bb y establecer modificaciones \u00abpeyorativas\u00bb a los derechos de los trabajadores. <\/p>\n\n\n\n<p>Por su parte, la jueza Fullana se\u00f1al\u00f3 en el fallo durante la fecha en que se public\u00f3 el DNU 340\/25 \u00abel Congreso de la Naci\u00f3n Argentina\u00a0<strong>se encontraba en pleno funcionamiento<\/strong>\u00bb y no considera que existan \u00abcircunstancias excepcionales\u00bb que impidan avanzar con la decisi\u00f3n legislativa en el Congreso. <\/p>\n\n\n\n<p>la magistrada se\u00f1ala que el ejercicio de facultades legislativas por parte del Gobierno \u00abse hace bajo condiciones de rigurosa excepcionalidad\u00bb, que no estaban dadas al momento de firmar el decreto en cuesti\u00f3n.<\/p>\n\n\n\n<p>\u00abPara que el Poder Ejecutivo pueda ejercer leg\u00edtimamente facultades legislativas que, en principio, le son ajenas, es necesaria la concurrencia de alguna de estas dos circunstancias\u00bb, indica el fallo y enumera: \u00abQue sea imposible dictar la ley mediante el tr\u00e1mite ordinario previsto por la Constituci\u00f3n; o que la situaci\u00f3n que requiere soluci\u00f3n legislativa sea de una urgencia tal que deba ser solucionada inmediatamente\u00bb.<\/p>\n\n\n\n<p>La magistrada tambi\u00e9n consider\u00f3 que l<strong>a norma vulner\u00f3 la libertad sindical.<\/strong>&nbsp;El DNU ampliaba la lista de servicios esenciales, limitando el derecho de huelga en sectores como la marina mercante. La CGT argument\u00f3 que esto<strong>&nbsp;violaba tratados internacionales y el art\u00edculo 14 bis de la Constituci\u00f3n<\/strong>, que garantiza la libertad sindical. Al respecto, Fullana record\u00f3 que la OIT advierte contra definiciones extensivas de \u00abservicios esenciales\u00bb, ya que pueden debilitar derechos laborales.<\/p>\n\n\n\n<figure class=\"wp-block-gallery has-nested-images columns-default is-cropped wp-block-gallery-1 is-layout-flex wp-block-gallery-is-layout-flex\">\n<figure class=\"wp-block-image size-large\"><img loading=\"lazy\" decoding=\"async\" width=\"969\" height=\"545\" data-id=\"3446\" src=\"https:\/\/pasahoy.com.ar\/ph\/wp-content\/uploads\/2025\/06\/1000464863.png\" alt=\"\" class=\"wp-image-3446\" srcset=\"https:\/\/pasahoy.com.ar\/ph\/wp-content\/uploads\/2025\/06\/1000464863.png 969w, https:\/\/pasahoy.com.ar\/ph\/wp-content\/uploads\/2025\/06\/1000464863-300x169.png 300w, https:\/\/pasahoy.com.ar\/ph\/wp-content\/uploads\/2025\/06\/1000464863-768x432.png 768w\" sizes=\"auto, (max-width: 969px) 100vw, 969px\" \/><\/figure>\n<\/figure>\n","protected":false},"excerpt":{"rendered":"<p>El Juzgado Nacional del Trabajo N\u00b0 3, a cargo de la jueza Moira Fullana, decidi\u00f3 dar lugar al&nbsp;amparo presentado por la CGT contra la medida del presidente Javier Milei&nbsp;que limitaba el&nbsp;derecho a huelga. De esta manera, la Justicia declar\u00f3 como inv\u00e1lidos los&nbsp;art\u00edculos 2 y 3 del DNU 340\/25, que declaraban como&nbsp;servicio esencial la navegaci\u00f3n&nbsp;y exig\u00edan [&hellip;]<\/p>\n","protected":false},"author":3,"featured_media":3446,"comment_status":"open","ping_status":"open","sticky":false,"template":"","format":"standard","meta":{"_jetpack_memberships_contains_paid_content":false,"footnotes":""},"categories":[2],"tags":[],"class_list":["post-3445","post","type-post","status-publish","format-standard","has-post-thumbnail","hentry","category-nacional"],"jetpack_featured_media_url":"https:\/\/pasahoy.com.ar\/ph\/wp-content\/uploads\/2025\/06\/1000464863.png","jetpack_sharing_enabled":true,"_links":{"self":[{"href":"https:\/\/pasahoy.com.ar\/ph\/wp-json\/wp\/v2\/posts\/3445","targetHints":{"allow":["GET"]}}],"collection":[{"href":"https:\/\/pasahoy.com.ar\/ph\/wp-json\/wp\/v2\/posts"}],"about":[{"href":"https:\/\/pasahoy.com.ar\/ph\/wp-json\/wp\/v2\/types\/post"}],"author":[{"embeddable":true,"href":"https:\/\/pasahoy.com.ar\/ph\/wp-json\/wp\/v2\/users\/3"}],"replies":[{"embeddable":true,"href":"https:\/\/pasahoy.com.ar\/ph\/wp-json\/wp\/v2\/comments?post=3445"}],"version-history":[{"count":1,"href":"https:\/\/pasahoy.com.ar\/ph\/wp-json\/wp\/v2\/posts\/3445\/revisions"}],"predecessor-version":[{"id":3447,"href":"https:\/\/pasahoy.com.ar\/ph\/wp-json\/wp\/v2\/posts\/3445\/revisions\/3447"}],"wp:featuredmedia":[{"embeddable":true,"href":"https:\/\/pasahoy.com.ar\/ph\/wp-json\/wp\/v2\/media\/3446"}],"wp:attachment":[{"href":"https:\/\/pasahoy.com.ar\/ph\/wp-json\/wp\/v2\/media?parent=3445"}],"wp:term":[{"taxonomy":"category","embeddable":true,"href":"https:\/\/pasahoy.com.ar\/ph\/wp-json\/wp\/v2\/categories?post=3445"},{"taxonomy":"post_tag","embeddable":true,"href":"https:\/\/pasahoy.com.ar\/ph\/wp-json\/wp\/v2\/tags?post=3445"}],"curies":[{"name":"wp","href":"https:\/\/api.w.org\/{rel}","templated":true}]}}