{"id":3435,"date":"2025-06-30T16:07:00","date_gmt":"2025-06-30T16:07:00","guid":{"rendered":"https:\/\/pasahoy.com.ar\/ph\/?p=3435"},"modified":"2025-06-30T16:07:00","modified_gmt":"2025-06-30T16:07:00","slug":"avanza-la-conexion-del-primer-parque-solar-en-pituil-y-se-repotencia-la-red-electrica-de-famatina","status":"publish","type":"post","link":"https:\/\/pasahoy.com.ar\/ph\/avanza-la-conexion-del-primer-parque-solar-en-pituil-y-se-repotencia-la-red-electrica-de-famatina\/","title":{"rendered":"Avanza la conexi\u00f3n del primer parque solar en Pituil y se repotencia la red el\u00e9ctrica de Famatina"},"content":{"rendered":"\n<p><em>La obra eleva de 10\u202fa\u202f100\u202fkVA la capacidad de la subestaci\u00f3n transformadora, extiende 220\u202fmetros de l\u00ednea de baja tensi\u00f3n y suma 230\u202fmetros de luminarias sobre la RN\u202f40; es uno de los cinco parques solares que el Gobierno de La Rioja construye en simult\u00e1neo para diversificar la matriz energ\u00e9tica provincial.<\/em><\/p>\n\n\n\n<figure class=\"wp-block-gallery has-nested-images columns-default is-cropped wp-block-gallery-1 is-layout-flex wp-block-gallery-is-layout-flex\">\n<figure class=\"wp-block-image size-large\"><img loading=\"lazy\" decoding=\"async\" width=\"1024\" height=\"879\" data-id=\"3437\" src=\"https:\/\/pasahoy.com.ar\/ph\/wp-content\/uploads\/2025\/06\/1000464853-1024x879.jpg\" alt=\"\" class=\"wp-image-3437\" srcset=\"https:\/\/pasahoy.com.ar\/ph\/wp-content\/uploads\/2025\/06\/1000464853-1024x879.jpg 1024w, https:\/\/pasahoy.com.ar\/ph\/wp-content\/uploads\/2025\/06\/1000464853-300x257.jpg 300w, https:\/\/pasahoy.com.ar\/ph\/wp-content\/uploads\/2025\/06\/1000464853-768x659.jpg 768w, https:\/\/pasahoy.com.ar\/ph\/wp-content\/uploads\/2025\/06\/1000464853-1536x1318.jpg 1536w, https:\/\/pasahoy.com.ar\/ph\/wp-content\/uploads\/2025\/06\/1000464853.jpg 1600w\" sizes=\"auto, (max-width: 1024px) 100vw, 1024px\" \/><\/figure>\n\n\n\n<figure class=\"wp-block-image size-large\"><img loading=\"lazy\" decoding=\"async\" width=\"1024\" height=\"990\" data-id=\"3436\" src=\"https:\/\/pasahoy.com.ar\/ph\/wp-content\/uploads\/2025\/06\/1000464854-1024x990.jpg\" alt=\"\" class=\"wp-image-3436\" srcset=\"https:\/\/pasahoy.com.ar\/ph\/wp-content\/uploads\/2025\/06\/1000464854-1024x990.jpg 1024w, https:\/\/pasahoy.com.ar\/ph\/wp-content\/uploads\/2025\/06\/1000464854-300x290.jpg 300w, https:\/\/pasahoy.com.ar\/ph\/wp-content\/uploads\/2025\/06\/1000464854-768x743.jpg 768w, https:\/\/pasahoy.com.ar\/ph\/wp-content\/uploads\/2025\/06\/1000464854-1536x1485.jpg 1536w, https:\/\/pasahoy.com.ar\/ph\/wp-content\/uploads\/2025\/06\/1000464854.jpg 1600w\" sizes=\"auto, (max-width: 1024px) 100vw, 1024px\" \/><\/figure>\n<\/figure>\n\n\n\n<p>El gobierno de La Rioja contin\u00faa ejecutando obras claves para el desarrollo de energ\u00edas limpias y sustentables. En esta oportunidad, se registran importantes avances en la localidad de Pituil, departamento Famatina, donde se encuentra en etapa final la instalaci\u00f3n del primer parque solar municipal, que forma parte del plan estrat\u00e9gico que impulsa el gobernador Ricardo Quintela para transformar la matriz energ\u00e9tica de la Provincia.<br>Los trabajos actuales se centran en la adecuaci\u00f3n de la infraestructura el\u00e9ctrica necesaria para vincular el parque solar al sistema de distribuci\u00f3n.<br>En ese marco, el subsecretario de Energ\u00eda de la provincia, Aldo Morales, explic\u00f3 que el Gobierno provincial \u201cse encuentra trabajando en la repotenciaci\u00f3n de la subestaci\u00f3n transformadora, pasando de una potencia de 10 kVA a 100 kVA, lo que permitir\u00e1 absorber y redistribuir la energ\u00eda generada por los paneles solares de una forma eficiente\u201d.<br>Adem\u00e1s, destac\u00f3 que \u201cdurante estos trabajos, tambi\u00e9n realizamos una extensi\u00f3n de 220 metros de l\u00ednea de baja tensi\u00f3n con su respectivo puesto de medici\u00f3n, fundamental para el control y monitoreo de la generaci\u00f3n el\u00e9ctrica del parque\u201d.<br>Esta obra se ejecuta en el departamento por solicitud de la intendenta Adriana Olima al gobernador Ricardo Quintela, como parte del plan energ\u00e9tico que se lleva adelante en la provincia.<\/p>\n\n\n\n<p><em>Luminarias<\/em><br>En este sentido, el funcionario provincial tambi\u00e9n dijo que, como parte del mismo proyecto, \u201cse avanza tambi\u00e9n con una obra de iluminaci\u00f3n p\u00fablica en el nuevo ingreso a Pituil, a la vera de la Ruta Nacional N.\u00ba 40. Esta etapa contempla la instalaci\u00f3n de 230 metros de luminarias, cuya puesta en funcionamiento se prev\u00e9 en los pr\u00f3ximos d\u00edas, aportando mayor seguridad y visibilidad a vecinos y visitantes\u201d.<br>Este parque solar es uno de los cinco que se construyen de manera simult\u00e1nea en distintos departamentos de la Provincia, consolidando el compromiso del Gobierno provincial con la sustentabilidad, la eficiencia energ\u00e9tica y el desarrollo federal.<br>Por \u00faltimo, el subsecretario dijo que \u201cestas acciones no solo representan un paso hacia un modelo energ\u00e9tico m\u00e1s limpio, sino que tambi\u00e9n impulsan el crecimiento de las comunidades locales, generando ahorro energ\u00e9tico, infraestructura moderna y mano de obra calificada\u201d.<\/p>\n","protected":false},"excerpt":{"rendered":"<p>La obra eleva de 10\u202fa\u202f100\u202fkVA la capacidad de la subestaci\u00f3n transformadora, extiende 220\u202fmetros de l\u00ednea de baja tensi\u00f3n y suma 230\u202fmetros de luminarias sobre la RN\u202f40; es uno de los cinco parques solares que el Gobierno de La Rioja construye en simult\u00e1neo para diversificar la matriz energ\u00e9tica provincial. El gobierno de La Rioja contin\u00faa ejecutando [&hellip;]<\/p>\n","protected":false},"author":3,"featured_media":3437,"comment_status":"open","ping_status":"open","sticky":false,"template":"","format":"standard","meta":{"_jetpack_memberships_contains_paid_content":false,"footnotes":""},"categories":[1],"tags":[],"class_list":["post-3435","post","type-post","status-publish","format-standard","has-post-thumbnail","hentry","category-local"],"jetpack_featured_media_url":"https:\/\/pasahoy.com.ar\/ph\/wp-content\/uploads\/2025\/06\/1000464853.jpg","jetpack_sharing_enabled":true,"_links":{"self":[{"href":"https:\/\/pasahoy.com.ar\/ph\/wp-json\/wp\/v2\/posts\/3435","targetHints":{"allow":["GET"]}}],"collection":[{"href":"https:\/\/pasahoy.com.ar\/ph\/wp-json\/wp\/v2\/posts"}],"about":[{"href":"https:\/\/pasahoy.com.ar\/ph\/wp-json\/wp\/v2\/types\/post"}],"author":[{"embeddable":true,"href":"https:\/\/pasahoy.com.ar\/ph\/wp-json\/wp\/v2\/users\/3"}],"replies":[{"embeddable":true,"href":"https:\/\/pasahoy.com.ar\/ph\/wp-json\/wp\/v2\/comments?post=3435"}],"version-history":[{"count":1,"href":"https:\/\/pasahoy.com.ar\/ph\/wp-json\/wp\/v2\/posts\/3435\/revisions"}],"predecessor-version":[{"id":3438,"href":"https:\/\/pasahoy.com.ar\/ph\/wp-json\/wp\/v2\/posts\/3435\/revisions\/3438"}],"wp:featuredmedia":[{"embeddable":true,"href":"https:\/\/pasahoy.com.ar\/ph\/wp-json\/wp\/v2\/media\/3437"}],"wp:attachment":[{"href":"https:\/\/pasahoy.com.ar\/ph\/wp-json\/wp\/v2\/media?parent=3435"}],"wp:term":[{"taxonomy":"category","embeddable":true,"href":"https:\/\/pasahoy.com.ar\/ph\/wp-json\/wp\/v2\/categories?post=3435"},{"taxonomy":"post_tag","embeddable":true,"href":"https:\/\/pasahoy.com.ar\/ph\/wp-json\/wp\/v2\/tags?post=3435"}],"curies":[{"name":"wp","href":"https:\/\/api.w.org\/{rel}","templated":true}]}}