{"id":3432,"date":"2025-06-30T16:05:58","date_gmt":"2025-06-30T16:05:58","guid":{"rendered":"https:\/\/pasahoy.com.ar\/ph\/?p=3432"},"modified":"2025-06-30T16:05:58","modified_gmt":"2025-06-30T16:05:58","slug":"convocan-a-participar-de-las-iv-jornadas-provinciales-de-archivos-publicos-2025","status":"publish","type":"post","link":"https:\/\/pasahoy.com.ar\/ph\/convocan-a-participar-de-las-iv-jornadas-provinciales-de-archivos-publicos-2025\/","title":{"rendered":"Convocan a participar de las IV Jornadas Provinciales de Archivos P\u00fablicos 2025"},"content":{"rendered":"\n<p>Las jornadas se realizar\u00e1n el 4 y 5 de septiembre en el Paseo Cultural y reunir\u00e1n a especialistas locales y nacionales para debatir sobre los desaf\u00edos actuales en la gesti\u00f3n documental. Habr\u00e1 talleres, ponencias y una convocatoria abierta a instituciones para compartir experiencias y proyectos.<\/p>\n\n\n\n<figure class=\"wp-block-gallery has-nested-images columns-default is-cropped wp-block-gallery-1 is-layout-flex wp-block-gallery-is-layout-flex\">\n<figure class=\"wp-block-image size-large\"><img loading=\"lazy\" decoding=\"async\" width=\"819\" height=\"1024\" data-id=\"3433\" src=\"https:\/\/pasahoy.com.ar\/ph\/wp-content\/uploads\/2025\/06\/1000464849-819x1024.jpg\" alt=\"\" class=\"wp-image-3433\" srcset=\"https:\/\/pasahoy.com.ar\/ph\/wp-content\/uploads\/2025\/06\/1000464849-819x1024.jpg 819w, https:\/\/pasahoy.com.ar\/ph\/wp-content\/uploads\/2025\/06\/1000464849-240x300.jpg 240w, https:\/\/pasahoy.com.ar\/ph\/wp-content\/uploads\/2025\/06\/1000464849-768x960.jpg 768w, https:\/\/pasahoy.com.ar\/ph\/wp-content\/uploads\/2025\/06\/1000464849.jpg 1024w\" sizes=\"auto, (max-width: 819px) 100vw, 819px\" \/><\/figure>\n<\/figure>\n\n\n\n<p>El Gobierno de La Rioja, a trav\u00e9s de la Direcci\u00f3n de Archivo, Digesto y Registro Oficial de la provincia de La Rioja, dependiente de la Secretar\u00eda General de la Gobernaci\u00f3n, invita a participar de las IV Jornadas Provinciales de Archivos P\u00fablicos, que se desarrollar\u00e1n los d\u00edas 4 y 5 de septiembre en el Paseo Cultural Pedro Ignacio de Castro Barros. La recepci\u00f3n de propuestas es hasta el 15 de agosto pr\u00f3ximo.<br>Bajo el lema \u201cArchivos p\u00fablicos hoy: entre la norma y la innovaci\u00f3n\u201d, esta propuesta busca generar un espacio de encuentro, reflexi\u00f3n, formaci\u00f3n e intercambio entre trabajadores de archivos, responsables institucionales, profesionales del \u00e1rea y p\u00fablico interesado en la gesti\u00f3n documental p\u00fablica.<br>Entre los objetivos de las jornadas se encuentra el compartir experiencias institucionales en digitalizaci\u00f3n, automatizaci\u00f3n y eliminaci\u00f3n documental; promover la actualizaci\u00f3n t\u00e9cnica y normativa; abordar los desaf\u00edos actuales de los archivos p\u00fablicos desde una mirada estrat\u00e9gica y colaborativa.<br>Los disertantes y exponentes ser\u00e1n profesionales destacados de nuestra provincia y de otras provincias que tocaran temas tales como \u00abTaller pr\u00e1ctico sobre digitalizaci\u00f3n\u00bb, dictado por un T\u00e9cnico especialista en Sistemas y Redes o \u201cNormativas de eliminaci\u00f3n documental: marco legal, buenas pr\u00e1cticas y desaf\u00edos\u201d.<\/p>\n\n\n\n<p><em>Convocatoria abierta<\/em><br>Se invita a las instituciones a participar con: ponencias orales con experiencias o investigaciones; posters cient\u00edficos y muestras institucionales.<br>La recepci\u00f3n de propuestas es hasta el 15 de agosto pr\u00f3ximo, y la confirmaci\u00f3n de trabajos seleccionados ser\u00e1 a partir del 5 de agosto.<br>Los contactos para informaci\u00f3n, consultas o inscripci\u00f3n son a trav\u00e9s del correo: dadyro.lr@gmail.com y el tel\u00e9fono 380 208488 (lunes a viernes, de 8 a 12 y de 18 a 21).<br>Cabe destacar que las jornadas est\u00e1n enmarcadas en el cumplimiento de la Ley Provincial N.\u00ba 10.080, que establece pol\u00edticas p\u00fablicas sobre archivos, y se posicionan como una instancia clave para seguir fortaleciendo la transparencia, la eficiencia administrativa y el acceso a la informaci\u00f3n p\u00fablica en La Rioja.<\/p>\n","protected":false},"excerpt":{"rendered":"<p>Las jornadas se realizar\u00e1n el 4 y 5 de septiembre en el Paseo Cultural y reunir\u00e1n a especialistas locales y nacionales para debatir sobre los desaf\u00edos actuales en la gesti\u00f3n documental. Habr\u00e1 talleres, ponencias y una convocatoria abierta a instituciones para compartir experiencias y proyectos. El Gobierno de La Rioja, a trav\u00e9s de la Direcci\u00f3n [&hellip;]<\/p>\n","protected":false},"author":3,"featured_media":3433,"comment_status":"open","ping_status":"open","sticky":false,"template":"","format":"standard","meta":{"_jetpack_memberships_contains_paid_content":false,"footnotes":""},"categories":[1],"tags":[],"class_list":["post-3432","post","type-post","status-publish","format-standard","has-post-thumbnail","hentry","category-local"],"jetpack_featured_media_url":"https:\/\/pasahoy.com.ar\/ph\/wp-content\/uploads\/2025\/06\/1000464849.jpg","jetpack_sharing_enabled":true,"_links":{"self":[{"href":"https:\/\/pasahoy.com.ar\/ph\/wp-json\/wp\/v2\/posts\/3432","targetHints":{"allow":["GET"]}}],"collection":[{"href":"https:\/\/pasahoy.com.ar\/ph\/wp-json\/wp\/v2\/posts"}],"about":[{"href":"https:\/\/pasahoy.com.ar\/ph\/wp-json\/wp\/v2\/types\/post"}],"author":[{"embeddable":true,"href":"https:\/\/pasahoy.com.ar\/ph\/wp-json\/wp\/v2\/users\/3"}],"replies":[{"embeddable":true,"href":"https:\/\/pasahoy.com.ar\/ph\/wp-json\/wp\/v2\/comments?post=3432"}],"version-history":[{"count":1,"href":"https:\/\/pasahoy.com.ar\/ph\/wp-json\/wp\/v2\/posts\/3432\/revisions"}],"predecessor-version":[{"id":3434,"href":"https:\/\/pasahoy.com.ar\/ph\/wp-json\/wp\/v2\/posts\/3432\/revisions\/3434"}],"wp:featuredmedia":[{"embeddable":true,"href":"https:\/\/pasahoy.com.ar\/ph\/wp-json\/wp\/v2\/media\/3433"}],"wp:attachment":[{"href":"https:\/\/pasahoy.com.ar\/ph\/wp-json\/wp\/v2\/media?parent=3432"}],"wp:term":[{"taxonomy":"category","embeddable":true,"href":"https:\/\/pasahoy.com.ar\/ph\/wp-json\/wp\/v2\/categories?post=3432"},{"taxonomy":"post_tag","embeddable":true,"href":"https:\/\/pasahoy.com.ar\/ph\/wp-json\/wp\/v2\/tags?post=3432"}],"curies":[{"name":"wp","href":"https:\/\/api.w.org\/{rel}","templated":true}]}}