{"id":3423,"date":"2025-06-29T17:02:25","date_gmt":"2025-06-29T17:02:25","guid":{"rendered":"https:\/\/pasahoy.com.ar\/ph\/?p=3423"},"modified":"2025-06-29T17:02:25","modified_gmt":"2025-06-29T17:02:25","slug":"la-dura-respuesta-de-estados-unidos-a-iran-por-las-amenazas-contra-el-argentino-rafael-grossi","status":"publish","type":"post","link":"https:\/\/pasahoy.com.ar\/ph\/la-dura-respuesta-de-estados-unidos-a-iran-por-las-amenazas-contra-el-argentino-rafael-grossi\/","title":{"rendered":"La dura respuesta de Estados Unidos a Ir\u00e1n por las amenazas contra el argentino Rafael Grossi"},"content":{"rendered":"\n<p>El Gobierno de Trump sali\u00f3 a defender al jefe de la Agencia Internacional de Energ\u00eda At\u00f3mica luego de que el r\u00e9gimen iran\u00ed le prohibiera la entrada. El secretario de Estado estadounidense inst\u00f3 a que Teher\u00e1n garantice la seguridad del personal del organismo internacional. <\/p>\n\n\n\n<p>Estados Unidos\u00a0<strong>conden\u00f3 este s\u00e1bado\u00a0<\/strong>las\u00a0<a href=\"https:\/\/tn.com.ar\/internacional\/2025\/06\/21\/iran-amenazo-al-argentino-rafael-grossi-jefe-de-la-agencia-internacional-de-energia-atomica\/\" target=\"_blank\" rel=\"noreferrer noopener\"><strong>amenazas de Ir\u00e1n\u00a0<\/strong>contra el argentino Rafael Grossi<\/a>, jefe del Organismo Internacional de Energ\u00eda At\u00f3mica (OIEA).<\/p>\n\n\n\n<p>El secretario de Estado del Gobierno de Donald Trump,\u00a0<strong>Marco Rubio,\u00a0<\/strong>dijo que las amenazas contra Grossi \u00ab<strong>son inaceptables\u00bb<\/strong>\u00a0e inst\u00f3 al r\u00e9gimen iran\u00ed a garantizar la seguridad del personal del organismo internacional. <\/p>\n\n\n\n<p>\u201cLos llamamientos en Ir\u00e1n para la&nbsp;<strong>detenci\u00f3n y ejecuci\u00f3n del Director General del OIEA<\/strong>, Grossi, son inaceptables y deben ser condenados\u00bb, sentenci\u00f3 el jefe de la diplomacia de Estados Unidos.<\/p>\n\n\n\n<p>El funcionario estadounidense destac\u00f3 la labor de la agencia internacional en medio de la tregua entre Ir\u00e1n e Israel. \u201cApoyamos los esfuerzos cr\u00edticos de verificaci\u00f3n y control del OIEA en Ir\u00e1n y felicitamos al Director General y al OIEA por su dedicaci\u00f3n y profesionalidad\u201d. <\/p>\n\n\n\n<p>En ese contexto, lanz\u00f3 un contundente pedido hacia al r\u00e9gimen iran\u00ed: \u201cPedimos a Ir\u00e1n que\u00a0<strong>garantice la seguridad del personal del OIEA<\/strong>\u201c.<\/p>\n\n\n\n<p>Las declaraciones de Rubio se produjeron luego de que el Consejo de Guardianes de Ir\u00e1n aprobara un<strong>&nbsp;plan para que la Rep\u00fablica Isl\u00e1mica suspenda la cooperaci\u00f3n con el OIEA<\/strong>. Solo queda la firma del presidente del pa\u00eds, Masud Pezeshkian, para hacer efectiva esta medida.<\/p>\n\n\n\n<p>El plan aprobado por el Parlamento implica&nbsp;<strong>prohibir la entrada del OIEA en Ir\u00e1n y expulsar a todos sus inspectores.<\/strong>&nbsp;Adem\u00e1s, la agencia estatal nuclear iran\u00ed tendr\u00e1 prohibido compartir informaci\u00f3n o informes sobre el programa nuclear iran\u00ed con el organismo internacional.<\/p>\n\n\n\n<figure class=\"wp-block-gallery has-nested-images columns-default is-cropped wp-block-gallery-1 is-layout-flex wp-block-gallery-is-layout-flex\">\n<figure class=\"wp-block-image size-large\"><img loading=\"lazy\" decoding=\"async\" width=\"916\" height=\"523\" data-id=\"3424\" src=\"https:\/\/pasahoy.com.ar\/ph\/wp-content\/uploads\/2025\/06\/1000462023.png\" alt=\"\" class=\"wp-image-3424\" srcset=\"https:\/\/pasahoy.com.ar\/ph\/wp-content\/uploads\/2025\/06\/1000462023.png 916w, https:\/\/pasahoy.com.ar\/ph\/wp-content\/uploads\/2025\/06\/1000462023-300x171.png 300w, https:\/\/pasahoy.com.ar\/ph\/wp-content\/uploads\/2025\/06\/1000462023-768x438.png 768w\" sizes=\"auto, (max-width: 916px) 100vw, 916px\" \/><\/figure>\n<\/figure>\n","protected":false},"excerpt":{"rendered":"<p>El Gobierno de Trump sali\u00f3 a defender al jefe de la Agencia Internacional de Energ\u00eda At\u00f3mica luego de que el r\u00e9gimen iran\u00ed le prohibiera la entrada. El secretario de Estado estadounidense inst\u00f3 a que Teher\u00e1n garantice la seguridad del personal del organismo internacional. Estados Unidos\u00a0conden\u00f3 este s\u00e1bado\u00a0las\u00a0amenazas de Ir\u00e1n\u00a0contra el argentino Rafael Grossi, jefe del [&hellip;]<\/p>\n","protected":false},"author":3,"featured_media":3424,"comment_status":"open","ping_status":"open","sticky":false,"template":"","format":"standard","meta":{"_jetpack_memberships_contains_paid_content":false,"footnotes":""},"categories":[1],"tags":[],"class_list":["post-3423","post","type-post","status-publish","format-standard","has-post-thumbnail","hentry","category-local"],"jetpack_featured_media_url":"https:\/\/pasahoy.com.ar\/ph\/wp-content\/uploads\/2025\/06\/1000462023.png","jetpack_sharing_enabled":true,"_links":{"self":[{"href":"https:\/\/pasahoy.com.ar\/ph\/wp-json\/wp\/v2\/posts\/3423","targetHints":{"allow":["GET"]}}],"collection":[{"href":"https:\/\/pasahoy.com.ar\/ph\/wp-json\/wp\/v2\/posts"}],"about":[{"href":"https:\/\/pasahoy.com.ar\/ph\/wp-json\/wp\/v2\/types\/post"}],"author":[{"embeddable":true,"href":"https:\/\/pasahoy.com.ar\/ph\/wp-json\/wp\/v2\/users\/3"}],"replies":[{"embeddable":true,"href":"https:\/\/pasahoy.com.ar\/ph\/wp-json\/wp\/v2\/comments?post=3423"}],"version-history":[{"count":1,"href":"https:\/\/pasahoy.com.ar\/ph\/wp-json\/wp\/v2\/posts\/3423\/revisions"}],"predecessor-version":[{"id":3425,"href":"https:\/\/pasahoy.com.ar\/ph\/wp-json\/wp\/v2\/posts\/3423\/revisions\/3425"}],"wp:featuredmedia":[{"embeddable":true,"href":"https:\/\/pasahoy.com.ar\/ph\/wp-json\/wp\/v2\/media\/3424"}],"wp:attachment":[{"href":"https:\/\/pasahoy.com.ar\/ph\/wp-json\/wp\/v2\/media?parent=3423"}],"wp:term":[{"taxonomy":"category","embeddable":true,"href":"https:\/\/pasahoy.com.ar\/ph\/wp-json\/wp\/v2\/categories?post=3423"},{"taxonomy":"post_tag","embeddable":true,"href":"https:\/\/pasahoy.com.ar\/ph\/wp-json\/wp\/v2\/tags?post=3423"}],"curies":[{"name":"wp","href":"https:\/\/api.w.org\/{rel}","templated":true}]}}