{"id":3419,"date":"2025-06-29T16:55:52","date_gmt":"2025-06-29T16:55:52","guid":{"rendered":"https:\/\/pasahoy.com.ar\/ph\/?p=3419"},"modified":"2025-06-29T16:56:14","modified_gmt":"2025-06-29T16:56:14","slug":"tras-las-criticas-coti-romero-arraso-con-sus-fotos-en-microbikini","status":"publish","type":"post","link":"https:\/\/pasahoy.com.ar\/ph\/tras-las-criticas-coti-romero-arraso-con-sus-fotos-en-microbikini\/","title":{"rendered":"Tras las cr\u00edticas, Coti Romero arras\u00f3 con sus fotos en microbikini"},"content":{"rendered":"\n<p>Explosi\u00f3n en las redes sociales por las fotos de Coti Romero en microbikini desde las playas de Brasil. Los detalles <\/p>\n\n\n\n<p>Tras los crueles mensajes, Coti Romero public\u00f3 un profundo descargo defendiendo sus curvas y apuntando contra la hegemon\u00eda de los cuerpos y la presi\u00f3n en la sociedad.<\/p>\n\n\n\n<p><strong>Coti Romero<\/strong>&nbsp;no solo habl\u00f3 del atuendo que eligi\u00f3 sino que se mostr\u00f3 orgullosa de su apariencia como ya lo ha mostrado en cada una de sus publicaciones.<\/p>\n\n\n\n<p>Ya sea con outfits s\u00faper sexys como con las bikinis m\u00e1s atrevidas, Coti Romero no teme a la tendencia m\u00e1s audaces en especial para sus vacaciones. Desde las playas de Buzios, la top protagoniz\u00f3 un desfile de modelos y caus\u00f3 furor. <\/p>\n\n\n\n<h2 class=\"wp-block-heading\"><strong>Coti Romero mostr\u00f3 su abdomen tras las cr\u00edticas a su cuerpo: \u00abCon y sin panza\u00bb<\/strong><\/h2>\n\n\n\n<p>Adem\u00e1s de publicar un contundente descargo,<strong>&nbsp;Coti Romero&nbsp;<\/strong>fue por m\u00e1s y public\u00f3 una postal luciendo un conjunto de mini y corpi\u00f1o deportivo con abdomen a la vista, acompa\u00f1andolo con un mensaje para sus followers.<\/p>\n\n\n\n<p>\u201c\u00c1mense,<strong>&nbsp;con o sin panza<\/strong>, altos o bajos, con pelitos por todas partes o con partes en donde cuesten crecer pelitos. No saben lo afortunados que somos de tener un cuerpo, poder movernos, ser libres y tener salud sobre todo. Y recuerden que todos somos distintos y eso es lo m\u00e1gico de la vida\u00bb, arranc\u00f3 Coti.<\/p>\n\n\n\n<p>No quiero ser parte de una sociedad que tenga que dejar de comer para verse bien, ni tener que pasar por un quir\u00f3fano para satisfacer a otros (ojo! el\/la que lo hace no est\u00e1 mal, cada uno es libre de hacer lo que le haga sentir mejor pero la salud est\u00e1 primero siempre)\u201c, aclar\u00f3 y revel\u00f3: \u201dEstoy en mis d\u00edas, s\u00ed, soy mujer, s\u00ed, me veo m\u00e1s inflamada cuando tengo mi per\u00edodo, tengo grasa que cubre mi vientre, soy bajita y con piernas y caderas grandes, no tengo pechos perfectos y mis brazos son voluminosos pero esas son justamente las cosas que m\u00e1s amo de m\u00ed, son las cosas que Dios me proporcion\u00f3 y estoy agradecida por eso\u00bb, a\u00f1adi\u00f3.Coti Romero defendi\u00f3 su look\u201cLa verdad es que empec\u00e9 el gimnasio por salud pero no me cuido con las comidas porque me hace feliz comer sin pensar en lo que el resto quiere o no de m\u00ed. Me gusta vestirme como quiero sin seguir patrones ni \u2018consejos\u2019 porque esas son cosas completamente subjetivas y porque al final del d\u00eda s\u00f3lo importa lo que yo quiero porque es mi vida, mi elecci\u00f3n y porque la \u00fanica persona que va a vivir conmigo hasta el d\u00eda que me muera, soy s\u00f3lo yo\u201d, remarc\u00f3 Coti Romero.<\/p>\n\n\n\n<figure class=\"wp-block-gallery has-nested-images columns-default is-cropped wp-block-gallery-1 is-layout-flex wp-block-gallery-is-layout-flex\">\n<figure class=\"wp-block-image size-large\"><img loading=\"lazy\" decoding=\"async\" width=\"966\" height=\"538\" data-id=\"3420\" src=\"https:\/\/pasahoy.com.ar\/ph\/wp-content\/uploads\/2025\/06\/1000462015.png\" alt=\"\" class=\"wp-image-3420\" srcset=\"https:\/\/pasahoy.com.ar\/ph\/wp-content\/uploads\/2025\/06\/1000462015.png 966w, https:\/\/pasahoy.com.ar\/ph\/wp-content\/uploads\/2025\/06\/1000462015-300x167.png 300w, https:\/\/pasahoy.com.ar\/ph\/wp-content\/uploads\/2025\/06\/1000462015-768x428.png 768w\" sizes=\"auto, (max-width: 966px) 100vw, 966px\" \/><\/figure>\n\n\n\n<figure class=\"wp-block-image size-large\"><img loading=\"lazy\" decoding=\"async\" width=\"854\" height=\"1024\" data-id=\"3421\" src=\"https:\/\/pasahoy.com.ar\/ph\/wp-content\/uploads\/2025\/06\/1000462022-854x1024.png\" alt=\"\" class=\"wp-image-3421\" srcset=\"https:\/\/pasahoy.com.ar\/ph\/wp-content\/uploads\/2025\/06\/1000462022-854x1024.png 854w, https:\/\/pasahoy.com.ar\/ph\/wp-content\/uploads\/2025\/06\/1000462022-250x300.png 250w, https:\/\/pasahoy.com.ar\/ph\/wp-content\/uploads\/2025\/06\/1000462022-768x921.png 768w, https:\/\/pasahoy.com.ar\/ph\/wp-content\/uploads\/2025\/06\/1000462022.png 924w\" sizes=\"auto, (max-width: 854px) 100vw, 854px\" \/><\/figure>\n<\/figure>\n","protected":false},"excerpt":{"rendered":"<p>Explosi\u00f3n en las redes sociales por las fotos de Coti Romero en microbikini desde las playas de Brasil. Los detalles Tras los crueles mensajes, Coti Romero public\u00f3 un profundo descargo defendiendo sus curvas y apuntando contra la hegemon\u00eda de los cuerpos y la presi\u00f3n en la sociedad. Coti Romero&nbsp;no solo habl\u00f3 del atuendo que eligi\u00f3 [&hellip;]<\/p>\n","protected":false},"author":3,"featured_media":3420,"comment_status":"open","ping_status":"open","sticky":false,"template":"","format":"standard","meta":{"_jetpack_memberships_contains_paid_content":false,"footnotes":""},"categories":[5],"tags":[],"class_list":["post-3419","post","type-post","status-publish","format-standard","has-post-thumbnail","hentry","category-espectaculo"],"jetpack_featured_media_url":"https:\/\/pasahoy.com.ar\/ph\/wp-content\/uploads\/2025\/06\/1000462015.png","jetpack_sharing_enabled":true,"_links":{"self":[{"href":"https:\/\/pasahoy.com.ar\/ph\/wp-json\/wp\/v2\/posts\/3419","targetHints":{"allow":["GET"]}}],"collection":[{"href":"https:\/\/pasahoy.com.ar\/ph\/wp-json\/wp\/v2\/posts"}],"about":[{"href":"https:\/\/pasahoy.com.ar\/ph\/wp-json\/wp\/v2\/types\/post"}],"author":[{"embeddable":true,"href":"https:\/\/pasahoy.com.ar\/ph\/wp-json\/wp\/v2\/users\/3"}],"replies":[{"embeddable":true,"href":"https:\/\/pasahoy.com.ar\/ph\/wp-json\/wp\/v2\/comments?post=3419"}],"version-history":[{"count":1,"href":"https:\/\/pasahoy.com.ar\/ph\/wp-json\/wp\/v2\/posts\/3419\/revisions"}],"predecessor-version":[{"id":3422,"href":"https:\/\/pasahoy.com.ar\/ph\/wp-json\/wp\/v2\/posts\/3419\/revisions\/3422"}],"wp:featuredmedia":[{"embeddable":true,"href":"https:\/\/pasahoy.com.ar\/ph\/wp-json\/wp\/v2\/media\/3420"}],"wp:attachment":[{"href":"https:\/\/pasahoy.com.ar\/ph\/wp-json\/wp\/v2\/media?parent=3419"}],"wp:term":[{"taxonomy":"category","embeddable":true,"href":"https:\/\/pasahoy.com.ar\/ph\/wp-json\/wp\/v2\/categories?post=3419"},{"taxonomy":"post_tag","embeddable":true,"href":"https:\/\/pasahoy.com.ar\/ph\/wp-json\/wp\/v2\/tags?post=3419"}],"curies":[{"name":"wp","href":"https:\/\/api.w.org\/{rel}","templated":true}]}}