{"id":3411,"date":"2025-06-29T16:32:48","date_gmt":"2025-06-29T16:32:48","guid":{"rendered":"https:\/\/pasahoy.com.ar\/ph\/?p=3411"},"modified":"2025-06-29T16:32:48","modified_gmt":"2025-06-29T16:32:48","slug":"el-gobierno-provincial-activo-primeros-creditos-derevoluciona-tu-emprendimiento-que-ponen-en-marcha-diez-proyectos-locales","status":"publish","type":"post","link":"https:\/\/pasahoy.com.ar\/ph\/el-gobierno-provincial-activo-primeros-creditos-derevoluciona-tu-emprendimiento-que-ponen-en-marcha-diez-proyectos-locales\/","title":{"rendered":"El Gobierno provincial activ\u00f3 primeros cr\u00e9ditos de\u201cRevolucion\u00e1\u202ftu\u202fEmprendimiento\u201d que ponen en marcha diez proyectos locales"},"content":{"rendered":"\n<p>En el D\u00eda Internacional de las PyMEs, diez emprendimientos riojanos recibieron pr\u00e9stamos de hasta $\u202f2\u202fmillones, con tasa subsidiada del 25\u202f% TNA y tres meses de gracia, adem\u00e1s de mentor\u00edas y asistencia t\u00e9cnica para potenciar su crecimiento.<\/p>\n\n\n\n<figure class=\"wp-block-gallery has-nested-images columns-default is-cropped wp-block-gallery-1 is-layout-flex wp-block-gallery-is-layout-flex\">\n<figure class=\"wp-block-image size-large\"><img loading=\"lazy\" decoding=\"async\" width=\"1024\" height=\"682\" data-id=\"3413\" src=\"https:\/\/pasahoy.com.ar\/ph\/wp-content\/uploads\/2025\/06\/1000461993-1024x682.jpg\" alt=\"\" class=\"wp-image-3413\" srcset=\"https:\/\/pasahoy.com.ar\/ph\/wp-content\/uploads\/2025\/06\/1000461993-1024x682.jpg 1024w, https:\/\/pasahoy.com.ar\/ph\/wp-content\/uploads\/2025\/06\/1000461993-300x200.jpg 300w, https:\/\/pasahoy.com.ar\/ph\/wp-content\/uploads\/2025\/06\/1000461993-768x512.jpg 768w, https:\/\/pasahoy.com.ar\/ph\/wp-content\/uploads\/2025\/06\/1000461993.jpg 1280w\" sizes=\"auto, (max-width: 1024px) 100vw, 1024px\" \/><\/figure>\n\n\n\n<figure class=\"wp-block-image size-large\"><img loading=\"lazy\" decoding=\"async\" width=\"1024\" height=\"682\" data-id=\"3414\" src=\"https:\/\/pasahoy.com.ar\/ph\/wp-content\/uploads\/2025\/06\/1000461990-1024x682.jpg\" alt=\"\" class=\"wp-image-3414\" srcset=\"https:\/\/pasahoy.com.ar\/ph\/wp-content\/uploads\/2025\/06\/1000461990-1024x682.jpg 1024w, https:\/\/pasahoy.com.ar\/ph\/wp-content\/uploads\/2025\/06\/1000461990-300x200.jpg 300w, https:\/\/pasahoy.com.ar\/ph\/wp-content\/uploads\/2025\/06\/1000461990-768x512.jpg 768w, https:\/\/pasahoy.com.ar\/ph\/wp-content\/uploads\/2025\/06\/1000461990.jpg 1280w\" sizes=\"auto, (max-width: 1024px) 100vw, 1024px\" \/><\/figure>\n\n\n\n<figure class=\"wp-block-image size-large\"><img loading=\"lazy\" decoding=\"async\" width=\"1024\" height=\"682\" data-id=\"3412\" src=\"https:\/\/pasahoy.com.ar\/ph\/wp-content\/uploads\/2025\/06\/1000461987-1024x682.jpg\" alt=\"\" class=\"wp-image-3412\" srcset=\"https:\/\/pasahoy.com.ar\/ph\/wp-content\/uploads\/2025\/06\/1000461987-1024x682.jpg 1024w, https:\/\/pasahoy.com.ar\/ph\/wp-content\/uploads\/2025\/06\/1000461987-300x200.jpg 300w, https:\/\/pasahoy.com.ar\/ph\/wp-content\/uploads\/2025\/06\/1000461987-768x512.jpg 768w, https:\/\/pasahoy.com.ar\/ph\/wp-content\/uploads\/2025\/06\/1000461987.jpg 1280w\" sizes=\"auto, (max-width: 1024px) 100vw, 1024px\" \/><\/figure>\n<\/figure>\n\n\n\n<p>En la ciudad de La\u202fRioja, y en coincidencia con el D\u00eda\u202fInternacional de las PyMEs, el Gobierno provincial concret\u00f3 la primera entrega de cr\u00e9ditos del programa \u201cRevolucion\u00e1\u202ftu\u202fEmprendimiento\u201d. El acto estuvo encabezado por la diputada nacional Gabriela\u202fPedrali; el ministro de\u202fTrabajo,\u202fEmpleo,\u202fIndustria y\u202fMiner\u00eda Federico\u202fBaz\u00e1n; y la presidenta de FOGAPLAR, Laura\u202fSabatini. Tambi\u00e9n participaron el gerente general del Banco\u202fRioja, Ricardo\u202fBestani; el secretario de Turismo, Jos\u00e9\u202fRosa; el secretario de Ciencia y\u202fTecnolog\u00eda, Hugo\u202fVera; y los equipos t\u00e9cnicos de las \u00e1reas involucradas.<\/p>\n\n\n\n<p>Financiamiento y acompa\u00f1amiento integral<br>En esta primera etapa se seleccionaron 10 emprendimientos que acceder\u00e1n a l\u00edneas de cr\u00e9dito de hasta $\u202f2\u202fmillones, con tasa subsidiada del 25\u202f% TNA y tres meses de gracia, gestionadas a trav\u00e9s del Banco\u202fRioja. De forma paralela, los beneficiarios contar\u00e1n con mentor\u00edas y asistencia t\u00e9cnica personalizada para escalar sus negocios.<br>La iniciativa, impulsada por el gobernador Ricardo\u202fQuintela, surge del trabajo articulado entre la diputada Pedrali, el Ministerio de\u202fTrabajo,\u202fEmpleo,\u202fIndustria y\u202fMiner\u00eda y\u202fFOGAPLAR, con respaldo del Consejo Federal de Inversiones (CFI). El objetivo es consolidar el desarrollo productivo local mediante herramientas financieras y de capacitaci\u00f3n concretas.<\/p>\n\n\n\n<p>Potencia emprendedora<br>En ese marco, la diputada nacional por La Rioja Gabriela Pedrali sostuvo que \u201ccreemos en un futuro con emprendedores protagonistas del desarrollo riojano. Ya preparamos una segunda y tercera entrega en distintos departamentos: la demanda federalizada demuestra la potencia emprendedora de toda la provincia\u201d.<br>Asimismo, el ministro Federico Baz\u00e1n resalt\u00f3 que \u201cmuchos emprendimientos comienzan peque\u00f1os pero tienen la fuerza para crecer. Este programa les brinda el empuj\u00f3n financiero y t\u00e9cnico que necesitan, sobre todo en un contexto nacional adverso\u201d.<br>En tanto que Laura Sabatini, presidenta de FOGAPLAR resalt\u00f3 que\u201cen apenas un a\u00f1o y medio destinamos m\u00e1s de $\u202f18.000\u202fmillones para acompa\u00f1ar a las PyMEs. Revolucion\u00e1\u202ftu\u202fEmprendimiento naci\u00f3 para multiplicar las oportunidades de desarrollo productivo privado\u201d.<br>Por su parte, el creador de \u201cSoy\u202fTurista en La\u202fRioja\u201d, Carlos\u202fRiva, celebr\u00f3 el respaldo oficial: \u201cReconoce nuestro esfuerzo independiente y, en un contexto tan complejo, nos permite seguir apostando a nuestros sue\u00f1os\u201d.<\/p>\n\n\n\n<p>Pr\u00f3ximas etapas<br>La entrega de cr\u00e9ditos continuar\u00e1 la semana pr\u00f3xima en distintos departamentos del interior. Las inscripciones siguen abiertas para nuevos aspirantes que busquen sumarse a \u201cRevolucion\u00e1\u202ftu\u202fEmprendimiento\u201d y acceder a financiamiento, mentor\u00edas y acompa\u00f1amiento t\u00e9cnico integral<\/p>\n","protected":false},"excerpt":{"rendered":"<p>En el D\u00eda Internacional de las PyMEs, diez emprendimientos riojanos recibieron pr\u00e9stamos de hasta $\u202f2\u202fmillones, con tasa subsidiada del 25\u202f% TNA y tres meses de gracia, adem\u00e1s de mentor\u00edas y asistencia t\u00e9cnica para potenciar su crecimiento. En la ciudad de La\u202fRioja, y en coincidencia con el D\u00eda\u202fInternacional de las PyMEs, el Gobierno provincial concret\u00f3 la [&hellip;]<\/p>\n","protected":false},"author":3,"featured_media":3413,"comment_status":"open","ping_status":"open","sticky":false,"template":"","format":"standard","meta":{"_jetpack_memberships_contains_paid_content":false,"footnotes":""},"categories":[1],"tags":[],"class_list":["post-3411","post","type-post","status-publish","format-standard","has-post-thumbnail","hentry","category-local"],"jetpack_featured_media_url":"https:\/\/pasahoy.com.ar\/ph\/wp-content\/uploads\/2025\/06\/1000461993.jpg","jetpack_sharing_enabled":true,"_links":{"self":[{"href":"https:\/\/pasahoy.com.ar\/ph\/wp-json\/wp\/v2\/posts\/3411","targetHints":{"allow":["GET"]}}],"collection":[{"href":"https:\/\/pasahoy.com.ar\/ph\/wp-json\/wp\/v2\/posts"}],"about":[{"href":"https:\/\/pasahoy.com.ar\/ph\/wp-json\/wp\/v2\/types\/post"}],"author":[{"embeddable":true,"href":"https:\/\/pasahoy.com.ar\/ph\/wp-json\/wp\/v2\/users\/3"}],"replies":[{"embeddable":true,"href":"https:\/\/pasahoy.com.ar\/ph\/wp-json\/wp\/v2\/comments?post=3411"}],"version-history":[{"count":1,"href":"https:\/\/pasahoy.com.ar\/ph\/wp-json\/wp\/v2\/posts\/3411\/revisions"}],"predecessor-version":[{"id":3415,"href":"https:\/\/pasahoy.com.ar\/ph\/wp-json\/wp\/v2\/posts\/3411\/revisions\/3415"}],"wp:featuredmedia":[{"embeddable":true,"href":"https:\/\/pasahoy.com.ar\/ph\/wp-json\/wp\/v2\/media\/3413"}],"wp:attachment":[{"href":"https:\/\/pasahoy.com.ar\/ph\/wp-json\/wp\/v2\/media?parent=3411"}],"wp:term":[{"taxonomy":"category","embeddable":true,"href":"https:\/\/pasahoy.com.ar\/ph\/wp-json\/wp\/v2\/categories?post=3411"},{"taxonomy":"post_tag","embeddable":true,"href":"https:\/\/pasahoy.com.ar\/ph\/wp-json\/wp\/v2\/tags?post=3411"}],"curies":[{"name":"wp","href":"https:\/\/api.w.org\/{rel}","templated":true}]}}