{"id":3407,"date":"2025-06-29T16:28:43","date_gmt":"2025-06-29T16:28:43","guid":{"rendered":"https:\/\/pasahoy.com.ar\/ph\/?p=3407"},"modified":"2025-06-29T16:28:43","modified_gmt":"2025-06-29T16:28:43","slug":"avanza-la-obra-del-parque-tematico-memoria-y-martirio-en-la-ermita-de-monsenor-angelelli","status":"publish","type":"post","link":"https:\/\/pasahoy.com.ar\/ph\/avanza-la-obra-del-parque-tematico-memoria-y-martirio-en-la-ermita-de-monsenor-angelelli\/","title":{"rendered":"Avanza la obra del Parque Tem\u00e1tico Memoria y Martirio en la Ermita de Monse\u00f1or Angelelli"},"content":{"rendered":"\n<p><em>Una de las grandes apuestas de la Provincia en materia tur\u00edstica y patrimonial tendr\u00e1 la habilitaci\u00f3n de gran parte de la obra civil que comprende diversos espacios museol\u00f3gicos y de servicio. El trabajo incluye m\u00e1s de 500 metros cuadrados de construcci\u00f3n, una cruz mayor que presidir\u00e1 un altar para celebraciones religiosas, la puesta en valor del edificio existente y la parquizaci\u00f3n del predio.<\/em><\/p>\n\n\n\n<figure class=\"wp-block-gallery has-nested-images columns-default is-cropped wp-block-gallery-1 is-layout-flex wp-block-gallery-is-layout-flex\">\n<figure class=\"wp-block-image size-large\"><img loading=\"lazy\" decoding=\"async\" width=\"1024\" height=\"682\" data-id=\"3408\" src=\"https:\/\/pasahoy.com.ar\/ph\/wp-content\/uploads\/2025\/06\/1000461975-1024x682.jpg\" alt=\"\" class=\"wp-image-3408\" srcset=\"https:\/\/pasahoy.com.ar\/ph\/wp-content\/uploads\/2025\/06\/1000461975-1024x682.jpg 1024w, https:\/\/pasahoy.com.ar\/ph\/wp-content\/uploads\/2025\/06\/1000461975-300x200.jpg 300w, https:\/\/pasahoy.com.ar\/ph\/wp-content\/uploads\/2025\/06\/1000461975-768x512.jpg 768w, https:\/\/pasahoy.com.ar\/ph\/wp-content\/uploads\/2025\/06\/1000461975-1536x1023.jpg 1536w, https:\/\/pasahoy.com.ar\/ph\/wp-content\/uploads\/2025\/06\/1000461975.jpg 1600w\" sizes=\"auto, (max-width: 1024px) 100vw, 1024px\" \/><\/figure>\n\n\n\n<figure class=\"wp-block-image size-large\"><img loading=\"lazy\" decoding=\"async\" width=\"1024\" height=\"720\" data-id=\"3409\" src=\"https:\/\/pasahoy.com.ar\/ph\/wp-content\/uploads\/2025\/06\/1000461981-1024x720.jpg\" alt=\"\" class=\"wp-image-3409\" srcset=\"https:\/\/pasahoy.com.ar\/ph\/wp-content\/uploads\/2025\/06\/1000461981-1024x720.jpg 1024w, https:\/\/pasahoy.com.ar\/ph\/wp-content\/uploads\/2025\/06\/1000461981-300x211.jpg 300w, https:\/\/pasahoy.com.ar\/ph\/wp-content\/uploads\/2025\/06\/1000461981-768x540.jpg 768w, https:\/\/pasahoy.com.ar\/ph\/wp-content\/uploads\/2025\/06\/1000461981-1536x1080.jpg 1536w, https:\/\/pasahoy.com.ar\/ph\/wp-content\/uploads\/2025\/06\/1000461981.jpg 1600w\" sizes=\"auto, (max-width: 1024px) 100vw, 1024px\" \/><\/figure>\n<\/figure>\n\n\n\n<p>Este viernes, el ministro de Turismo y Culturas, Gustavo Luna, junto al obispo diocesano Dante Braida y el intendente del departamento Angel Vicente Pe\u00f1aloza, realizaron un recorrido por el predio guiados por el titular de la empresa JMG Constructora, encargada de la obra, adem\u00e1s de la participaci\u00f3n de los equipos t\u00e9cnicos del Ministerio y del Obispado, encargados del dise\u00f1o y coordinaci\u00f3n del proyecto.<\/p>\n\n\n\n<p>En esta tarde de trabajo se sumaron los responsables de la Ermita del Pastor de la Sala de la Memoria de Chamical, que tendr\u00e1n una gran tarea con la presentaci\u00f3n y el resguardo de los contenidos patrimoniales y museol\u00f3gicos que formar\u00e1n parte de la muestra de este Parque Tem\u00e1tico. Del proyecto tambi\u00e9n forman parte la Secretar\u00eda de Derechos Humanos de la Provincia, la Asociaci\u00f3n de Presas y Presos Pol\u00edticos de La Rioja y la propia comunidad de Punta de los Llanos.<\/p>\n\n\n\n<p>La visita de este viernes sirvi\u00f3 adem\u00e1s para comenzar a preparar la celebraci\u00f3n religiosa comunitaria del pr\u00f3ximo domingo 3 de agosto, donde como cada a\u00f1o el pueblo riojano se re\u00fane en este paraje llanista para recordar el asesinato de Monse\u00f1or Angelelli y sus compa\u00f1eros de martirio Carlos de Dios Murias, Gabriel Longeville y Wenceslao Pedernera.<\/p>\n\n\n\n<p><em>Sobre la obra<\/em><\/p>\n\n\n\n<p>Este Parque Tem\u00e1tico \u201cMemoria y Martirio\u201d propone un espacio para recrear los momentos emblem\u00e1ticos de la misi\u00f3n de Monse\u00f1or Enrique Angelelli, de los sacerdotes Carlos de Dios Murias y Gabriel Longueville, y del laico cat\u00f3lico Wenceslao Pedernera, asesinados durante la \u00faltima dictadura militar, generando de esta manera un importante atractivo tur\u00edstico cultural.<\/p>\n\n\n\n<p>La primera etapa comprende una superficie total de 2.886 m2, con la construcci\u00f3n del portal de ingreso, estatua y pedestal donde se ubicar\u00e1 la figura de monse\u00f1or Angelelli, el sendero de recorrido, la plataforma y cruz principal; las cuales formar\u00e1n parte de la zona del \u201cAltar Mayor\u2019\u2019, y por \u00faltimo el edificio del Centro de Interpretaci\u00f3n.<br>Dentro del portal de ingreso habr\u00e1 una zona para informaci\u00f3n tur\u00edstica con gu\u00edas especializados, y otra zona para personal de seguridad, el cual estar\u00e1 encargado de la vigilancia del predio y de las instalaciones.<\/p>\n\n\n\n<p>Entre los objetivos espec\u00edficos del proyecto se encuentran el de crear en la provincia un lugar con identidad propia, donde puedan converger todos los credos religiosos y, adem\u00e1s, reflejar un per\u00edodo particular que marc\u00f3 la historia de nuestro pa\u00eds. Se busca tambi\u00e9n promover el impulso de los Llanos riojanos a nivel econ\u00f3mico, de la mano del desarrollo tur\u00edstico y con la articulaci\u00f3n de todas las \u00e1reas de Gobierno y municipales.<\/p>\n","protected":false},"excerpt":{"rendered":"<p>Una de las grandes apuestas de la Provincia en materia tur\u00edstica y patrimonial tendr\u00e1 la habilitaci\u00f3n de gran parte de la obra civil que comprende diversos espacios museol\u00f3gicos y de servicio. El trabajo incluye m\u00e1s de 500 metros cuadrados de construcci\u00f3n, una cruz mayor que presidir\u00e1 un altar para celebraciones religiosas, la puesta en valor [&hellip;]<\/p>\n","protected":false},"author":3,"featured_media":3408,"comment_status":"open","ping_status":"open","sticky":false,"template":"","format":"standard","meta":{"_jetpack_memberships_contains_paid_content":false,"footnotes":""},"categories":[1],"tags":[],"class_list":["post-3407","post","type-post","status-publish","format-standard","has-post-thumbnail","hentry","category-local"],"jetpack_featured_media_url":"https:\/\/pasahoy.com.ar\/ph\/wp-content\/uploads\/2025\/06\/1000461975.jpg","jetpack_sharing_enabled":true,"_links":{"self":[{"href":"https:\/\/pasahoy.com.ar\/ph\/wp-json\/wp\/v2\/posts\/3407","targetHints":{"allow":["GET"]}}],"collection":[{"href":"https:\/\/pasahoy.com.ar\/ph\/wp-json\/wp\/v2\/posts"}],"about":[{"href":"https:\/\/pasahoy.com.ar\/ph\/wp-json\/wp\/v2\/types\/post"}],"author":[{"embeddable":true,"href":"https:\/\/pasahoy.com.ar\/ph\/wp-json\/wp\/v2\/users\/3"}],"replies":[{"embeddable":true,"href":"https:\/\/pasahoy.com.ar\/ph\/wp-json\/wp\/v2\/comments?post=3407"}],"version-history":[{"count":1,"href":"https:\/\/pasahoy.com.ar\/ph\/wp-json\/wp\/v2\/posts\/3407\/revisions"}],"predecessor-version":[{"id":3410,"href":"https:\/\/pasahoy.com.ar\/ph\/wp-json\/wp\/v2\/posts\/3407\/revisions\/3410"}],"wp:featuredmedia":[{"embeddable":true,"href":"https:\/\/pasahoy.com.ar\/ph\/wp-json\/wp\/v2\/media\/3408"}],"wp:attachment":[{"href":"https:\/\/pasahoy.com.ar\/ph\/wp-json\/wp\/v2\/media?parent=3407"}],"wp:term":[{"taxonomy":"category","embeddable":true,"href":"https:\/\/pasahoy.com.ar\/ph\/wp-json\/wp\/v2\/categories?post=3407"},{"taxonomy":"post_tag","embeddable":true,"href":"https:\/\/pasahoy.com.ar\/ph\/wp-json\/wp\/v2\/tags?post=3407"}],"curies":[{"name":"wp","href":"https:\/\/api.w.org\/{rel}","templated":true}]}}