{"id":3404,"date":"2025-06-27T17:27:29","date_gmt":"2025-06-27T17:27:29","guid":{"rendered":"https:\/\/pasahoy.com.ar\/ph\/?p=3404"},"modified":"2025-06-27T17:27:41","modified_gmt":"2025-06-27T17:27:41","slug":"se-conocio-de-que-murio-la-turista-brasilena-que-cayo-en-un-volcan-en-indonesia","status":"publish","type":"post","link":"https:\/\/pasahoy.com.ar\/ph\/se-conocio-de-que-murio-la-turista-brasilena-que-cayo-en-un-volcan-en-indonesia\/","title":{"rendered":"Se conoci\u00f3 de qu\u00e9 muri\u00f3 la turista brasile\u00f1a que cay\u00f3 en un volc\u00e1n en Indonesia"},"content":{"rendered":"\n<p>La autopsia revel\u00f3 que la Juliana Marins muri\u00f3 por fracturas en el t\u00f3rax y la espalda tras caer 300 metros. Su familia denuncia negligencia en el rescate.<\/p>\n\n\n\n<p>La muerte de la turista brasile\u00f1a\u00a0<a href=\"https:\/\/tn.com.ar\/internacional\/2025\/06\/24\/drama-en-indonesia-la-turista-que-se-cayo-cuando-hacia-senderismo-lleva-mas-de-cuatro-dias-sin-ser-rescatada\/\"><strong>Juliana Marins<\/strong><\/a>\u00a0en el\u00a0<strong>Monte Rinjani<\/strong>, el segundo volc\u00e1n m\u00e1s alto de Indonesia, gener\u00f3 un fuerte impacto tanto en Brasil como en el pa\u00eds asi\u00e1tico. Este viernes, se dieron a conocer los resultados de la autopsia y se supo que la joven publicista muri\u00f3 por un traumatismo contundente, que le provoc\u00f3\u00a0<strong>da\u00f1os en los \u00f3rganos y hemorragia interna<\/strong>. <\/p>\n\n\n\n<p>Encontramos ara\u00f1azos y abrasiones, as\u00ed como\u00a0<strong>fracturas en el pecho, el hombro, la columna y el muslo<\/strong>. Estas fracturas \u00f3seas causaron da\u00f1os en los \u00f3rganos internos y hemorragias\u201d, declar\u00f3 el viernes a la prensa la experta forense\u00a0<strong>Ida Bagus Alit<\/strong>.<\/p>\n\n\n\n<p>La principal causa de muerte fueron los&nbsp;<strong>heridas en la caja tor\u00e1cica y la espalda<\/strong>,precis\u00f3 el forense Adem\u00e1s, consider\u00f3 que la muerte \u201cocurri\u00f3 poco despu\u00e9s de las lesiones\u201d.<\/p>\n\n\n\n<p>Entre otros indicios, Marins ten\u00eda una lesi\u00f3n en la cabeza, pero ning\u00fan signos de hernia cerebral, que suelen ocurrir entre varias horas y varios d\u00edas despu\u00e9s del traumatismo. De igual manera, en el t\u00f3rax y el abdomen, hubo una hemorragia importante, pero ning\u00fan \u00f3rgano mostr\u00f3 signos de retracci\u00f3n que indicaran una hemorragia lenta.<\/p>\n\n\n\n<p>Adem\u00e1s, el cuerpo de la joven brasile\u00f1a\u00a0<strong>no presentaba signos de hipotermia<\/strong>. <\/p>\n\n\n\n<p>La joven publicista cay\u00f3 300 metros el s\u00e1bado 21 de junio y su cuerpo fue recuperado cuatro d\u00edas despu\u00e9s, tras una operaci\u00f3n de rescate complicada por el mal tiempo y el terreno accidentado.<\/p>\n\n\n\n<p>A pesar de la ca\u00edda, las autoridades dijeron que Juliana&nbsp;<strong>todav\u00eda estaba viva horas despu\u00e9s el s\u00e1bado<\/strong>, seg\u00fan im\u00e1genes de drones y otros videos grabados por varios escaladores<\/p>\n\n\n\n<p>Los usuarios de las redes sociales brasile\u00f1as criticaron la operaci\u00f3n de b\u00fasqueda y rescate por ser demasiado lenta, mientras que la familia de Juliana dijo que su muerte fue resultado de negligencia y que planeaban tomar acciones legales.\u201cJuliana sufri\u00f3 una grave negligencia por parte del equipo de rescate. Si el equipo de rescate hubiera podido salvarla en las siete horas estimadas, Juliana a\u00fan estar\u00eda viva\u201d, escribi\u00f3 la cuenta de Instagram @resgatejulianamarins, que afirma representar a la familia.\u201c\u00a1Juliana merec\u00eda m\u00e1s! \u00a1Ahora buscaremos justicia para ella, porque eso es lo que se merece!\u201d, a\u00f1adieron. <\/p>\n\n\n\n<p>El jefe del Parque Nacional del Monte Rinjani,\u00a0<strong>Yarman Wasur<\/strong>, defendi\u00f3 el procedimiento, alegando que se llev\u00f3 de acuerdo a los procedimientos est\u00e1ndares y que el clima extremo y la topograf\u00eda dificultaron la evacuaci\u00f3n. \u201c<strong>Rinjani es un lugar extremo, con topograf\u00eda extrema<\/strong>, y<strong>\u00a0el clima cambia constantemente<\/strong>\u201d, justific\u00f3.<\/p>\n\n\n\n<figure class=\"wp-block-gallery has-nested-images columns-default is-cropped wp-block-gallery-1 is-layout-flex wp-block-gallery-is-layout-flex\">\n<figure class=\"wp-block-image size-full\"><img loading=\"lazy\" decoding=\"async\" width=\"957\" height=\"540\" data-id=\"3405\" src=\"https:\/\/pasahoy.com.ar\/ph\/wp-content\/uploads\/2025\/06\/1000457251.png\" alt=\"\" class=\"wp-image-3405\" srcset=\"https:\/\/pasahoy.com.ar\/ph\/wp-content\/uploads\/2025\/06\/1000457251.png 957w, https:\/\/pasahoy.com.ar\/ph\/wp-content\/uploads\/2025\/06\/1000457251-300x169.png 300w, https:\/\/pasahoy.com.ar\/ph\/wp-content\/uploads\/2025\/06\/1000457251-768x433.png 768w\" sizes=\"auto, (max-width: 957px) 100vw, 957px\" \/><\/figure>\n<\/figure>\n","protected":false},"excerpt":{"rendered":"<p>La autopsia revel\u00f3 que la Juliana Marins muri\u00f3 por fracturas en el t\u00f3rax y la espalda tras caer 300 metros. Su familia denuncia negligencia en el rescate. La muerte de la turista brasile\u00f1a\u00a0Juliana Marins\u00a0en el\u00a0Monte Rinjani, el segundo volc\u00e1n m\u00e1s alto de Indonesia, gener\u00f3 un fuerte impacto tanto en Brasil como en el pa\u00eds asi\u00e1tico. [&hellip;]<\/p>\n","protected":false},"author":3,"featured_media":3405,"comment_status":"open","ping_status":"open","sticky":false,"template":"","format":"standard","meta":{"_jetpack_memberships_contains_paid_content":false,"footnotes":""},"categories":[3],"tags":[],"class_list":["post-3404","post","type-post","status-publish","format-standard","has-post-thumbnail","hentry","category-internacional"],"jetpack_featured_media_url":"https:\/\/pasahoy.com.ar\/ph\/wp-content\/uploads\/2025\/06\/1000457251.png","jetpack_sharing_enabled":true,"_links":{"self":[{"href":"https:\/\/pasahoy.com.ar\/ph\/wp-json\/wp\/v2\/posts\/3404","targetHints":{"allow":["GET"]}}],"collection":[{"href":"https:\/\/pasahoy.com.ar\/ph\/wp-json\/wp\/v2\/posts"}],"about":[{"href":"https:\/\/pasahoy.com.ar\/ph\/wp-json\/wp\/v2\/types\/post"}],"author":[{"embeddable":true,"href":"https:\/\/pasahoy.com.ar\/ph\/wp-json\/wp\/v2\/users\/3"}],"replies":[{"embeddable":true,"href":"https:\/\/pasahoy.com.ar\/ph\/wp-json\/wp\/v2\/comments?post=3404"}],"version-history":[{"count":1,"href":"https:\/\/pasahoy.com.ar\/ph\/wp-json\/wp\/v2\/posts\/3404\/revisions"}],"predecessor-version":[{"id":3406,"href":"https:\/\/pasahoy.com.ar\/ph\/wp-json\/wp\/v2\/posts\/3404\/revisions\/3406"}],"wp:featuredmedia":[{"embeddable":true,"href":"https:\/\/pasahoy.com.ar\/ph\/wp-json\/wp\/v2\/media\/3405"}],"wp:attachment":[{"href":"https:\/\/pasahoy.com.ar\/ph\/wp-json\/wp\/v2\/media?parent=3404"}],"wp:term":[{"taxonomy":"category","embeddable":true,"href":"https:\/\/pasahoy.com.ar\/ph\/wp-json\/wp\/v2\/categories?post=3404"},{"taxonomy":"post_tag","embeddable":true,"href":"https:\/\/pasahoy.com.ar\/ph\/wp-json\/wp\/v2\/tags?post=3404"}],"curies":[{"name":"wp","href":"https:\/\/api.w.org\/{rel}","templated":true}]}}