{"id":3401,"date":"2025-06-27T17:17:56","date_gmt":"2025-06-27T17:17:56","guid":{"rendered":"https:\/\/pasahoy.com.ar\/ph\/?p=3401"},"modified":"2025-06-27T17:18:07","modified_gmt":"2025-06-27T17:18:07","slug":"fatima-florez-rompio-el-silencio-tras-los-rumores-de-reconciliacion-con-javier-milei","status":"publish","type":"post","link":"https:\/\/pasahoy.com.ar\/ph\/fatima-florez-rompio-el-silencio-tras-los-rumores-de-reconciliacion-con-javier-milei\/","title":{"rendered":"F\u00e1tima Florez rompi\u00f3 el silencio tras los rumores de reconciliaci\u00f3n con Javier Milei"},"content":{"rendered":"\n<p>En di\u00e1logo con TN, la artista habl\u00f3 sobre su presente sentimental. <\/p>\n\n\n\n<p>Desde temprano comenzaron a circular rumores de que\u00a0<a href=\"https:\/\/tn.com.ar\/show\/famosos\/2025\/06\/24\/fatima-florez-y-norberto-marcos-se-reencontraron-a-dos-anos-de-la-separacion-las-fotos-del-tenso-momento\/\"><strong>F\u00e1tima Florez<\/strong>\u00a0<\/a><strong>hab\u00eda visitado recientemente la quinta de Olivos<\/strong>. Al conocerse el dato, algunos portales y programas de espect\u00e1culos\u00a0<strong>empezaron a especular con una supuesta reconciliaci\u00f3n entre ella y Javier Milei.<\/strong><\/p>\n\n\n\n<p>En di\u00e1logo con\u00a0<strong>Sof\u00eda Kotler<\/strong>, periodista de TN, la artista rompi\u00f3 el silencio y explic\u00f3 cu\u00e1l es su v\u00ednculo actual con el mandatario, de quien se separ\u00f3 en abril de 2024.<\/p>\n\n\n\n<p>\u201c<strong>Amigos<\/strong>\u201d, defini\u00f3 sin dar m\u00e1s precisiones. Luego, la integrante de\u00a0<em>Telenoche (eltrece)<\/em>\u00a0repregunt\u00f3 si \u201c<strong>\u00bfsolo buenos amigos?<\/strong>\u201c, y, la humorista sentenci\u00f3: \u201d<strong>\u00bfEs poco?<\/strong>\u201c <\/p>\n\n\n\n<p>Qu\u00e9 dijo Javier Milei sobre una supuesta reconciliaci\u00f3n con F\u00e1tima Florez<\/p>\n\n\n\n<p>Al ser consultado, el presidente de la Naci\u00f3n rompi\u00f3 el silencio y aclar\u00f3 c\u00f3mo es su v\u00ednculo con la humorista.<\/p>\n\n\n\n<p>En las redes sociales de&nbsp;<em>LAM&nbsp;<\/em>(<em>Am\u00e9rica<\/em>) se hicieron eco del posteo de la periodista Maru Leone, quien le pregunt\u00f3 al mandatario sobre los trascendidos.&nbsp;<strong>\u201cSolo amigos\u201d<\/strong>, fue la contundente respuesta de Milei.<\/p>\n\n\n\n<figure class=\"wp-block-gallery has-nested-images columns-default is-cropped wp-block-gallery-1 is-layout-flex wp-block-gallery-is-layout-flex\">\n<figure class=\"wp-block-image size-large\"><img loading=\"lazy\" decoding=\"async\" width=\"930\" height=\"547\" data-id=\"3402\" src=\"https:\/\/pasahoy.com.ar\/ph\/wp-content\/uploads\/2025\/06\/1000457243.png\" alt=\"\" class=\"wp-image-3402\" srcset=\"https:\/\/pasahoy.com.ar\/ph\/wp-content\/uploads\/2025\/06\/1000457243.png 930w, https:\/\/pasahoy.com.ar\/ph\/wp-content\/uploads\/2025\/06\/1000457243-300x176.png 300w, https:\/\/pasahoy.com.ar\/ph\/wp-content\/uploads\/2025\/06\/1000457243-768x452.png 768w\" sizes=\"auto, (max-width: 930px) 100vw, 930px\" \/><\/figure>\n<\/figure>\n","protected":false},"excerpt":{"rendered":"<p>En di\u00e1logo con TN, la artista habl\u00f3 sobre su presente sentimental. Desde temprano comenzaron a circular rumores de que\u00a0F\u00e1tima Florez\u00a0hab\u00eda visitado recientemente la quinta de Olivos. Al conocerse el dato, algunos portales y programas de espect\u00e1culos\u00a0empezaron a especular con una supuesta reconciliaci\u00f3n entre ella y Javier Milei. En di\u00e1logo con\u00a0Sof\u00eda Kotler, periodista de TN, la [&hellip;]<\/p>\n","protected":false},"author":3,"featured_media":3402,"comment_status":"open","ping_status":"open","sticky":false,"template":"","format":"standard","meta":{"_jetpack_memberships_contains_paid_content":false,"footnotes":""},"categories":[5],"tags":[],"class_list":["post-3401","post","type-post","status-publish","format-standard","has-post-thumbnail","hentry","category-espectaculo"],"jetpack_featured_media_url":"https:\/\/pasahoy.com.ar\/ph\/wp-content\/uploads\/2025\/06\/1000457243.png","jetpack_sharing_enabled":true,"_links":{"self":[{"href":"https:\/\/pasahoy.com.ar\/ph\/wp-json\/wp\/v2\/posts\/3401","targetHints":{"allow":["GET"]}}],"collection":[{"href":"https:\/\/pasahoy.com.ar\/ph\/wp-json\/wp\/v2\/posts"}],"about":[{"href":"https:\/\/pasahoy.com.ar\/ph\/wp-json\/wp\/v2\/types\/post"}],"author":[{"embeddable":true,"href":"https:\/\/pasahoy.com.ar\/ph\/wp-json\/wp\/v2\/users\/3"}],"replies":[{"embeddable":true,"href":"https:\/\/pasahoy.com.ar\/ph\/wp-json\/wp\/v2\/comments?post=3401"}],"version-history":[{"count":1,"href":"https:\/\/pasahoy.com.ar\/ph\/wp-json\/wp\/v2\/posts\/3401\/revisions"}],"predecessor-version":[{"id":3403,"href":"https:\/\/pasahoy.com.ar\/ph\/wp-json\/wp\/v2\/posts\/3401\/revisions\/3403"}],"wp:featuredmedia":[{"embeddable":true,"href":"https:\/\/pasahoy.com.ar\/ph\/wp-json\/wp\/v2\/media\/3402"}],"wp:attachment":[{"href":"https:\/\/pasahoy.com.ar\/ph\/wp-json\/wp\/v2\/media?parent=3401"}],"wp:term":[{"taxonomy":"category","embeddable":true,"href":"https:\/\/pasahoy.com.ar\/ph\/wp-json\/wp\/v2\/categories?post=3401"},{"taxonomy":"post_tag","embeddable":true,"href":"https:\/\/pasahoy.com.ar\/ph\/wp-json\/wp\/v2\/tags?post=3401"}],"curies":[{"name":"wp","href":"https:\/\/api.w.org\/{rel}","templated":true}]}}