{"id":3395,"date":"2025-06-27T16:59:44","date_gmt":"2025-06-27T16:59:44","guid":{"rendered":"https:\/\/pasahoy.com.ar\/ph\/?p=3395"},"modified":"2025-06-27T16:59:57","modified_gmt":"2025-06-27T16:59:57","slug":"tolosa-paz-tildo-al-gobierno-de-milei-de-stalinista-tras-polemica-comparacion","status":"publish","type":"post","link":"https:\/\/pasahoy.com.ar\/ph\/tolosa-paz-tildo-al-gobierno-de-milei-de-stalinista-tras-polemica-comparacion\/","title":{"rendered":"Tolosa Paz tild\u00f3 al gobierno de Milei de \u00abstalinista\u00bb tras pol\u00e9mica comparaci\u00f3n"},"content":{"rendered":"\n<p>En medio de la controversia generada por las declaraciones del presidente&nbsp;<strong>Javier Milei<\/strong>, quien calific\u00f3 al gobernador de la provincia de Buenos Aires,&nbsp;<strong>Axel Kicillof<\/strong>, como un \u00abpich\u00f3n de Stalin\u00bb, la diputada&nbsp;<strong>Victoria Tolosa Paz<\/strong>&nbsp;decidi\u00f3 investigar las similitudes entre el mandatario y el hist\u00f3rico l\u00edder sovi\u00e9tico utilizando el Chat GPT.<\/p>\n\n\n\n<p><strong>\u201cMe qued\u00f3 con la sensaci\u00f3n de que su gobierno es bastante stalinista\u201d,<\/strong>&nbsp;expres\u00f3 Tolosa Paz tras las declaraciones de Milei durante el primer Congreso de La Libertad Avanza, que tuvo lugar el pasado jueves en la provincia. La legisladora de Uni\u00f3n por la Patria se mostr\u00f3 sorprendida por el nivel de ofensas del presidente y pidi\u00f3 claridad sobre sus intenciones.<\/p>\n\n\n\n<p>Desde su cuenta en X, cuestion\u00f3:&nbsp;<strong>\u201cHASTA D\u00d3NDE QUIERE LLEGAR CON LOS AGRAVIOS, PRESIDENTE? En serio, Javier Milei, \u00bfcu\u00e1l es el objetivo de tanto insulto? \u00bftapar lo que hacen con los m\u00e1s necesitados vendiendo bronca?\u201d<\/strong><\/p>\n\n\n\n<p>Afirm\u00f3 que estaba intrigada por las acusaciones de Milei hacia Kicillof y decidi\u00f3 plantear el tema a la inteligencia artificial, donde obtuvo un an\u00e1lisis que reflej\u00f3 que, aunque Milei y Stalin representan extremos ideol\u00f3gicos opuestos, existen rasgos de estilo de poder, discurso y pr\u00e1cticas que pueden parecer similares.<\/p>\n\n\n\n<p>La IA indic\u00f3 que ambos l\u00edderes comparten algunos rasgos, entre los que destaca el \u201cpersonalismo extremo, el lenguaje agresivo, el poder verticalista, la polarizaci\u00f3n pol\u00edtica y la reinterpretaci\u00f3n de la historia\u201d. Tolosa Paz enfatiz\u00f3 la gravedad de estos hallazgos.<\/p>\n\n\n\n<p>Adem\u00e1s, record\u00f3 a Milei la importancia de la seguridad en la provincia, reclamando el regreso del Fondo de Seguridad a los bonaerenses, mencionando la cifra de $750.000.000.000 como un recordatorio del compromiso del gobierno con la ciudadan\u00eda.<strong>\u201cSu ignorancia lo contradice, SI ES PELOTUDO NO ES EUNUCO\u201d,<\/strong>&nbsp;concluy\u00f3 la exministra de Desarrollo Social, levantando a\u00fan m\u00e1s el tono de su cr\u00edtica.<\/p>\n\n\n\n<p>A trav\u00e9s de su breve an\u00e1lisis en redes, Tolosa Paz logr\u00f3 resaltar las preocupaciones sobre el estilo de liderazgo del actual presidente, invitando a un an\u00e1lisis m\u00e1s profundo sobre las implicancias de las comparaciones que surgen en la pol\u00edtica local.<\/p>\n\n\n\n<figure class=\"wp-block-gallery has-nested-images columns-default is-cropped wp-block-gallery-1 is-layout-flex wp-block-gallery-is-layout-flex\">\n<figure class=\"wp-block-image size-large\"><img loading=\"lazy\" decoding=\"async\" width=\"1024\" height=\"669\" data-id=\"3396\" src=\"https:\/\/pasahoy.com.ar\/ph\/wp-content\/uploads\/2025\/06\/1000457202-1024x669.png\" alt=\"\" class=\"wp-image-3396\" srcset=\"https:\/\/pasahoy.com.ar\/ph\/wp-content\/uploads\/2025\/06\/1000457202-1024x669.png 1024w, https:\/\/pasahoy.com.ar\/ph\/wp-content\/uploads\/2025\/06\/1000457202-300x196.png 300w, https:\/\/pasahoy.com.ar\/ph\/wp-content\/uploads\/2025\/06\/1000457202-768x502.png 768w, https:\/\/pasahoy.com.ar\/ph\/wp-content\/uploads\/2025\/06\/1000457202.png 1050w\" sizes=\"auto, (max-width: 1024px) 100vw, 1024px\" \/><\/figure>\n<\/figure>\n","protected":false},"excerpt":{"rendered":"<p>En medio de la controversia generada por las declaraciones del presidente&nbsp;Javier Milei, quien calific\u00f3 al gobernador de la provincia de Buenos Aires,&nbsp;Axel Kicillof, como un \u00abpich\u00f3n de Stalin\u00bb, la diputada&nbsp;Victoria Tolosa Paz&nbsp;decidi\u00f3 investigar las similitudes entre el mandatario y el hist\u00f3rico l\u00edder sovi\u00e9tico utilizando el Chat GPT. \u201cMe qued\u00f3 con la sensaci\u00f3n de que su [&hellip;]<\/p>\n","protected":false},"author":3,"featured_media":3396,"comment_status":"open","ping_status":"open","sticky":false,"template":"","format":"standard","meta":{"_jetpack_memberships_contains_paid_content":false,"footnotes":""},"categories":[2],"tags":[],"class_list":["post-3395","post","type-post","status-publish","format-standard","has-post-thumbnail","hentry","category-nacional"],"jetpack_featured_media_url":"https:\/\/pasahoy.com.ar\/ph\/wp-content\/uploads\/2025\/06\/1000457202.png","jetpack_sharing_enabled":true,"_links":{"self":[{"href":"https:\/\/pasahoy.com.ar\/ph\/wp-json\/wp\/v2\/posts\/3395","targetHints":{"allow":["GET"]}}],"collection":[{"href":"https:\/\/pasahoy.com.ar\/ph\/wp-json\/wp\/v2\/posts"}],"about":[{"href":"https:\/\/pasahoy.com.ar\/ph\/wp-json\/wp\/v2\/types\/post"}],"author":[{"embeddable":true,"href":"https:\/\/pasahoy.com.ar\/ph\/wp-json\/wp\/v2\/users\/3"}],"replies":[{"embeddable":true,"href":"https:\/\/pasahoy.com.ar\/ph\/wp-json\/wp\/v2\/comments?post=3395"}],"version-history":[{"count":1,"href":"https:\/\/pasahoy.com.ar\/ph\/wp-json\/wp\/v2\/posts\/3395\/revisions"}],"predecessor-version":[{"id":3397,"href":"https:\/\/pasahoy.com.ar\/ph\/wp-json\/wp\/v2\/posts\/3395\/revisions\/3397"}],"wp:featuredmedia":[{"embeddable":true,"href":"https:\/\/pasahoy.com.ar\/ph\/wp-json\/wp\/v2\/media\/3396"}],"wp:attachment":[{"href":"https:\/\/pasahoy.com.ar\/ph\/wp-json\/wp\/v2\/media?parent=3395"}],"wp:term":[{"taxonomy":"category","embeddable":true,"href":"https:\/\/pasahoy.com.ar\/ph\/wp-json\/wp\/v2\/categories?post=3395"},{"taxonomy":"post_tag","embeddable":true,"href":"https:\/\/pasahoy.com.ar\/ph\/wp-json\/wp\/v2\/tags?post=3395"}],"curies":[{"name":"wp","href":"https:\/\/api.w.org\/{rel}","templated":true}]}}