{"id":3392,"date":"2025-06-27T16:56:31","date_gmt":"2025-06-27T16:56:31","guid":{"rendered":"https:\/\/pasahoy.com.ar\/ph\/?p=3392"},"modified":"2025-06-27T16:56:45","modified_gmt":"2025-06-27T16:56:45","slug":"cristina-kirchner-estamos-viendo-senales-mas-que-contundentes-de-lo-insostenible-del-modelo","status":"publish","type":"post","link":"https:\/\/pasahoy.com.ar\/ph\/cristina-kirchner-estamos-viendo-senales-mas-que-contundentes-de-lo-insostenible-del-modelo\/","title":{"rendered":"Cristina Kirchner:\u00a0\u00abEstamos viendo se\u00f1ales m\u00e1s que contundentes de lo insostenible del modelo\u00bb"},"content":{"rendered":"\n<p>La expresidenta se\u00f1al\u00f3 que Milei y Caputo\u00a0\u00aben 45 d\u00edas se esfumaron 4.000 millones de d\u00f3lares\u00bb, un tercio de lo que les dio el FMI. \u00abSi la macroeconom\u00eda est\u00e1 para el tuje, la micro es una tragedia social\u00bb, advirti\u00f3 al referirse al endeudamiento de las familias para comprar comida.<\/p>\n\n\n\n<p>En otro de sus mensajes de audio enviados desde el departamento donde guarda condena y proscripci\u00f3n, la expresidenta proscripta&nbsp;<strong>Cristina Kirchner advirti\u00f3 que en el \u00faltimo mes y medio el gobierno de Javier Milei \u201cesfum\u00f3\u201d al menos un tercio del pr\u00e9stamo que le otorg\u00f3 el Fondo Monetario Internacional (FMI)<\/strong>, y cuestion\u00f3 al equipo econ\u00f3mico por provocar que \u201cla macroeconom\u00eda est\u00e9 para el \u2018tuje\u2019 y la micro sea una tragedia social\u201d.<\/p>\n\n\n\n<p><strong>\u201cLa verdadera grieta\u201d es la \u201cque el poder econ\u00f3mico est\u00e1 generando en la Argentina a trav\u00e9s del gobierno de Milei\u201d,<\/strong>&nbsp;critic\u00f3 la exmandataria, quien hizo p\u00fablico un nuevo diagn\u00f3stico de la situaci\u00f3n econ\u00f3mica nacional durante una breve intervenci\u00f3n en el 52 Congreso Nacional de La Bancaria, realizado anoche.<\/p>\n\n\n\n<p>Dese all\u00ed,&nbsp;<strong>CFK volvi\u00f3 a agradecer el respaldo recibido durante la movilizaci\u00f3n del 18 de junio pasado en la Plaza de Mayo<\/strong>, reiter\u00f3 que el \u201ceste modelo econ\u00f3mico se cae a pedazos\u201d, que \u201cal gobierno le faltan d\u00f3lares\u201d y que durante los \u00faltimos d\u00edas se est\u00e1n \u201cviendo se\u00f1ales m\u00e1s que contundentes acerca de lo insostenible\u201d que es esta pol\u00edtica econ\u00f3mica y financiera.<\/p>\n\n\n\n<p>En este sentido, se\u00f1al\u00f3 que uno de esas se\u00f1ales fueron&nbsp;<strong>los reveses que le dieron al pa\u00eds la calificadora de riesgo Moody\u2019s (que cuestion\u00f3 el tipo de cambio) y la decisi\u00f3n de Morgan Stanley<\/strong>, de no elevar la categor\u00eda de Argentina para que acceda a los mercados de deuda.<\/p>\n\n\n\n<p><strong>\u201cToto Caputo no consigui\u00f3 la calificaci\u00f3n financiera para seguir endeudando al pa\u00eds\u201d,<\/strong>&nbsp;as\u00ed que \u201cbienvenido el hecho de que no puedan seguir agravando la situaci\u00f3n de endeudamiento estructural en la que nos han metido primero Macri y ahora Milei. Y las dos veces, por supuesto, el inefable Toto Caputo\u201d, puntualiz\u00f3 la exmandataria.<\/p>\n\n\n\n<h2 class=\"wp-block-heading\">\u201cEn 45 d\u00edas se esfumaron 4 mil millones de d\u00f3lares\u201d<\/h2>\n\n\n\n<p>Para fundamentar sus cuestionamientos, Cristina Kirchner enfatiz\u00f3 en un dato que muestra a las claras las maniobras que el gobierno nacional realiza para mantener una relativa estabilidad antes de las elecciones legislativas de este a\u00f1o:<\/p>\n\n\n\n<p><strong>\u201cEn 45 d\u00edas se esfumaron 4 mil millones de d\u00f3lares\u201d, es decir casi un tercio del pr\u00e9stamo que el FMI le dio a la Argentina<\/strong>, como parte del nuevo endeudamiento que tom\u00f3. Y producto del levantamiento del cepo cambiario, \u201cen abril se llevaron la bonita suma de casi 2,2 mil millones de d\u00f3lares\u201d, y \u201cen mayo nos dicen que 1,7 mil millones, m\u00e1s o menos\u201d, explic\u00f3.<\/p>\n\n\n\n<p>Sobre la base de estos datos, la titular del Partido Justicialista (PJ) volvi\u00f3 a poner \u00e9nfasis en los efectos da\u00f1inos que las pol\u00edticas de Javier Milei provocan en la poblaci\u00f3n: \u201cY con la micro, \u00bfc\u00f3mo andamos?\u201d, pregunt\u00f3.<\/p>\n\n\n\n<p><strong>\u201cUstedes saben que si la macroeconom\u00eda est\u00e1 para el tuje, la micro es una tragedia social\u201d<\/strong>, lanz\u00f3 la expresidenta y volvi\u00f3 a criticar que, seg\u00fan datos oficiales, \u201cm\u00e1s del 50 por ciento de las familias argentinas no llega a fin de mes\u201d y \u201cse est\u00e1n endeudando para comer\u201d.<\/p>\n\n\n\n<p>O sea, \u201cno para viajar o para comprarse una casita o comprarse un autito, sino para comer\u201d, subray\u00f3 y sostuvo que \u201cesa micro cierra todav\u00eda mucho menos, much\u00edsimo menos y muy tr\u00e1gicamente menos\u201d.<\/p>\n\n\n\n<h2 class=\"wp-block-heading\">La grieta econ\u00f3mica y la tragedia social<\/h2>\n\n\n\n<p>El mensaje de CFK puso de relieve que<strong>&nbsp;el descalabro por la \u201cfalta de d\u00f3lares\u201d no es producto de los sectores de la sociedad que los compran y utilizan en viajes o compras, sino m\u00e1s bien del \u201cpoder econ\u00f3mico\u201d<\/strong>, al que acus\u00f3 de tener \u201cun sesgo deprededor\u201d, \u201cde fugador de d\u00f3lares\u201d y de trabajar \u201cpara la especulaci\u00f3n y la fuga\u201d.<\/p>\n\n\n\n<p>\u201cEllos son los que&nbsp;<strong>generan la grieta econ\u00f3mica de nuestro pa\u00eds y la tragedia social,<\/strong>&nbsp;porque la grieta econ\u00f3mica termina en tragedia social, siempre\u201d, diagnostic\u00f3 y advirti\u00f3 que, por esas razones, \u201cel modelo se les cae a pedazos\u201d.<\/p>\n\n\n\n<p><strong>El modelo \u201cse cae\u201d y \u201cellos lo saben\u201d, por eso \u201cdecidieron meterme presa y sacarme de la cancha\u201d,<\/strong>&nbsp;acus\u00f3 y llam\u00f3 a la militancia a \u201cvolver a armar el rompecabezas porque estos tipos rompieron todo y siguen rompiendo lo que queda, lo poco que queda\u201d.<\/p>\n\n\n\n<p>Tambi\u00e9n recomend\u00f3 \u201crecordar lo que hicimos entre 2003 y el 2015, cuando se reorient\u00f3 el ahorro y la inversi\u00f3n a un modelo de desarrollo econ\u00f3mico, de crecimiento industrial, de valor agregado, de innovaci\u00f3n y de tecnolog\u00eda, con aumento en la participaci\u00f3n de los trabajadores del PBI\u201d.<\/p>\n\n\n\n<p><strong>\u201cEse es el camino, esa es la lucha y esa es la bandera que tenemos que volver a retomar y a llevar a la calle\u201d<\/strong>, concluy\u00f3.<\/p>\n\n\n\n<figure class=\"wp-block-gallery has-nested-images columns-default is-cropped wp-block-gallery-1 is-layout-flex wp-block-gallery-is-layout-flex\">\n<figure class=\"wp-block-image size-large\"><img loading=\"lazy\" decoding=\"async\" width=\"924\" height=\"549\" data-id=\"3393\" src=\"https:\/\/pasahoy.com.ar\/ph\/wp-content\/uploads\/2025\/06\/1000457187.png\" alt=\"\" class=\"wp-image-3393\" srcset=\"https:\/\/pasahoy.com.ar\/ph\/wp-content\/uploads\/2025\/06\/1000457187.png 924w, https:\/\/pasahoy.com.ar\/ph\/wp-content\/uploads\/2025\/06\/1000457187-300x178.png 300w, https:\/\/pasahoy.com.ar\/ph\/wp-content\/uploads\/2025\/06\/1000457187-768x456.png 768w\" sizes=\"auto, (max-width: 924px) 100vw, 924px\" \/><\/figure>\n<\/figure>\n","protected":false},"excerpt":{"rendered":"<p>La expresidenta se\u00f1al\u00f3 que Milei y Caputo\u00a0\u00aben 45 d\u00edas se esfumaron 4.000 millones de d\u00f3lares\u00bb, un tercio de lo que les dio el FMI. \u00abSi la macroeconom\u00eda est\u00e1 para el tuje, la micro es una tragedia social\u00bb, advirti\u00f3 al referirse al endeudamiento de las familias para comprar comida. En otro de sus mensajes de audio [&hellip;]<\/p>\n","protected":false},"author":3,"featured_media":3393,"comment_status":"open","ping_status":"open","sticky":false,"template":"","format":"standard","meta":{"_jetpack_memberships_contains_paid_content":false,"footnotes":""},"categories":[2],"tags":[],"class_list":["post-3392","post","type-post","status-publish","format-standard","has-post-thumbnail","hentry","category-nacional"],"jetpack_featured_media_url":"https:\/\/pasahoy.com.ar\/ph\/wp-content\/uploads\/2025\/06\/1000457187.png","jetpack_sharing_enabled":true,"_links":{"self":[{"href":"https:\/\/pasahoy.com.ar\/ph\/wp-json\/wp\/v2\/posts\/3392","targetHints":{"allow":["GET"]}}],"collection":[{"href":"https:\/\/pasahoy.com.ar\/ph\/wp-json\/wp\/v2\/posts"}],"about":[{"href":"https:\/\/pasahoy.com.ar\/ph\/wp-json\/wp\/v2\/types\/post"}],"author":[{"embeddable":true,"href":"https:\/\/pasahoy.com.ar\/ph\/wp-json\/wp\/v2\/users\/3"}],"replies":[{"embeddable":true,"href":"https:\/\/pasahoy.com.ar\/ph\/wp-json\/wp\/v2\/comments?post=3392"}],"version-history":[{"count":1,"href":"https:\/\/pasahoy.com.ar\/ph\/wp-json\/wp\/v2\/posts\/3392\/revisions"}],"predecessor-version":[{"id":3394,"href":"https:\/\/pasahoy.com.ar\/ph\/wp-json\/wp\/v2\/posts\/3392\/revisions\/3394"}],"wp:featuredmedia":[{"embeddable":true,"href":"https:\/\/pasahoy.com.ar\/ph\/wp-json\/wp\/v2\/media\/3393"}],"wp:attachment":[{"href":"https:\/\/pasahoy.com.ar\/ph\/wp-json\/wp\/v2\/media?parent=3392"}],"wp:term":[{"taxonomy":"category","embeddable":true,"href":"https:\/\/pasahoy.com.ar\/ph\/wp-json\/wp\/v2\/categories?post=3392"},{"taxonomy":"post_tag","embeddable":true,"href":"https:\/\/pasahoy.com.ar\/ph\/wp-json\/wp\/v2\/tags?post=3392"}],"curies":[{"name":"wp","href":"https:\/\/api.w.org\/{rel}","templated":true}]}}