{"id":3383,"date":"2025-06-26T23:47:20","date_gmt":"2025-06-26T23:47:20","guid":{"rendered":"https:\/\/pasahoy.com.ar\/ph\/?p=3383"},"modified":"2025-06-26T23:47:20","modified_gmt":"2025-06-26T23:47:20","slug":"lealtad-a-la-bandera-argentina-por-parte-de-estudiantes-y-cadetes-en-el-departamento-facundo-quiroga","status":"publish","type":"post","link":"https:\/\/pasahoy.com.ar\/ph\/lealtad-a-la-bandera-argentina-por-parte-de-estudiantes-y-cadetes-en-el-departamento-facundo-quiroga\/","title":{"rendered":"Lealtad a la Bandera Argentina por parte de estudiantes y cadetes en el departamento Facundo Quiroga"},"content":{"rendered":"\n<p>Este jueves, la vicegobernadora Teresita Madera junto al intendente Ariel Bejarano y el ministro de Educaci\u00f3n, Ariel Mart\u00ednez presidieron el acto de Promesa de Lealtad a alumnos de 4to grado del departamento y Jura de la misma a Cadetes del Instituto de Seguridad P\u00fablica de Chepes. Adem\u00e1s, visitaron instituciones educativas para recorrer obras de reparaci\u00f3n, entrega de calefactores y capacitaci\u00f3n en rob\u00f3tica.<\/p>\n\n\n\n<figure class=\"wp-block-gallery has-nested-images columns-default is-cropped wp-block-gallery-1 is-layout-flex wp-block-gallery-is-layout-flex\">\n<figure class=\"wp-block-image size-large\"><img loading=\"lazy\" decoding=\"async\" width=\"1024\" height=\"683\" data-id=\"3384\" src=\"https:\/\/pasahoy.com.ar\/ph\/wp-content\/uploads\/2025\/06\/1000454790-1024x683.jpg\" alt=\"\" class=\"wp-image-3384\" srcset=\"https:\/\/pasahoy.com.ar\/ph\/wp-content\/uploads\/2025\/06\/1000454790-1024x683.jpg 1024w, https:\/\/pasahoy.com.ar\/ph\/wp-content\/uploads\/2025\/06\/1000454790-300x200.jpg 300w, https:\/\/pasahoy.com.ar\/ph\/wp-content\/uploads\/2025\/06\/1000454790-768x512.jpg 768w, https:\/\/pasahoy.com.ar\/ph\/wp-content\/uploads\/2025\/06\/1000454790-1536x1024.jpg 1536w, https:\/\/pasahoy.com.ar\/ph\/wp-content\/uploads\/2025\/06\/1000454790-2048x1365.jpg 2048w\" sizes=\"auto, (max-width: 1024px) 100vw, 1024px\" \/><\/figure>\n\n\n\n<figure class=\"wp-block-image size-large\"><img loading=\"lazy\" decoding=\"async\" width=\"1024\" height=\"683\" data-id=\"3386\" src=\"https:\/\/pasahoy.com.ar\/ph\/wp-content\/uploads\/2025\/06\/1000454793-1024x683.jpg\" alt=\"\" class=\"wp-image-3386\" srcset=\"https:\/\/pasahoy.com.ar\/ph\/wp-content\/uploads\/2025\/06\/1000454793-1024x683.jpg 1024w, https:\/\/pasahoy.com.ar\/ph\/wp-content\/uploads\/2025\/06\/1000454793-300x200.jpg 300w, https:\/\/pasahoy.com.ar\/ph\/wp-content\/uploads\/2025\/06\/1000454793-768x512.jpg 768w, https:\/\/pasahoy.com.ar\/ph\/wp-content\/uploads\/2025\/06\/1000454793-1536x1024.jpg 1536w, https:\/\/pasahoy.com.ar\/ph\/wp-content\/uploads\/2025\/06\/1000454793-2048x1365.jpg 2048w\" sizes=\"auto, (max-width: 1024px) 100vw, 1024px\" \/><\/figure>\n\n\n\n<figure class=\"wp-block-image size-large\"><img loading=\"lazy\" decoding=\"async\" width=\"1024\" height=\"683\" data-id=\"3385\" src=\"https:\/\/pasahoy.com.ar\/ph\/wp-content\/uploads\/2025\/06\/1000454788-1024x683.jpg\" alt=\"\" class=\"wp-image-3385\" srcset=\"https:\/\/pasahoy.com.ar\/ph\/wp-content\/uploads\/2025\/06\/1000454788-1024x683.jpg 1024w, https:\/\/pasahoy.com.ar\/ph\/wp-content\/uploads\/2025\/06\/1000454788-300x200.jpg 300w, https:\/\/pasahoy.com.ar\/ph\/wp-content\/uploads\/2025\/06\/1000454788-768x512.jpg 768w, https:\/\/pasahoy.com.ar\/ph\/wp-content\/uploads\/2025\/06\/1000454788-1536x1024.jpg 1536w, https:\/\/pasahoy.com.ar\/ph\/wp-content\/uploads\/2025\/06\/1000454788-2048x1365.jpg 2048w\" sizes=\"auto, (max-width: 1024px) 100vw, 1024px\" \/><\/figure>\n<\/figure>\n\n\n\n<p>En la localidad de Portezuelo, la Promesa de Lealtad a la Bandera Argentina a alumnos y alumnas de 4to grado de la Escuela N\u00b091 \u201cGobernador de Chubut\u201d, fue tomada por la vicegobernadora Teresita Madera; en tanto que el ministro de Educaci\u00f3n, Ariel Mart\u00ednez, tom\u00f3 juramento de Fidelidad a la Bandera Nacional a cadetes del Instituto Superior de Formaci\u00f3n Integral en Seguridad P\u00fablica, Departamento de Formaci\u00f3n de Agentes de Polic\u00eda Sede Chepes.<\/p>\n\n\n\n<p>En este contexto, la vicegobernadora expres\u00f3 el especial saludo del gobernador Ricardo Quintela; seguidamente se dirigi\u00f3 a quienes juraron y prometieron lealtad \u201cesta bandera que hoy prometen honrar representa la historia, la soberan\u00eda y la esperanza de todos los argentinos y argentinas, ll\u00e9venla en el coraz\u00f3n, resp\u00e9tenla y defi\u00e9ndanla cada d\u00eda, en cada acci\u00f3n, en cada palabra\u201d.<\/p>\n\n\n\n<p>Agreg\u00f3 que ha sido una hermosa jornada donde reafirmamos que con educaci\u00f3n, con inclusi\u00f3n y con vocaci\u00f3n de servicio estamos sembrando futuro para que La Rioja siga de pie, firme y en crecimiento.<\/p>\n\n\n\n<p>Por su parte, el intendente Bejarano destac\u00f3 que la bandera es s\u00edmbolo de uni\u00f3n y representa la lucha por la paz y la grandeza de nuestros pueblos. Afirm\u00f3 que este acto tiene un significado especial al reunir a los estudiantes de 4\u00b0 grado y a los cadetes de la escuela de Chepes, quienes hoy prometen y juran lealtad a nuestro pabell\u00f3n nacional. Finalmente, agradeci\u00f3 su compromiso y vocaci\u00f3n de honrarla todos los d\u00edas.<\/p>\n\n\n\n<p>De la jornada, participaron tambi\u00e9n el jefe de Gabite, Juan Luna; el ministro de Infraestructura, Marcelo del Moral; el diputado departamental Mauro Luj\u00e1n y su par Omar Castro; el intendente de Gral. Ocampo, Jorge Salom\u00f3n; viceintendente, concejales; secretarios de Educaci\u00f3n; supervisores, directores; fuerza de seguridad.<\/p>\n\n\n\n<p>Durante el acto central se realiz\u00f3 un emotivo reconocimiento a la Profesora Beatriz Godoy, \u201csu legado seguir\u00e1 inspirando a las nuevas generaciones\u201d. Posteriormente se realiz\u00f3 el desfile c\u00edvico.<\/p>\n\n\n\n<p><em>Levantando la bandera de la educaci\u00f3n<\/em><\/p>\n\n\n\n<p>En Malanz\u00e1n, las autoridades visitaron el Colegio Secundario Provincial \u201cJuan Zacar\u00edas Ag\u00fcero Vera\u201d, el Jard\u00edn de Infantes N\u00facleo N\u00b0 13 \u201cVictoria Romero\u201d y la Escuela N\u00b0 269ool donde constataron los avances de las obras realizadas durante esta primera etapa del a\u00f1o.<\/p>\n\n\n\n<p>Posterior al recorrido, el ministro Mart\u00ednez sostuvo que \u201ces vital y fundamental que nuestros docentes puedan guiar y acompa\u00f1ar los procesos de ense\u00f1anza y aprendizaje; y que para ello tengan lo que necesitan. Queremos que toda la docencia pueda introducir a los chicos en espacios creativos, donde la innovaci\u00f3n y la experimentaci\u00f3n sean herramientas para construir un futuro con m\u00e1s y mejores oportunidades\u201d.<\/p>\n\n\n\n<p>\u201cPor eso estamos acompa\u00f1ando estos espacios de capacitaci\u00f3n, para que ma\u00f1ana sean nuestros estudiantes los que puedan crear, imaginar y transformar a trav\u00e9s del aprendizaje\u201d,sostuvo.<\/p>\n\n\n\n<p>El ministro agregr\u00f3 que estamos atravesando momentos dif\u00edciles y complejos, pero sabemos que las grandes transformaciones siempre llegan de la mano de las y los docentes, \u201cpor eso nuestro reconocimiento y agradecimiento a cada uno de ellos, que d\u00eda a d\u00eda hacen posible que la educaci\u00f3n siga siendo un pilar de crecimiento para todas y todos\u201d.<\/p>\n\n\n\n<p>Cabe destacar que en el colegio avanza la colocaci\u00f3n de un nuevo piso para garantizar instalaciones m\u00e1s seguras y confortables. Por su parte, en el jard\u00edn de infantes est\u00e1 en su etapa final la construcci\u00f3n de una nueva sala y sanitarios, ampliando espacios para que los m\u00e1s peque\u00f1os puedan aprender en mejores condiciones.<\/p>\n\n\n\n<p>Asimismo, en la Escuela N\u00b0 269 contin\u00faa desarroll\u00e1ndose el Taller de Rob\u00f3tica, una propuesta destinada a fortalecer la educaci\u00f3n t\u00e9cnica y fomentar habilidades para el futuro.<\/p>\n\n\n\n<p>Adem\u00e1s, durante el recorrido, las autoridades entregaron elementos para el funcionamiento diario de los establecimientos educativos del departamento Juan Facundo Quiroga, como estufas y aires acondicionados, reafirmando el compromiso de acompa\u00f1ar a cada comunidad educativa para garantizar que estudiantes y docentes cuenten con espacios adecuados para ense\u00f1ar y aprender.<\/p>\n","protected":false},"excerpt":{"rendered":"<p>Este jueves, la vicegobernadora Teresita Madera junto al intendente Ariel Bejarano y el ministro de Educaci\u00f3n, Ariel Mart\u00ednez presidieron el acto de Promesa de Lealtad a alumnos de 4to grado del departamento y Jura de la misma a Cadetes del Instituto de Seguridad P\u00fablica de Chepes. Adem\u00e1s, visitaron instituciones educativas para recorrer obras de reparaci\u00f3n, [&hellip;]<\/p>\n","protected":false},"author":3,"featured_media":3384,"comment_status":"open","ping_status":"open","sticky":false,"template":"","format":"standard","meta":{"_jetpack_memberships_contains_paid_content":false,"footnotes":""},"categories":[1],"tags":[],"class_list":["post-3383","post","type-post","status-publish","format-standard","has-post-thumbnail","hentry","category-local"],"jetpack_featured_media_url":"https:\/\/pasahoy.com.ar\/ph\/wp-content\/uploads\/2025\/06\/1000454790-scaled.jpg","jetpack_sharing_enabled":true,"_links":{"self":[{"href":"https:\/\/pasahoy.com.ar\/ph\/wp-json\/wp\/v2\/posts\/3383","targetHints":{"allow":["GET"]}}],"collection":[{"href":"https:\/\/pasahoy.com.ar\/ph\/wp-json\/wp\/v2\/posts"}],"about":[{"href":"https:\/\/pasahoy.com.ar\/ph\/wp-json\/wp\/v2\/types\/post"}],"author":[{"embeddable":true,"href":"https:\/\/pasahoy.com.ar\/ph\/wp-json\/wp\/v2\/users\/3"}],"replies":[{"embeddable":true,"href":"https:\/\/pasahoy.com.ar\/ph\/wp-json\/wp\/v2\/comments?post=3383"}],"version-history":[{"count":1,"href":"https:\/\/pasahoy.com.ar\/ph\/wp-json\/wp\/v2\/posts\/3383\/revisions"}],"predecessor-version":[{"id":3387,"href":"https:\/\/pasahoy.com.ar\/ph\/wp-json\/wp\/v2\/posts\/3383\/revisions\/3387"}],"wp:featuredmedia":[{"embeddable":true,"href":"https:\/\/pasahoy.com.ar\/ph\/wp-json\/wp\/v2\/media\/3384"}],"wp:attachment":[{"href":"https:\/\/pasahoy.com.ar\/ph\/wp-json\/wp\/v2\/media?parent=3383"}],"wp:term":[{"taxonomy":"category","embeddable":true,"href":"https:\/\/pasahoy.com.ar\/ph\/wp-json\/wp\/v2\/categories?post=3383"},{"taxonomy":"post_tag","embeddable":true,"href":"https:\/\/pasahoy.com.ar\/ph\/wp-json\/wp\/v2\/tags?post=3383"}],"curies":[{"name":"wp","href":"https:\/\/api.w.org\/{rel}","templated":true}]}}