{"id":3380,"date":"2025-06-26T17:24:03","date_gmt":"2025-06-26T17:24:03","guid":{"rendered":"https:\/\/pasahoy.com.ar\/ph\/?p=3380"},"modified":"2025-06-26T17:24:19","modified_gmt":"2025-06-26T17:24:19","slug":"contra-el-estatismo-el-gobierno-nacional-anuncio-que-eliminara-el-dia-del-empleado-publico","status":"publish","type":"post","link":"https:\/\/pasahoy.com.ar\/ph\/contra-el-estatismo-el-gobierno-nacional-anuncio-que-eliminara-el-dia-del-empleado-publico\/","title":{"rendered":"Contra el \u00abestatismo\u00bb.\u00a0El Gobierno nacional anunci\u00f3 que eliminar\u00e1 el D\u00eda del Empleado P\u00fablico"},"content":{"rendered":"\n<p>Oficializ\u00f3 que la jornada no laborable dejar\u00e1 de existir. \u201cNo hay lugar para privilegios\u201d, dijo el vocero Manuel Adorni.<\/p>\n\n\n\n<p>El Gobierno nacional confirm\u00f3 este mi\u00e9rcoles que eliminar\u00e1, mediante un decreto presidencial, el D\u00eda del Empleado P\u00fablico. La medida fue anunciada por el vocero presidencial, Manuel Adorni, quien justific\u00f3 la decisi\u00f3n con una fuerte cr\u00edtica al \u201cestatismo\u201d y a los privilegios que, seg\u00fan dijo, a\u00fan conserva el empleo p\u00fablico en la Argentina.<\/p>\n\n\n\n<p>\u201cEl Presidente eliminar\u00e1 la jornada no laborable correspondiente al D\u00eda del Empleado P\u00fablico. El Estado no es un lugar en el que deba ser posible tomarse un d\u00eda sab\u00e1tico ni gozar de cualquier otro privilegio que el trabajador del sector privado no tiene\u201d, declar\u00f3 Adorni durante su habitual conferencia de prensa en Casa Rosada.<\/p>\n\n\n\n<p>La fecha, que sol\u00eda celebrarse en varias provincias y organismos estatales con suspensi\u00f3n de actividades, dejar\u00e1 de ser reconocida como tal a nivel nacional. Seg\u00fan Adorni, el feriado era un s\u00edmbolo de un Estado que \u201cle da la espalda al contribuyente\u201d, ya que \u201cese d\u00eda se paga con el sueldo de cada uno de los contribuyentes del pa\u00eds\u201d.<\/p>\n\n\n\n<p>En l\u00ednea con el discurso de recorte del gasto p\u00fablico que sostiene el presidente Javier Milei desde su llegada al poder, el portavoz afirm\u00f3 que trabajar en el Estado \u201ces un servicio para atender al ciudadano que todos los d\u00edas se esfuerza para llevar un plato de comida a su familia y que, de manera directa o indirecta, es responsable del presente y el futuro del pa\u00eds\u201d.<\/p>\n\n\n\n<p>Adorni tambi\u00e9n remarc\u00f3 que la eliminaci\u00f3n del feriado \u201cva en consonancia con la concepci\u00f3n del Estado que tiene este Gobierno, que est\u00e1 para allanar el camino de la libertad de los argentinos y no para entorpecerlo\u201d. En ese sentido, sostuvo que \u201cla Argentina que rend\u00eda culto al estatismo y al sector p\u00fablico en detrimento del privado es cosa del pasado\u201d.<\/p>\n\n\n\n<p>Con esta decisi\u00f3n, el Gobierno suma un nuevo gesto simb\u00f3lico hacia su base ideol\u00f3gica liberal y refuerza su mensaje de austeridad. En los primeros meses de gesti\u00f3n, Milei ya hab\u00eda eliminado numerosos cargos p\u00fablicos, redujo partidas presupuestarias y anunci\u00f3 que no habr\u00eda nuevos ingresos al Estado nacional, salvo excepciones muy puntuales.<\/p>\n\n\n\n<h2 class=\"wp-block-heading\">El D\u00eda del Empleado P\u00fablico<\/h2>\n\n\n\n<p>El D\u00eda del Empleado P\u00fablico era una jornada que, en algunos casos, se trasladaba para evitar afectar el funcionamiento de servicios esenciales, pero que en muchos organismos implicaba una jornada sin actividad. Con la firma del decreto, esa posibilidad quedar\u00e1 formalmente suprimida.<\/p>\n\n\n\n<p>Ahora, resta esperar c\u00f3mo impactar\u00e1 la medida en las provincias que conservan autonom\u00eda sobre su calendario laboral y en los gremios que representan a los trabajadores del Estado.<\/p>\n\n\n\n<figure class=\"wp-block-gallery has-nested-images columns-default is-cropped wp-block-gallery-1 is-layout-flex wp-block-gallery-is-layout-flex\">\n<figure class=\"wp-block-image size-large\"><img loading=\"lazy\" decoding=\"async\" width=\"942\" height=\"550\" data-id=\"3381\" src=\"https:\/\/pasahoy.com.ar\/ph\/wp-content\/uploads\/2025\/06\/1000454271.png\" alt=\"\" class=\"wp-image-3381\" srcset=\"https:\/\/pasahoy.com.ar\/ph\/wp-content\/uploads\/2025\/06\/1000454271.png 942w, https:\/\/pasahoy.com.ar\/ph\/wp-content\/uploads\/2025\/06\/1000454271-300x175.png 300w, https:\/\/pasahoy.com.ar\/ph\/wp-content\/uploads\/2025\/06\/1000454271-768x448.png 768w\" sizes=\"auto, (max-width: 942px) 100vw, 942px\" \/><\/figure>\n<\/figure>\n","protected":false},"excerpt":{"rendered":"<p>Oficializ\u00f3 que la jornada no laborable dejar\u00e1 de existir. \u201cNo hay lugar para privilegios\u201d, dijo el vocero Manuel Adorni. El Gobierno nacional confirm\u00f3 este mi\u00e9rcoles que eliminar\u00e1, mediante un decreto presidencial, el D\u00eda del Empleado P\u00fablico. La medida fue anunciada por el vocero presidencial, Manuel Adorni, quien justific\u00f3 la decisi\u00f3n con una fuerte cr\u00edtica al [&hellip;]<\/p>\n","protected":false},"author":3,"featured_media":3381,"comment_status":"open","ping_status":"open","sticky":false,"template":"","format":"standard","meta":{"_jetpack_memberships_contains_paid_content":false,"footnotes":""},"categories":[2],"tags":[],"class_list":["post-3380","post","type-post","status-publish","format-standard","has-post-thumbnail","hentry","category-nacional"],"jetpack_featured_media_url":"https:\/\/pasahoy.com.ar\/ph\/wp-content\/uploads\/2025\/06\/1000454271.png","jetpack_sharing_enabled":true,"_links":{"self":[{"href":"https:\/\/pasahoy.com.ar\/ph\/wp-json\/wp\/v2\/posts\/3380","targetHints":{"allow":["GET"]}}],"collection":[{"href":"https:\/\/pasahoy.com.ar\/ph\/wp-json\/wp\/v2\/posts"}],"about":[{"href":"https:\/\/pasahoy.com.ar\/ph\/wp-json\/wp\/v2\/types\/post"}],"author":[{"embeddable":true,"href":"https:\/\/pasahoy.com.ar\/ph\/wp-json\/wp\/v2\/users\/3"}],"replies":[{"embeddable":true,"href":"https:\/\/pasahoy.com.ar\/ph\/wp-json\/wp\/v2\/comments?post=3380"}],"version-history":[{"count":1,"href":"https:\/\/pasahoy.com.ar\/ph\/wp-json\/wp\/v2\/posts\/3380\/revisions"}],"predecessor-version":[{"id":3382,"href":"https:\/\/pasahoy.com.ar\/ph\/wp-json\/wp\/v2\/posts\/3380\/revisions\/3382"}],"wp:featuredmedia":[{"embeddable":true,"href":"https:\/\/pasahoy.com.ar\/ph\/wp-json\/wp\/v2\/media\/3381"}],"wp:attachment":[{"href":"https:\/\/pasahoy.com.ar\/ph\/wp-json\/wp\/v2\/media?parent=3380"}],"wp:term":[{"taxonomy":"category","embeddable":true,"href":"https:\/\/pasahoy.com.ar\/ph\/wp-json\/wp\/v2\/categories?post=3380"},{"taxonomy":"post_tag","embeddable":true,"href":"https:\/\/pasahoy.com.ar\/ph\/wp-json\/wp\/v2\/tags?post=3380"}],"curies":[{"name":"wp","href":"https:\/\/api.w.org\/{rel}","templated":true}]}}