{"id":3362,"date":"2025-06-26T16:54:18","date_gmt":"2025-06-26T16:54:18","guid":{"rendered":"https:\/\/pasahoy.com.ar\/ph\/?p=3362"},"modified":"2025-06-26T16:54:30","modified_gmt":"2025-06-26T16:54:30","slug":"cuanto-tiempo-estara-sin-jugar-el-diablito-echeverri-por-su-lesion-en-el-mundial-de-clubes","status":"publish","type":"post","link":"https:\/\/pasahoy.com.ar\/ph\/cuanto-tiempo-estara-sin-jugar-el-diablito-echeverri-por-su-lesion-en-el-mundial-de-clubes\/","title":{"rendered":"Cu\u00e1nto tiempo estar\u00e1 sin jugar el Diablito Echeverri por su lesi\u00f3n en el Mundial de Clubes"},"content":{"rendered":"\n<p>El exfutbolista de River puede perderse el resto de la competencia que se disputa en Estados Unidos<\/p>\n\n\n\n<p>El argentino<a href=\"https:\/\/tn.com.ar\/tags\/claudio-echeverri\/\"><strong>  Echeverri<\/strong><\/a>a traviesa un dif\u00edcil momento en el\u00a0<a href=\"https:\/\/tn.com.ar\/tags\/mundial-de-clubes\/\"><strong>Mundial de Clubes<\/strong><\/a>, despu\u00e9s de tener una brillante actuaci\u00f3n en el primer partido de titular en el Manchester City, del que debi\u00f3 salir en el entretiempo por una lesi\u00f3n en la pierna derecha.<\/p>\n\n\n\n<p>Tras ser el autor de un incre\u00edble gol de tiro libre frente al Al-Ain, el festejo qued\u00f3 opcado por un golpe que forz\u00f3 su reemplazo.<\/p>\n\n\n\n<p>El diagn\u00f3stico de la dolencia todav\u00eda no fue informado pero los indicios son preocupantes, ya que el futbolista&nbsp;<strong>se hizo presente en el entrenamiento con muletas y una bota ortop\u00e9dica.&nbsp;<\/strong>A la espera del parte oficial, el t\u00e9cnico adelant\u00f3 que podr\u00eda tratarse de una lesi\u00f3n que le demandar\u00e1 aproximadamente un mes.<\/p>\n\n\n\n<p>Si bien Pepe Guardiola intent\u00f3 calmar la situaci\u00f3n tras el partido, al afirmar que \u201cfue sustituido por precauci\u00f3n\u201d, luego dio un primer panorama no muy alentador.\u00a0<strong>\u201cTiene un problema en el tobillo y estar\u00e1 de baja dos o tres semanas. Lo sentimos mucho de parte de todos\u201d,\u00a0<\/strong>dijo.<\/p>\n\n\n\n<p>Estiman que el delantero argentino se perder\u00e1 lo que resta del Mundial de Clubes debido a los tiempos de recuperaci\u00f3n que tendr\u00e1 que respetar. Esta tarde el City, ya clasificado a los octavos de final, enfrenta a la Juventus.<\/p>\n\n\n\n<p>En este encuentro buscar\u00e1 el tercer triunfo y definir\u00e1 si queda primero o segundo en el Grupo G. Anteriormente venci\u00f3 a Wydad Ac en el debut y luego gole\u00f3 al Al Ain 6-0.<\/p>\n\n\n\n<figure class=\"wp-block-gallery has-nested-images columns-default is-cropped wp-block-gallery-1 is-layout-flex wp-block-gallery-is-layout-flex\">\n<figure class=\"wp-block-image size-large\"><img loading=\"lazy\" decoding=\"async\" width=\"888\" height=\"532\" data-id=\"3363\" src=\"https:\/\/pasahoy.com.ar\/ph\/wp-content\/uploads\/2025\/06\/1000454219.png\" alt=\"\" class=\"wp-image-3363\" srcset=\"https:\/\/pasahoy.com.ar\/ph\/wp-content\/uploads\/2025\/06\/1000454219.png 888w, https:\/\/pasahoy.com.ar\/ph\/wp-content\/uploads\/2025\/06\/1000454219-300x180.png 300w, https:\/\/pasahoy.com.ar\/ph\/wp-content\/uploads\/2025\/06\/1000454219-768x460.png 768w\" sizes=\"auto, (max-width: 888px) 100vw, 888px\" \/><\/figure>\n<\/figure>\n\n\n\n<p><br><\/p>\n","protected":false},"excerpt":{"rendered":"<p>El exfutbolista de River puede perderse el resto de la competencia que se disputa en Estados Unidos El argentino Echeverria traviesa un dif\u00edcil momento en el\u00a0Mundial de Clubes, despu\u00e9s de tener una brillante actuaci\u00f3n en el primer partido de titular en el Manchester City, del que debi\u00f3 salir en el entretiempo por una lesi\u00f3n en [&hellip;]<\/p>\n","protected":false},"author":3,"featured_media":3363,"comment_status":"open","ping_status":"open","sticky":false,"template":"","format":"standard","meta":{"_jetpack_memberships_contains_paid_content":false,"footnotes":""},"categories":[4],"tags":[],"class_list":["post-3362","post","type-post","status-publish","format-standard","has-post-thumbnail","hentry","category-deporte"],"jetpack_featured_media_url":"https:\/\/pasahoy.com.ar\/ph\/wp-content\/uploads\/2025\/06\/1000454219.png","jetpack_sharing_enabled":true,"_links":{"self":[{"href":"https:\/\/pasahoy.com.ar\/ph\/wp-json\/wp\/v2\/posts\/3362","targetHints":{"allow":["GET"]}}],"collection":[{"href":"https:\/\/pasahoy.com.ar\/ph\/wp-json\/wp\/v2\/posts"}],"about":[{"href":"https:\/\/pasahoy.com.ar\/ph\/wp-json\/wp\/v2\/types\/post"}],"author":[{"embeddable":true,"href":"https:\/\/pasahoy.com.ar\/ph\/wp-json\/wp\/v2\/users\/3"}],"replies":[{"embeddable":true,"href":"https:\/\/pasahoy.com.ar\/ph\/wp-json\/wp\/v2\/comments?post=3362"}],"version-history":[{"count":1,"href":"https:\/\/pasahoy.com.ar\/ph\/wp-json\/wp\/v2\/posts\/3362\/revisions"}],"predecessor-version":[{"id":3364,"href":"https:\/\/pasahoy.com.ar\/ph\/wp-json\/wp\/v2\/posts\/3362\/revisions\/3364"}],"wp:featuredmedia":[{"embeddable":true,"href":"https:\/\/pasahoy.com.ar\/ph\/wp-json\/wp\/v2\/media\/3363"}],"wp:attachment":[{"href":"https:\/\/pasahoy.com.ar\/ph\/wp-json\/wp\/v2\/media?parent=3362"}],"wp:term":[{"taxonomy":"category","embeddable":true,"href":"https:\/\/pasahoy.com.ar\/ph\/wp-json\/wp\/v2\/categories?post=3362"},{"taxonomy":"post_tag","embeddable":true,"href":"https:\/\/pasahoy.com.ar\/ph\/wp-json\/wp\/v2\/tags?post=3362"}],"curies":[{"name":"wp","href":"https:\/\/api.w.org\/{rel}","templated":true}]}}