{"id":3359,"date":"2025-06-26T16:49:04","date_gmt":"2025-06-26T16:49:04","guid":{"rendered":"https:\/\/pasahoy.com.ar\/ph\/?p=3359"},"modified":"2025-06-26T16:49:04","modified_gmt":"2025-06-26T16:49:04","slug":"contra-el-olvido-llego-a-la-sede-de-madres-de-plaza-de-mayo-para-reforzar-el-compromiso-con-la-memoria-la-verdad-y-la-justicia","status":"publish","type":"post","link":"https:\/\/pasahoy.com.ar\/ph\/contra-el-olvido-llego-a-la-sede-de-madres-de-plaza-de-mayo-para-reforzar-el-compromiso-con-la-memoria-la-verdad-y-la-justicia\/","title":{"rendered":"\u201cContra el Olvido\u201d lleg\u00f3 a la sede de Madres de Plaza de Mayo para reforzar el compromiso con la Memoria, la Verdad y la Justicia"},"content":{"rendered":"\n<p><em>La segunda temporada de la serie documental riojana, producida \u00edntegramente por los medios p\u00fablicos de La Rioja, fue presentada en Buenos Aires con nueve cap\u00edtulos que recogen testimonios de v\u00edctimas del terrorismo de Estado. Dirigida por Ismael Fuentes Navarro y coproducida con Late Play, la serie cuenta con el respaldo del Gobierno provincial y se emite cada mi\u00e9rcoles por la plataforma p\u00fablica lateplay.larioja.gob.<\/em><\/p>\n\n\n\n<figure class=\"wp-block-gallery has-nested-images columns-default is-cropped wp-block-gallery-1 is-layout-flex wp-block-gallery-is-layout-flex\">\n<figure class=\"wp-block-image size-large\"><img loading=\"lazy\" decoding=\"async\" width=\"1024\" height=\"684\" data-id=\"3360\" src=\"https:\/\/pasahoy.com.ar\/ph\/wp-content\/uploads\/2025\/06\/1000454179-1024x684.jpg\" alt=\"\" class=\"wp-image-3360\" srcset=\"https:\/\/pasahoy.com.ar\/ph\/wp-content\/uploads\/2025\/06\/1000454179-1024x684.jpg 1024w, https:\/\/pasahoy.com.ar\/ph\/wp-content\/uploads\/2025\/06\/1000454179-300x200.jpg 300w, https:\/\/pasahoy.com.ar\/ph\/wp-content\/uploads\/2025\/06\/1000454179-768x513.jpg 768w, https:\/\/pasahoy.com.ar\/ph\/wp-content\/uploads\/2025\/06\/1000454179.jpg 1280w\" sizes=\"auto, (max-width: 1024px) 100vw, 1024px\" \/><\/figure>\n<\/figure>\n\n\n\n<p>La segunda temporada de la serie documental riojana \u201cContra el Olvido: Historias de Resistencia\u201d recoge, a lo largo de nueve cap\u00edtulos, los testimonios de personas que vivieron en carne propia el terrorismo de Estado. El material fue presentado este mi\u00e9rcoles en la emblem\u00e1tica sede de Madres de Plaza de Mayo, en Buenos Aires, en un acto que reivindic\u00f3 la lucha por la memoria, la verdad y la justicia como pilares fundamentales para mantener viva la historia reciente del pa\u00eds.<br>A trav\u00e9s de relatos \u00edntimos y colectivos, la serie reconstruye c\u00f3mo era la vida cotidiana en aquellos a\u00f1os, el v\u00ednculo con las comunidades, las relaciones familiares, las amistades y los lazos de militancia. Tambi\u00e9n pone en foco el rol protag\u00f3nico de las mujeres, quienes compartieron ideales, valores y compromiso con la justicia social, reafirmando que la lucha por la memoria es una forma de resistencia activa.<br>\u201cContra el Olvido\u201d, dirigida por Ismael Fuentes Navarro y coproducida con LatePlay, cuenta con el apoyo del Gobierno de La Rioja, encabezado por Ricardo Quintela, y el acompa\u00f1amiento de la Secretar\u00eda de Derechos Humanos, a cargo de D\u00e9lfor Brizuela, y de la Secretar\u00eda de Comunicaci\u00f3n y Planificaci\u00f3n P\u00fablica, dirigida por Luz Santangelo Carrizo.<br>Impulsar este tipo de producciones no solo representa una apuesta por el desarrollo audiovisual, sino tambi\u00e9n por el derecho a la expresi\u00f3n, la preservaci\u00f3n de la memoria colectiva y la soberan\u00eda cultural. Es en ese cruce entre creaci\u00f3n art\u00edstica y compromiso pol\u00edtico donde se construyen narrativas que ayudan a comprender qui\u00e9nes fuimos, qui\u00e9nes somos y hacia d\u00f3nde queremos ir.<\/p>\n\n\n\n<p><em>Contra el negacionismo<\/em><br>Durante la presentaci\u00f3n, D\u00e9lfor Brizuela afirm\u00f3: \u201cSe trata de una serie que cuenta la historia de quienes, en los a\u00f1os \u201970, so\u00f1aban con construir una sociedad m\u00e1s igualitaria, como es el caso de la familia Paoletti\u201d. Y agreg\u00f3: \u201cHoy tenemos que tomar el arma que es la memoria, con tantas historias de resistencia y lucha. Debemos empu\u00f1arla frente al avance del imperialismo norteamericano, que lleva adelante un genocidio atroz en Palestina, con un presidente argentino que se arrodilla ante el fascismo\u201d.<br>En ese sentido, agradeci\u00f3 la presencia de la presidenta de Madres de Plaza de Mayo y sostuvo: \u201cCon estas historias, apoyadas por el Gobierno provincial, queremos plantar la bandera del no al negacionismo y no al olvido. Tenemos que espantar el olvido con el arma del compromiso con la memoria, con el s\u00edmbolo de la lucha por la memoria, la verdad y la justicia\u201d.<br>Y concluy\u00f3: \u201cNo vamos a negar nunca a los 30 mil compa\u00f1eros desaparecidos, ni a su lucha, que sigue viva en este ciclo de resistencia\u201d.<br>Por su parte, Carmen Arias, presidenta de Madres de Plaza de Mayo, agradeci\u00f3 la presentaci\u00f3n de la serie y destac\u00f3 la figura de Ana Paoletti, protagonista del episodio 5, quien tambi\u00e9n estuvo presente. Paoletti valor\u00f3 la producci\u00f3n realizada en una provincia \u201cchiquita, alejada del gran Buenos Aires\u201d, y se\u00f1al\u00f3: \u201cAll\u00ed, un mont\u00f3n de hombres y mujeres quisieron construir un mundo mejor. Y esas historias chiquitas son las que nos van a permitir seguir andando\u201d.<\/p>\n\n\n\n<p><em>Una producci\u00f3n con identidad<\/em><br>El director de la serie, Ismael Fuentes Navarro, expres\u00f3: \u201cEstoy contento de estar aqu\u00ed, que es el lugar donde tenemos que estar. Esta serie cuenta lo que pas\u00f3 en La Rioja y en todo el pa\u00eds. En este caso, la historia de una familia, contada desde La Rioja, con t\u00e9cnicos riojanos y desde la esfera p\u00fablica. Eso tiene un valor enorme\u201d.<br>Pablo Puglisi, director de LatePlay, destac\u00f3 el desaf\u00edo de coproducir la serie con un equipo de j\u00f3venes profesionales de la provincia, bajo la premisa de acompa\u00f1ar a los medios p\u00fablicos con un fuerte mensaje de derechos humanos.<br>A su turno, el conductor y periodista Pano Navazo record\u00f3 que el primer episodio est\u00e1 dedicado a Marcela Ledo, referente de Madres en La Rioja, y subray\u00f3: \u201cSon 18 cap\u00edtulos donde nos encontramos con hombres y mujeres de La Rioja, de la m\u00fasica, del arte en general. Porque si algo caracteriz\u00f3 a la lucha, fue la presencia del arte\u201d.<\/p>\n\n\n\n<p><em>D\u00f3nde ver la serie<\/em><br>La producci\u00f3n, \u00edntegramente realizada en La Rioja con la participaci\u00f3n de m\u00e1s de 40 personas, se encuentra disponible de manera gratuita en la plataforma LatePlay (lateplay.larioja.gob.ar), con estrenos cada mi\u00e9rcoles a las 20 horas. Tambi\u00e9n se emite por Canal 9 los viernes a las 22 horas. La plataforma ofrece adem\u00e1s un amplio cat\u00e1logo de contenidos producidos en la provincia.<\/p>\n\n\n\n<p><em>Sinopsis episodio 5 | Ana Paoletti<\/em><br>La familia Paoletti protagoniz\u00f3 un momento clave en la historia de La Rioja. Alipio Paoletti refund\u00f3 y cooperativiz\u00f3 el diario El Independiente, que junto con la pastoral del obispo Enrique Angelelli, se convirti\u00f3 en una referencia clave para la concientizaci\u00f3n pol\u00edtica y social de la juventud.<br>La noche del 23 de marzo de 1976, una patota militar allan\u00f3 la redacci\u00f3n del diario y detuvo a varios de sus trabajadores. Ana Paoletti y su familia se vieron forzados a vivir en la clandestinidad y luego a exiliarse por m\u00e1s de siete a\u00f1os. Regresaron al pa\u00eds el 10 de diciembre de 1983. Ana retom\u00f3 su militancia en centros de estudiantes, brind\u00f3 apoyo escolar en villas y se integr\u00f3 al trabajo junto a Madres de Plaza de Mayo, reafirmando que la memoria es tambi\u00e9n una forma de acci\u00f3n pol\u00edtica.<\/p>\n","protected":false},"excerpt":{"rendered":"<p>La segunda temporada de la serie documental riojana, producida \u00edntegramente por los medios p\u00fablicos de La Rioja, fue presentada en Buenos Aires con nueve cap\u00edtulos que recogen testimonios de v\u00edctimas del terrorismo de Estado. Dirigida por Ismael Fuentes Navarro y coproducida con Late Play, la serie cuenta con el respaldo del Gobierno provincial y se [&hellip;]<\/p>\n","protected":false},"author":3,"featured_media":3360,"comment_status":"open","ping_status":"open","sticky":false,"template":"","format":"standard","meta":{"_jetpack_memberships_contains_paid_content":false,"footnotes":""},"categories":[1],"tags":[],"class_list":["post-3359","post","type-post","status-publish","format-standard","has-post-thumbnail","hentry","category-local"],"jetpack_featured_media_url":"https:\/\/pasahoy.com.ar\/ph\/wp-content\/uploads\/2025\/06\/1000454179.jpg","jetpack_sharing_enabled":true,"_links":{"self":[{"href":"https:\/\/pasahoy.com.ar\/ph\/wp-json\/wp\/v2\/posts\/3359","targetHints":{"allow":["GET"]}}],"collection":[{"href":"https:\/\/pasahoy.com.ar\/ph\/wp-json\/wp\/v2\/posts"}],"about":[{"href":"https:\/\/pasahoy.com.ar\/ph\/wp-json\/wp\/v2\/types\/post"}],"author":[{"embeddable":true,"href":"https:\/\/pasahoy.com.ar\/ph\/wp-json\/wp\/v2\/users\/3"}],"replies":[{"embeddable":true,"href":"https:\/\/pasahoy.com.ar\/ph\/wp-json\/wp\/v2\/comments?post=3359"}],"version-history":[{"count":1,"href":"https:\/\/pasahoy.com.ar\/ph\/wp-json\/wp\/v2\/posts\/3359\/revisions"}],"predecessor-version":[{"id":3361,"href":"https:\/\/pasahoy.com.ar\/ph\/wp-json\/wp\/v2\/posts\/3359\/revisions\/3361"}],"wp:featuredmedia":[{"embeddable":true,"href":"https:\/\/pasahoy.com.ar\/ph\/wp-json\/wp\/v2\/media\/3360"}],"wp:attachment":[{"href":"https:\/\/pasahoy.com.ar\/ph\/wp-json\/wp\/v2\/media?parent=3359"}],"wp:term":[{"taxonomy":"category","embeddable":true,"href":"https:\/\/pasahoy.com.ar\/ph\/wp-json\/wp\/v2\/categories?post=3359"},{"taxonomy":"post_tag","embeddable":true,"href":"https:\/\/pasahoy.com.ar\/ph\/wp-json\/wp\/v2\/tags?post=3359"}],"curies":[{"name":"wp","href":"https:\/\/api.w.org\/{rel}","templated":true}]}}