{"id":3355,"date":"2025-06-26T16:46:48","date_gmt":"2025-06-26T16:46:48","guid":{"rendered":"https:\/\/pasahoy.com.ar\/ph\/?p=3355"},"modified":"2025-06-26T16:46:48","modified_gmt":"2025-06-26T16:46:48","slug":"historico-parlamento-de-la-mujer-en-la-mineria-en-la-rioja","status":"publish","type":"post","link":"https:\/\/pasahoy.com.ar\/ph\/historico-parlamento-de-la-mujer-en-la-mineria-en-la-rioja\/","title":{"rendered":"Hist\u00f3rico Parlamento de la Mujer en la Miner\u00eda en La Rioja"},"content":{"rendered":"\n<p>La Rioja fue sede del Primer Parlamento de la Mujer en la Miner\u00eda, un encuentro sin precedentes que reuni\u00f3 a trabajadoras, profesionales, empresarias y representantes del sector p\u00fablico y privado para abrir un di\u00e1logo abierto y construir una agenda basada en la inclusi\u00f3n y la perspectiva de g\u00e9nero en la industria minera.<\/p>\n\n\n\n<figure class=\"wp-block-gallery has-nested-images columns-default is-cropped wp-block-gallery-1 is-layout-flex wp-block-gallery-is-layout-flex\">\n<figure class=\"wp-block-image size-large\"><img loading=\"lazy\" decoding=\"async\" width=\"1024\" height=\"683\" data-id=\"3356\" src=\"https:\/\/pasahoy.com.ar\/ph\/wp-content\/uploads\/2025\/06\/1000454178-1024x683.jpg\" alt=\"\" class=\"wp-image-3356\" srcset=\"https:\/\/pasahoy.com.ar\/ph\/wp-content\/uploads\/2025\/06\/1000454178-1024x683.jpg 1024w, https:\/\/pasahoy.com.ar\/ph\/wp-content\/uploads\/2025\/06\/1000454178-300x200.jpg 300w, https:\/\/pasahoy.com.ar\/ph\/wp-content\/uploads\/2025\/06\/1000454178-768x512.jpg 768w, https:\/\/pasahoy.com.ar\/ph\/wp-content\/uploads\/2025\/06\/1000454178-1536x1025.jpg 1536w, https:\/\/pasahoy.com.ar\/ph\/wp-content\/uploads\/2025\/06\/1000454178.jpg 2048w\" sizes=\"auto, (max-width: 1024px) 100vw, 1024px\" \/><\/figure>\n\n\n\n<figure class=\"wp-block-image size-large\"><img loading=\"lazy\" decoding=\"async\" width=\"1024\" height=\"683\" data-id=\"3357\" src=\"https:\/\/pasahoy.com.ar\/ph\/wp-content\/uploads\/2025\/06\/1000454177-1024x683.jpg\" alt=\"\" class=\"wp-image-3357\" srcset=\"https:\/\/pasahoy.com.ar\/ph\/wp-content\/uploads\/2025\/06\/1000454177-1024x683.jpg 1024w, https:\/\/pasahoy.com.ar\/ph\/wp-content\/uploads\/2025\/06\/1000454177-300x200.jpg 300w, https:\/\/pasahoy.com.ar\/ph\/wp-content\/uploads\/2025\/06\/1000454177-768x512.jpg 768w, https:\/\/pasahoy.com.ar\/ph\/wp-content\/uploads\/2025\/06\/1000454177-1536x1024.jpg 1536w, https:\/\/pasahoy.com.ar\/ph\/wp-content\/uploads\/2025\/06\/1000454177.jpg 2048w\" sizes=\"auto, (max-width: 1024px) 100vw, 1024px\" \/><\/figure>\n<\/figure>\n\n\n\n<p>La Legislatura provincial fue el escenario de este encuentro, que llev\u00f3 el nombre de \u201cVictoria Romero\u201d, la apertura estuvo a cargo de la vicegobernadora Teresita Madera y presidido por la secretaria de Miner\u00eda, Ivana Guardia. Acompa\u00f1aron la diputada Gabriela Amoroso y la Ing. Julieta Calder\u00f3n.<\/p>\n\n\n\n<p>A lo largo de la jornada, cada comisi\u00f3n puso sobre la mesa ejes estrat\u00e9gicos para garantizar un futuro minero m\u00e1s equitativo, sostenible e inclusivo. Gabriela Soluaga, de Energ\u00edas y Minerales Riojanos (EMCE), remarc\u00f3 que \u201cel primer desaf\u00edo sigue siendo el hecho de ser mujer en un sector hist\u00f3ricamente masculinizado. A\u00fan enfrentamos estereotipos y falta de reconocimiento\u201d. En su exposici\u00f3n, pidi\u00f3 que se impulsen pol\u00edticas p\u00fablicas de becas para mujeres en carreras afines, que se garantice la igualdad laboral y espacios adaptados para gestantes y lactancia, que se implemente de manera efectiva el cupo femenino en proyectos mineros, y que exista visibilizaci\u00f3n para aquellas mujeres que hacen camino en la industria, junto a sanciones claras para frenar cualquier situaci\u00f3n de acoso.<\/p>\n\n\n\n<p>Por su parte, la ge\u00f3loga Hilda Valladares puso \u00e9nfasis en la necesidad de garantizar que las empresas mineras cumplan con el cupo femenino en \u00e1reas de control ambiental y sostenibilidad. Plante\u00f3 que la miner\u00eda riojana debe fortalecerse con equipos interdisciplinarios para garantizar un seguimiento integral de la actividad y que es vital que esta inclusi\u00f3n alcance tanto al monitoreo ambiental como al dise\u00f1o de planes estrat\u00e9gicos para el cierre de minas. Asimismo, propuso llevar la educaci\u00f3n ambiental al nivel inicial y abrir espacios de capacitaci\u00f3n para comunidades alejadas, fortaleciendo la participaci\u00f3n de las mujeres en todas las etapas de la operaci\u00f3n minera.<\/p>\n\n\n\n<p>Vanesa C\u00f3rdoba, subsecretaria de Desarrollo Sostenible, puso la mirada en la importancia de garantizar que todas las mujeres encuentren en la miner\u00eda un camino de crecimiento y desarrollo personal y laboral. \u201cNo venimos a adaptarnos a la miner\u00eda, venimos a transformarla\u201d, afirm\u00f3 con fuerza durante su presentaci\u00f3n. Abog\u00f3 por la democratizaci\u00f3n de la informaci\u00f3n minera con un enfoque inclusivo, por la adaptaci\u00f3n de la oferta educativa para mujeres del interior, amas de casa y madres, y por alianzas estrat\u00e9gicas entre empresas e instituciones para garantizar herramientas pr\u00e1cticas para todas. Adem\u00e1s, destac\u00f3 la necesidad de incluir contenidos transversales ligados al liderazgo, la salud mental y los derechos laborales para construir un camino laboral donde todas tengan lugar.<\/p>\n\n\n\n<p>El cierre estuvo a cargo de la diputada Gabriela Amoroso, junto al ministro Federico Baz\u00e1n y la secretaria Ivana Guardia, quienes destacaron el nivel de participaci\u00f3n, la calidad de las propuestas y la importancia de que esta experiencia marque un antes y un despu\u00e9s para la miner\u00eda riojana. Todas coincidieron en que esta jornada no solo visibiliza la voz de las mujeres en la miner\u00eda, sino que la consolida como eje estrat\u00e9gico para pensar un sector sostenible, responsable e inclusivo para todas y todos.<\/p>\n\n\n\n<p>Cabe destacar que diputados nacionales, diputados provinciales, intendentes y secretarios del ejecutivo acompa\u00f1aron el desarrollo de la sesi\u00f3n.<\/p>\n","protected":false},"excerpt":{"rendered":"<p>La Rioja fue sede del Primer Parlamento de la Mujer en la Miner\u00eda, un encuentro sin precedentes que reuni\u00f3 a trabajadoras, profesionales, empresarias y representantes del sector p\u00fablico y privado para abrir un di\u00e1logo abierto y construir una agenda basada en la inclusi\u00f3n y la perspectiva de g\u00e9nero en la industria minera. La Legislatura provincial [&hellip;]<\/p>\n","protected":false},"author":3,"featured_media":3356,"comment_status":"open","ping_status":"open","sticky":false,"template":"","format":"standard","meta":{"_jetpack_memberships_contains_paid_content":false,"footnotes":""},"categories":[1],"tags":[],"class_list":["post-3355","post","type-post","status-publish","format-standard","has-post-thumbnail","hentry","category-local"],"jetpack_featured_media_url":"https:\/\/pasahoy.com.ar\/ph\/wp-content\/uploads\/2025\/06\/1000454178.jpg","jetpack_sharing_enabled":true,"_links":{"self":[{"href":"https:\/\/pasahoy.com.ar\/ph\/wp-json\/wp\/v2\/posts\/3355","targetHints":{"allow":["GET"]}}],"collection":[{"href":"https:\/\/pasahoy.com.ar\/ph\/wp-json\/wp\/v2\/posts"}],"about":[{"href":"https:\/\/pasahoy.com.ar\/ph\/wp-json\/wp\/v2\/types\/post"}],"author":[{"embeddable":true,"href":"https:\/\/pasahoy.com.ar\/ph\/wp-json\/wp\/v2\/users\/3"}],"replies":[{"embeddable":true,"href":"https:\/\/pasahoy.com.ar\/ph\/wp-json\/wp\/v2\/comments?post=3355"}],"version-history":[{"count":1,"href":"https:\/\/pasahoy.com.ar\/ph\/wp-json\/wp\/v2\/posts\/3355\/revisions"}],"predecessor-version":[{"id":3358,"href":"https:\/\/pasahoy.com.ar\/ph\/wp-json\/wp\/v2\/posts\/3355\/revisions\/3358"}],"wp:featuredmedia":[{"embeddable":true,"href":"https:\/\/pasahoy.com.ar\/ph\/wp-json\/wp\/v2\/media\/3356"}],"wp:attachment":[{"href":"https:\/\/pasahoy.com.ar\/ph\/wp-json\/wp\/v2\/media?parent=3355"}],"wp:term":[{"taxonomy":"category","embeddable":true,"href":"https:\/\/pasahoy.com.ar\/ph\/wp-json\/wp\/v2\/categories?post=3355"},{"taxonomy":"post_tag","embeddable":true,"href":"https:\/\/pasahoy.com.ar\/ph\/wp-json\/wp\/v2\/tags?post=3355"}],"curies":[{"name":"wp","href":"https:\/\/api.w.org\/{rel}","templated":true}]}}