{"id":3352,"date":"2025-06-26T16:45:21","date_gmt":"2025-06-26T16:45:21","guid":{"rendered":"https:\/\/pasahoy.com.ar\/ph\/?p=3352"},"modified":"2025-06-26T16:45:34","modified_gmt":"2025-06-26T16:45:34","slug":"chamical-la-justicia-elevo-a-juicio-una-causa-por-abuso-sexual-infantil-agravado","status":"publish","type":"post","link":"https:\/\/pasahoy.com.ar\/ph\/chamical-la-justicia-elevo-a-juicio-una-causa-por-abuso-sexual-infantil-agravado\/","title":{"rendered":"CHAMICAL: LA JUSTICIA ELEV\u00d3 A JUICIO UNA CAUSA POR ABUSO SEXUAL INFANTIL AGRAVADO"},"content":{"rendered":"\n<p>El Juzgado de Instrucci\u00f3n en lo Criminal y Correccional de la Tercera Circunscripci\u00f3n Judicial con sede en Chamical a cargo del juez subrogante Alejandro Aquiles, resolvi\u00f3 remitir a juicio una causa en la que se encuentra imputado Juan D. T., acusado como supuesto autor responsable del delito de abuso sexual agravado por el v\u00ednculo, en concurso real, en perjuicio de sus hijas menores de edad.<\/p>\n\n\n\n<figure class=\"wp-block-gallery has-nested-images columns-default is-cropped wp-block-gallery-1 is-layout-flex wp-block-gallery-is-layout-flex\">\n<figure class=\"wp-block-image size-large\"><img loading=\"lazy\" decoding=\"async\" width=\"853\" height=\"554\" data-id=\"3353\" src=\"https:\/\/pasahoy.com.ar\/ph\/wp-content\/uploads\/2025\/06\/1000453681.png\" alt=\"\" class=\"wp-image-3353\" srcset=\"https:\/\/pasahoy.com.ar\/ph\/wp-content\/uploads\/2025\/06\/1000453681.png 853w, https:\/\/pasahoy.com.ar\/ph\/wp-content\/uploads\/2025\/06\/1000453681-300x195.png 300w, https:\/\/pasahoy.com.ar\/ph\/wp-content\/uploads\/2025\/06\/1000453681-768x499.png 768w\" sizes=\"auto, (max-width: 853px) 100vw, 853px\" \/><\/figure>\n<\/figure>\n\n\n\n<p>La investigaci\u00f3n penal se inici\u00f3 a partir de una denuncia realizada por la madre de las ni\u00f1as. A lo largo de la instrucci\u00f3n, se incorporaron diversos elementos probatorios, entre ellos testimonios, pericias psicol\u00f3gicas y m\u00e9dicas, entrevistas en C\u00e1mara Gesell, y antecedentes penales. Seg\u00fan la plataforma f\u00e1ctica, se investigan tres hechos ocurridos en distintos momentos y domicilios, cuando las ni\u00f1as eran menores de edad.<\/p>\n\n\n\n<p>De acuerdo con el expediente, las v\u00edctimas prestaron declaraci\u00f3n en C\u00e1mara Gesell, relatando que los episodios ocurrieron tanto en domicilios familiares de Chamical como en la ciudad de La Rioja, en contextos de visitas o estad\u00edas temporarias junto a su progenitor. Los relatos dieron cuenta de tocamientos indebidos y comportamientos inapropiados que, en algunos casos, se habr\u00edan extendido durante varios a\u00f1os. Por ello, el juez valor\u00f3 los informes periciales, testimonios de testigos, y otras pruebas incorporadas durante la etapa de instrucci\u00f3n.<\/p>\n\n\n\n<p>La defensa del imputado solicit\u00f3 el sobreseimiento, argumentando falta de precisi\u00f3n en los hechos y orfandad probatoria. Sin embargo, el pedido fue rechazado por el magistrado, quien sostuvo que las pruebas reunidas son suficientes para sostener la acusaci\u00f3n y continuar el proceso en etapa de juicio.<\/p>\n\n\n\n<p>En consecuencia, el juez resolvi\u00f3 remitir la causa a juicio, donde Juan D. T. deber\u00e1 responder por el delito de abuso sexual agravado por el v\u00ednculo en concurso real \u2013tres hechos\u2013, tipificado en el art\u00edculo 119, quinto p\u00e1rrafo, en funci\u00f3n del cuarto p\u00e1rrafo inciso b) y 55 del C\u00f3digo Penal Argentino.<\/p>\n\n\n\n<p>Asimismo, se dictaron medidas de protecci\u00f3n urgentes a favor de las v\u00edctimas y su madre, incluyendo la prohibici\u00f3n de acercamiento y contacto por cualquier v\u00eda, bajo apercibimiento legal en caso de incumplimiento.<\/p>\n","protected":false},"excerpt":{"rendered":"<p>El Juzgado de Instrucci\u00f3n en lo Criminal y Correccional de la Tercera Circunscripci\u00f3n Judicial con sede en Chamical a cargo del juez subrogante Alejandro Aquiles, resolvi\u00f3 remitir a juicio una causa en la que se encuentra imputado Juan D. T., acusado como supuesto autor responsable del delito de abuso sexual agravado por el v\u00ednculo, en [&hellip;]<\/p>\n","protected":false},"author":3,"featured_media":3353,"comment_status":"open","ping_status":"open","sticky":false,"template":"","format":"standard","meta":{"_jetpack_memberships_contains_paid_content":false,"footnotes":""},"categories":[12],"tags":[],"class_list":["post-3352","post","type-post","status-publish","format-standard","has-post-thumbnail","hentry","category-judicial"],"jetpack_featured_media_url":"https:\/\/pasahoy.com.ar\/ph\/wp-content\/uploads\/2025\/06\/1000453681.png","jetpack_sharing_enabled":true,"_links":{"self":[{"href":"https:\/\/pasahoy.com.ar\/ph\/wp-json\/wp\/v2\/posts\/3352","targetHints":{"allow":["GET"]}}],"collection":[{"href":"https:\/\/pasahoy.com.ar\/ph\/wp-json\/wp\/v2\/posts"}],"about":[{"href":"https:\/\/pasahoy.com.ar\/ph\/wp-json\/wp\/v2\/types\/post"}],"author":[{"embeddable":true,"href":"https:\/\/pasahoy.com.ar\/ph\/wp-json\/wp\/v2\/users\/3"}],"replies":[{"embeddable":true,"href":"https:\/\/pasahoy.com.ar\/ph\/wp-json\/wp\/v2\/comments?post=3352"}],"version-history":[{"count":1,"href":"https:\/\/pasahoy.com.ar\/ph\/wp-json\/wp\/v2\/posts\/3352\/revisions"}],"predecessor-version":[{"id":3354,"href":"https:\/\/pasahoy.com.ar\/ph\/wp-json\/wp\/v2\/posts\/3352\/revisions\/3354"}],"wp:featuredmedia":[{"embeddable":true,"href":"https:\/\/pasahoy.com.ar\/ph\/wp-json\/wp\/v2\/media\/3353"}],"wp:attachment":[{"href":"https:\/\/pasahoy.com.ar\/ph\/wp-json\/wp\/v2\/media?parent=3352"}],"wp:term":[{"taxonomy":"category","embeddable":true,"href":"https:\/\/pasahoy.com.ar\/ph\/wp-json\/wp\/v2\/categories?post=3352"},{"taxonomy":"post_tag","embeddable":true,"href":"https:\/\/pasahoy.com.ar\/ph\/wp-json\/wp\/v2\/tags?post=3352"}],"curies":[{"name":"wp","href":"https:\/\/api.w.org\/{rel}","templated":true}]}}