{"id":3344,"date":"2025-06-26T16:41:13","date_gmt":"2025-06-26T16:41:13","guid":{"rendered":"https:\/\/pasahoy.com.ar\/ph\/?p=3344"},"modified":"2025-06-26T16:41:33","modified_gmt":"2025-06-26T16:41:33","slug":"encontraron-el-cuerpo-de-nene-quintero-en-aimogasta","status":"publish","type":"post","link":"https:\/\/pasahoy.com.ar\/ph\/encontraron-el-cuerpo-de-nene-quintero-en-aimogasta\/","title":{"rendered":"Encontraron el cuerpo de Nen\u00e9 Quintero en Aimogasta"},"content":{"rendered":"\n<p>El hallazgo se realiz\u00f3 este mediod\u00eda, en un basural en el ingreso al departamento<\/p>\n\n\n\n<p>El Comisario General, jefe de la divisi\u00f3n de investigaciones de la polic\u00eda Marcelo Roque Alaniz, confirmo que se trata de la mujer desaparecida hace 19 d\u00edas.<\/p>\n\n\n\n<p>Policia de la provincia trabaja en el acceso a la ruta 75, en el ingreso a Aimogasta. La Unidad de Homicidios de Capital y la jueza Molina se traslada al lugar en estos momentos.<\/p>\n\n\n\n<figure class=\"wp-block-gallery has-nested-images columns-default is-cropped wp-block-gallery-1 is-layout-flex wp-block-gallery-is-layout-flex\">\n<figure class=\"wp-block-image size-large\"><img loading=\"lazy\" decoding=\"async\" width=\"892\" height=\"589\" data-id=\"3346\" src=\"https:\/\/pasahoy.com.ar\/ph\/wp-content\/uploads\/2025\/06\/1000454074.png\" alt=\"\" class=\"wp-image-3346\" srcset=\"https:\/\/pasahoy.com.ar\/ph\/wp-content\/uploads\/2025\/06\/1000454074.png 892w, https:\/\/pasahoy.com.ar\/ph\/wp-content\/uploads\/2025\/06\/1000454074-300x198.png 300w, https:\/\/pasahoy.com.ar\/ph\/wp-content\/uploads\/2025\/06\/1000454074-768x507.png 768w\" sizes=\"auto, (max-width: 892px) 100vw, 892px\" \/><\/figure>\n\n\n\n<figure class=\"wp-block-image size-large\"><img loading=\"lazy\" decoding=\"async\" width=\"859\" height=\"400\" data-id=\"3347\" src=\"https:\/\/pasahoy.com.ar\/ph\/wp-content\/uploads\/2025\/06\/1000454073.png\" alt=\"\" class=\"wp-image-3347\" srcset=\"https:\/\/pasahoy.com.ar\/ph\/wp-content\/uploads\/2025\/06\/1000454073.png 859w, https:\/\/pasahoy.com.ar\/ph\/wp-content\/uploads\/2025\/06\/1000454073-300x140.png 300w, https:\/\/pasahoy.com.ar\/ph\/wp-content\/uploads\/2025\/06\/1000454073-768x358.png 768w\" sizes=\"auto, (max-width: 859px) 100vw, 859px\" \/><\/figure>\n\n\n\n<figure class=\"wp-block-image size-large\"><img loading=\"lazy\" decoding=\"async\" width=\"780\" height=\"910\" data-id=\"3345\" src=\"https:\/\/pasahoy.com.ar\/ph\/wp-content\/uploads\/2025\/06\/1000454072.jpg\" alt=\"\" class=\"wp-image-3345\" srcset=\"https:\/\/pasahoy.com.ar\/ph\/wp-content\/uploads\/2025\/06\/1000454072.jpg 780w, https:\/\/pasahoy.com.ar\/ph\/wp-content\/uploads\/2025\/06\/1000454072-257x300.jpg 257w, https:\/\/pasahoy.com.ar\/ph\/wp-content\/uploads\/2025\/06\/1000454072-768x896.jpg 768w\" sizes=\"auto, (max-width: 780px) 100vw, 780px\" \/><\/figure>\n<\/figure>\n","protected":false},"excerpt":{"rendered":"<p>El hallazgo se realiz\u00f3 este mediod\u00eda, en un basural en el ingreso al departamento El Comisario General, jefe de la divisi\u00f3n de investigaciones de la polic\u00eda Marcelo Roque Alaniz, confirmo que se trata de la mujer desaparecida hace 19 d\u00edas. Policia de la provincia trabaja en el acceso a la ruta 75, en el ingreso [&hellip;]<\/p>\n","protected":false},"author":3,"featured_media":3346,"comment_status":"open","ping_status":"open","sticky":false,"template":"","format":"standard","meta":{"_jetpack_memberships_contains_paid_content":false,"footnotes":""},"categories":[9],"tags":[],"class_list":["post-3344","post","type-post","status-publish","format-standard","has-post-thumbnail","hentry","category-policial"],"jetpack_featured_media_url":"https:\/\/pasahoy.com.ar\/ph\/wp-content\/uploads\/2025\/06\/1000454074.png","jetpack_sharing_enabled":true,"_links":{"self":[{"href":"https:\/\/pasahoy.com.ar\/ph\/wp-json\/wp\/v2\/posts\/3344","targetHints":{"allow":["GET"]}}],"collection":[{"href":"https:\/\/pasahoy.com.ar\/ph\/wp-json\/wp\/v2\/posts"}],"about":[{"href":"https:\/\/pasahoy.com.ar\/ph\/wp-json\/wp\/v2\/types\/post"}],"author":[{"embeddable":true,"href":"https:\/\/pasahoy.com.ar\/ph\/wp-json\/wp\/v2\/users\/3"}],"replies":[{"embeddable":true,"href":"https:\/\/pasahoy.com.ar\/ph\/wp-json\/wp\/v2\/comments?post=3344"}],"version-history":[{"count":1,"href":"https:\/\/pasahoy.com.ar\/ph\/wp-json\/wp\/v2\/posts\/3344\/revisions"}],"predecessor-version":[{"id":3348,"href":"https:\/\/pasahoy.com.ar\/ph\/wp-json\/wp\/v2\/posts\/3344\/revisions\/3348"}],"wp:featuredmedia":[{"embeddable":true,"href":"https:\/\/pasahoy.com.ar\/ph\/wp-json\/wp\/v2\/media\/3346"}],"wp:attachment":[{"href":"https:\/\/pasahoy.com.ar\/ph\/wp-json\/wp\/v2\/media?parent=3344"}],"wp:term":[{"taxonomy":"category","embeddable":true,"href":"https:\/\/pasahoy.com.ar\/ph\/wp-json\/wp\/v2\/categories?post=3344"},{"taxonomy":"post_tag","embeddable":true,"href":"https:\/\/pasahoy.com.ar\/ph\/wp-json\/wp\/v2\/tags?post=3344"}],"curies":[{"name":"wp","href":"https:\/\/api.w.org\/{rel}","templated":true}]}}