{"id":3341,"date":"2025-06-25T17:16:08","date_gmt":"2025-06-25T17:16:08","guid":{"rendered":"https:\/\/pasahoy.com.ar\/ph\/?p=3341"},"modified":"2025-06-25T17:16:19","modified_gmt":"2025-06-25T17:16:19","slug":"la-justicia-unifico-dos-sentencias-y-condeno-a-un-hombre-a-prision-efectiva","status":"publish","type":"post","link":"https:\/\/pasahoy.com.ar\/ph\/la-justicia-unifico-dos-sentencias-y-condeno-a-un-hombre-a-prision-efectiva\/","title":{"rendered":"LA JUSTICIA UNIFIC\u00d3 DOS SENTENCIAS Y CONDEN\u00d3 A UN HOMBRE A PRISI\u00d3N EFECTIVA"},"content":{"rendered":"\n<p>La C\u00e1mara Tercera en lo Criminal y Correccional, Sala Unipersonal de la Primera Circunscripci\u00f3n Judicial con sede en la ciudad de La Rioja, a cargo de jueza Sara Alicia L\u00f3pez Douglas, conden\u00f3 a Jorge Jos\u00e9 Ignacio Quinteros a la pena de 2 a\u00f1os y 1 mes de prisi\u00f3n de cumplimiento efectivo por un hecho de hurto en grado de tentativa, y revoc\u00f3 una condena condicional previa.<\/p>\n\n\n\n<figure class=\"wp-block-gallery has-nested-images columns-default is-cropped wp-block-gallery-1 is-layout-flex wp-block-gallery-is-layout-flex\">\n<figure class=\"wp-block-image size-large\"><img loading=\"lazy\" decoding=\"async\" width=\"834\" height=\"556\" data-id=\"3342\" src=\"https:\/\/pasahoy.com.ar\/ph\/wp-content\/uploads\/2025\/06\/1000451436.jpg\" alt=\"\" class=\"wp-image-3342\" srcset=\"https:\/\/pasahoy.com.ar\/ph\/wp-content\/uploads\/2025\/06\/1000451436.jpg 834w, https:\/\/pasahoy.com.ar\/ph\/wp-content\/uploads\/2025\/06\/1000451436-300x200.jpg 300w, https:\/\/pasahoy.com.ar\/ph\/wp-content\/uploads\/2025\/06\/1000451436-768x512.jpg 768w\" sizes=\"auto, (max-width: 834px) 100vw, 834px\" \/><\/figure>\n<\/figure>\n\n\n\n<p>El hecho ocurri\u00f3 en horas de la madrugada del 14 de julio de 2024, cuando Quinteros ingres\u00f3 sin autorizaci\u00f3n a una vivienda del barrio Islas Malvinas. Seg\u00fan consta en la sentencia, el acusado se dirigi\u00f3 a una habitaci\u00f3n ubicada al fondo del inmueble, sin medidas de seguridad, e intent\u00f3 sustraer un televisor de 32 pulgadas, siendo sorprendido y demorado por personal policial que acudi\u00f3 al lugar tras el llamado de vecinos.<\/p>\n\n\n\n<p>La causa fue resuelta mediante el procedimiento de juicio abreviado, con acuerdo entre el Ministerio P\u00fablico Fiscal, representado por el Dr. Jos\u00e9 Oliveros Icazatti, y la Defensa Penal P\u00fablica a cargo de la Dra. Yanina Galeote. El imputado reconoci\u00f3 su responsabilidad en los hechos y acept\u00f3 la pena de un mes de prisi\u00f3n efectiva, la cual fue unificada con una condena anterior de dos a\u00f1os en suspenso, dictada en junio de 2022 por el delito de robo en flagrancia.<\/p>\n\n\n\n<p>En consecuencia, el tribunal dispuso que Quinteros cumpla una pena \u00fanica de dos a\u00f1os y un mes de prisi\u00f3n efectiva, la cual ser\u00e1 ejecutada en el Servicio Penitenciario Provincial. Adem\u00e1s, se orden\u00f3 la revocaci\u00f3n de la condena condicional previa, el decomiso del elemento sustra\u00eddo, y la comunicaci\u00f3n de la sentencia a la Unidad de Asistencia a la V\u00edctima, a los fines previstos en la Ley 10.185.<\/p>\n\n\n\n<p>La jueza tambi\u00e9n instruy\u00f3 al Juzgado de Ejecuci\u00f3n Penal que eval\u00fae la situaci\u00f3n del condenado respecto de posibles adicciones y, de ser necesario, disponga un tratamiento obligatorio de rehabilitaci\u00f3n.<\/p>\n","protected":false},"excerpt":{"rendered":"<p>La C\u00e1mara Tercera en lo Criminal y Correccional, Sala Unipersonal de la Primera Circunscripci\u00f3n Judicial con sede en la ciudad de La Rioja, a cargo de jueza Sara Alicia L\u00f3pez Douglas, conden\u00f3 a Jorge Jos\u00e9 Ignacio Quinteros a la pena de 2 a\u00f1os y 1 mes de prisi\u00f3n de cumplimiento efectivo por un hecho de [&hellip;]<\/p>\n","protected":false},"author":3,"featured_media":3342,"comment_status":"open","ping_status":"open","sticky":false,"template":"","format":"standard","meta":{"_jetpack_memberships_contains_paid_content":false,"footnotes":""},"categories":[12],"tags":[],"class_list":["post-3341","post","type-post","status-publish","format-standard","has-post-thumbnail","hentry","category-judicial"],"jetpack_featured_media_url":"https:\/\/pasahoy.com.ar\/ph\/wp-content\/uploads\/2025\/06\/1000451436.jpg","jetpack_sharing_enabled":true,"_links":{"self":[{"href":"https:\/\/pasahoy.com.ar\/ph\/wp-json\/wp\/v2\/posts\/3341","targetHints":{"allow":["GET"]}}],"collection":[{"href":"https:\/\/pasahoy.com.ar\/ph\/wp-json\/wp\/v2\/posts"}],"about":[{"href":"https:\/\/pasahoy.com.ar\/ph\/wp-json\/wp\/v2\/types\/post"}],"author":[{"embeddable":true,"href":"https:\/\/pasahoy.com.ar\/ph\/wp-json\/wp\/v2\/users\/3"}],"replies":[{"embeddable":true,"href":"https:\/\/pasahoy.com.ar\/ph\/wp-json\/wp\/v2\/comments?post=3341"}],"version-history":[{"count":1,"href":"https:\/\/pasahoy.com.ar\/ph\/wp-json\/wp\/v2\/posts\/3341\/revisions"}],"predecessor-version":[{"id":3343,"href":"https:\/\/pasahoy.com.ar\/ph\/wp-json\/wp\/v2\/posts\/3341\/revisions\/3343"}],"wp:featuredmedia":[{"embeddable":true,"href":"https:\/\/pasahoy.com.ar\/ph\/wp-json\/wp\/v2\/media\/3342"}],"wp:attachment":[{"href":"https:\/\/pasahoy.com.ar\/ph\/wp-json\/wp\/v2\/media?parent=3341"}],"wp:term":[{"taxonomy":"category","embeddable":true,"href":"https:\/\/pasahoy.com.ar\/ph\/wp-json\/wp\/v2\/categories?post=3341"},{"taxonomy":"post_tag","embeddable":true,"href":"https:\/\/pasahoy.com.ar\/ph\/wp-json\/wp\/v2\/tags?post=3341"}],"curies":[{"name":"wp","href":"https:\/\/api.w.org\/{rel}","templated":true}]}}