{"id":3338,"date":"2025-06-25T17:15:12","date_gmt":"2025-06-25T17:15:12","guid":{"rendered":"https:\/\/pasahoy.com.ar\/ph\/?p=3338"},"modified":"2025-06-25T17:15:28","modified_gmt":"2025-06-25T17:15:28","slug":"aimogasta-la-justicia-informo-sobre-la-busqueda-de-maria-ines-quinteros","status":"publish","type":"post","link":"https:\/\/pasahoy.com.ar\/ph\/aimogasta-la-justicia-informo-sobre-la-busqueda-de-maria-ines-quinteros\/","title":{"rendered":"AIMOGASTA: LA JUSTICIA INFORM\u00d3 SOBRE LA B\u00daSQUEDA DE MAR\u00cdA IN\u00c9S QUINTEROS"},"content":{"rendered":"\n<p>El Juzgado de Instrucci\u00f3n en lo Criminal y Correccional de la Cuarta Circunscripci\u00f3n Judicial con asiento en la ciudad de Aimogasta, a cargo de la jueza Dra Sandra del Valle Molina, inform\u00f3 sobre los avances en la b\u00fasqueda de la Sra. Mar\u00eda In\u00e9s Quinteros, quien se encuentra desaparecida de su domicilio desde la tarde del pasado s\u00e1bado 8 de junio de 2025. La investigaci\u00f3n est\u00e1 a cargo del Juzgado de Instrucci\u00f3n, con la estrecha colaboraci\u00f3n del Ministerio P\u00fablico Fiscal.<\/p>\n\n\n\n<figure class=\"wp-block-gallery has-nested-images columns-default is-cropped wp-block-gallery-1 is-layout-flex wp-block-gallery-is-layout-flex\">\n<figure class=\"wp-block-image size-large\"><img loading=\"lazy\" decoding=\"async\" width=\"827\" height=\"554\" data-id=\"3339\" src=\"https:\/\/pasahoy.com.ar\/ph\/wp-content\/uploads\/2025\/06\/1000451435.jpg\" alt=\"\" class=\"wp-image-3339\" srcset=\"https:\/\/pasahoy.com.ar\/ph\/wp-content\/uploads\/2025\/06\/1000451435.jpg 827w, https:\/\/pasahoy.com.ar\/ph\/wp-content\/uploads\/2025\/06\/1000451435-300x201.jpg 300w, https:\/\/pasahoy.com.ar\/ph\/wp-content\/uploads\/2025\/06\/1000451435-768x514.jpg 768w\" sizes=\"auto, (max-width: 827px) 100vw, 827px\" \/><\/figure>\n<\/figure>\n\n\n\n<p>Desde el momento de la denuncia, se ha desplegado un intenso operativo de b\u00fasqueda que involucra a diversas dependencias y organismos. Personal de Infanter\u00eda, la Divisi\u00f3n Canes de la Polic\u00eda de la Provincia, Bomberos, Polic\u00eda de la Provincia y Defensa Civil han trabajado incansablemente en la zona. Se han utilizado drones para rastreos a\u00e9reos y se cont\u00f3 con la valiosa colaboraci\u00f3n de baqueanos de la zona y motociclistas en el terreno. Adicionalmente, personal de la Polic\u00eda T\u00e9cnica Judicial del Tribunal Superior de Justicia (TSJ) ha participado activamente en las tareas investigativas.<\/p>\n\n\n\n<p>Las c\u00e1maras de seguridad aleda\u00f1as al domicilio de la Sra. Quinteros la captaron por \u00faltima vez caminando sola en direcci\u00f3n al basural. A ra\u00edz de esta informaci\u00f3n, se llev\u00f3 a cabo un exhaustivo rastrillaje en esa \u00e1rea con la asistencia de perros especializados, sin resultados positivos hasta el momento. Adem\u00e1s, se han realizado pericias exhaustivas por parte del personal de la Polic\u00eda T\u00e9cnica Judicial en el domicilio de la se\u00f1ora y en veh\u00edculos de la familia. Se han relevado c\u00e1maras de seguridad privadas de la zona, las cuales tambi\u00e9n captaron a la Sra. Quinteros.<\/p>\n\n\n\n<p>Se est\u00e1 trabajando tambi\u00e9n con la Divisi\u00f3n de An\u00e1lisis e Investigaci\u00f3n de las comunicaciones (Daiclar) y se ha cargado el paradero en el Sistema Federal de Comunicaciones Policiales (SIFCOP)<\/p>\n\n\n\n<p>M\u00faltiples hip\u00f3tesis en investigaci\u00f3n y colaboraci\u00f3n ciudadana<\/p>\n\n\n\n<p>Es importante destacar que, hasta la fecha, existen varias hip\u00f3tesis que no pueden ser descartadas y se mantienen firmes en la investigaci\u00f3n.<\/p>\n\n\n\n<p>Personas que conoc\u00edan a Mar\u00eda In\u00e9s, conocida cari\u00f1osamente en esta ciudad como \u00abNen\u00e9\u00bb, han brindado innumerables testimonios, al igual que diversas personas que de una u otra forma han aportado datos de utilidad para dar con su paradero. Cada testimonio es crucial y se est\u00e1 analizando con la mayor rigurosidad.<\/p>\n\n\n\n<p>Novedades en la investigaci\u00f3n: Detenci\u00f3n de ex pareja<\/p>\n\n\n\n<p>A ra\u00edz de inconsistencias y con el fin de asegurar la transparencia y el avance de la investigaci\u00f3n, se ha dispuesto la detenci\u00f3n de la ex pareja de Nene. Esta medida se toma para evitar cualquier posible obstaculizaci\u00f3n de las actuaciones, que contin\u00faan su curso sin descartar ninguna l\u00ednea de investigaci\u00f3n.<\/p>\n\n\n\n<p>Asimismo, desde el Ministerio de Seguridad de la Provincia de la Rioja, se ha dispuesto ofrecer una recompensa de $2.500.000 a quien diere datos que puedan dar con el paradero de la se\u00f1ora.<\/p>\n\n\n\n<p>Finalmente, se solicita a cualquier persona que posea informaci\u00f3n relevante sobre el paradero de Mar\u00eda In\u00e9s Quinteros que se comunique de inmediato con la dependencia policial m\u00e1s cercana. La colaboraci\u00f3n de la ciudadan\u00eda es fundamental para lograr su pronta aparici\u00f3n.<\/p>\n","protected":false},"excerpt":{"rendered":"<p>El Juzgado de Instrucci\u00f3n en lo Criminal y Correccional de la Cuarta Circunscripci\u00f3n Judicial con asiento en la ciudad de Aimogasta, a cargo de la jueza Dra Sandra del Valle Molina, inform\u00f3 sobre los avances en la b\u00fasqueda de la Sra. Mar\u00eda In\u00e9s Quinteros, quien se encuentra desaparecida de su domicilio desde la tarde del [&hellip;]<\/p>\n","protected":false},"author":3,"featured_media":3339,"comment_status":"open","ping_status":"open","sticky":false,"template":"","format":"standard","meta":{"_jetpack_memberships_contains_paid_content":false,"footnotes":""},"categories":[12],"tags":[],"class_list":["post-3338","post","type-post","status-publish","format-standard","has-post-thumbnail","hentry","category-judicial"],"jetpack_featured_media_url":"https:\/\/pasahoy.com.ar\/ph\/wp-content\/uploads\/2025\/06\/1000451435.jpg","jetpack_sharing_enabled":true,"_links":{"self":[{"href":"https:\/\/pasahoy.com.ar\/ph\/wp-json\/wp\/v2\/posts\/3338","targetHints":{"allow":["GET"]}}],"collection":[{"href":"https:\/\/pasahoy.com.ar\/ph\/wp-json\/wp\/v2\/posts"}],"about":[{"href":"https:\/\/pasahoy.com.ar\/ph\/wp-json\/wp\/v2\/types\/post"}],"author":[{"embeddable":true,"href":"https:\/\/pasahoy.com.ar\/ph\/wp-json\/wp\/v2\/users\/3"}],"replies":[{"embeddable":true,"href":"https:\/\/pasahoy.com.ar\/ph\/wp-json\/wp\/v2\/comments?post=3338"}],"version-history":[{"count":1,"href":"https:\/\/pasahoy.com.ar\/ph\/wp-json\/wp\/v2\/posts\/3338\/revisions"}],"predecessor-version":[{"id":3340,"href":"https:\/\/pasahoy.com.ar\/ph\/wp-json\/wp\/v2\/posts\/3338\/revisions\/3340"}],"wp:featuredmedia":[{"embeddable":true,"href":"https:\/\/pasahoy.com.ar\/ph\/wp-json\/wp\/v2\/media\/3339"}],"wp:attachment":[{"href":"https:\/\/pasahoy.com.ar\/ph\/wp-json\/wp\/v2\/media?parent=3338"}],"wp:term":[{"taxonomy":"category","embeddable":true,"href":"https:\/\/pasahoy.com.ar\/ph\/wp-json\/wp\/v2\/categories?post=3338"},{"taxonomy":"post_tag","embeddable":true,"href":"https:\/\/pasahoy.com.ar\/ph\/wp-json\/wp\/v2\/tags?post=3338"}],"curies":[{"name":"wp","href":"https:\/\/api.w.org\/{rel}","templated":true}]}}