{"id":3326,"date":"2025-06-25T17:05:49","date_gmt":"2025-06-25T17:05:49","guid":{"rendered":"https:\/\/pasahoy.com.ar\/ph\/?p=3326"},"modified":"2025-06-25T17:06:05","modified_gmt":"2025-06-25T17:06:05","slug":"con-el-deporte-como-puente-educativo-se-pusieron-en-marcha-los-juegos-rosarianos-en-olta","status":"publish","type":"post","link":"https:\/\/pasahoy.com.ar\/ph\/con-el-deporte-como-puente-educativo-se-pusieron-en-marcha-los-juegos-rosarianos-en-olta\/","title":{"rendered":"Con el deporte como puente educativo, se pusieron en marcha los Juegos Rosarianos en Olta"},"content":{"rendered":"\n<p><em>En el marco del Plan \u201cRosario Vera Pe\u00f1aloza\u201d, se present\u00f3 en Olta una propuesta que promueve la inclusi\u00f3n, el trabajo en equipo y el aprendizaje a trav\u00e9s de actividades deportivas entre estudiantes del Ciclo B\u00e1sico. Docentes, autoridades y j\u00f3venes participaron de una jornada cargada de entusiasmo, integraci\u00f3n y compromiso educativo.<\/em><\/p>\n\n\n\n<figure class=\"wp-block-gallery has-nested-images columns-default is-cropped wp-block-gallery-1 is-layout-flex wp-block-gallery-is-layout-flex\">\n<figure class=\"wp-block-image size-large\"><img loading=\"lazy\" decoding=\"async\" width=\"1024\" height=\"682\" data-id=\"3327\" src=\"https:\/\/pasahoy.com.ar\/ph\/wp-content\/uploads\/2025\/06\/1000451413-1024x682.jpg\" alt=\"\" class=\"wp-image-3327\" srcset=\"https:\/\/pasahoy.com.ar\/ph\/wp-content\/uploads\/2025\/06\/1000451413-1024x682.jpg 1024w, https:\/\/pasahoy.com.ar\/ph\/wp-content\/uploads\/2025\/06\/1000451413-300x200.jpg 300w, https:\/\/pasahoy.com.ar\/ph\/wp-content\/uploads\/2025\/06\/1000451413-768x512.jpg 768w, https:\/\/pasahoy.com.ar\/ph\/wp-content\/uploads\/2025\/06\/1000451413.jpg 1280w\" sizes=\"auto, (max-width: 1024px) 100vw, 1024px\" \/><\/figure>\n\n\n\n<figure class=\"wp-block-image size-large\"><img loading=\"lazy\" decoding=\"async\" width=\"1024\" height=\"682\" data-id=\"3329\" src=\"https:\/\/pasahoy.com.ar\/ph\/wp-content\/uploads\/2025\/06\/1000451412-1024x682.jpg\" alt=\"\" class=\"wp-image-3329\" srcset=\"https:\/\/pasahoy.com.ar\/ph\/wp-content\/uploads\/2025\/06\/1000451412-1024x682.jpg 1024w, https:\/\/pasahoy.com.ar\/ph\/wp-content\/uploads\/2025\/06\/1000451412-300x200.jpg 300w, https:\/\/pasahoy.com.ar\/ph\/wp-content\/uploads\/2025\/06\/1000451412-768x512.jpg 768w, https:\/\/pasahoy.com.ar\/ph\/wp-content\/uploads\/2025\/06\/1000451412.jpg 1280w\" sizes=\"auto, (max-width: 1024px) 100vw, 1024px\" \/><\/figure>\n\n\n\n<figure class=\"wp-block-image size-large\"><img loading=\"lazy\" decoding=\"async\" width=\"1024\" height=\"682\" data-id=\"3328\" src=\"https:\/\/pasahoy.com.ar\/ph\/wp-content\/uploads\/2025\/06\/1000451411-1024x682.jpg\" alt=\"\" class=\"wp-image-3328\" srcset=\"https:\/\/pasahoy.com.ar\/ph\/wp-content\/uploads\/2025\/06\/1000451411-1024x682.jpg 1024w, https:\/\/pasahoy.com.ar\/ph\/wp-content\/uploads\/2025\/06\/1000451411-300x200.jpg 300w, https:\/\/pasahoy.com.ar\/ph\/wp-content\/uploads\/2025\/06\/1000451411-768x512.jpg 768w, https:\/\/pasahoy.com.ar\/ph\/wp-content\/uploads\/2025\/06\/1000451411.jpg 1280w\" sizes=\"auto, (max-width: 1024px) 100vw, 1024px\" \/><\/figure>\n<\/figure>\n\n\n\n<p>En el marco de la promesa a la bandera realizada en el departamento General Belgrano, se present\u00f3 en Olta una nueva edici\u00f3n de los Juegos Educativos Rosarianos, una propuesta que integra distintas disciplinas deportivas con la participaci\u00f3n de estudiantes de escuelas secundarias. La iniciativa forma parte del Plan \u201cRosario Vera Pe\u00f1aloza\u201d y busca fomentar actividades inclusivas e intercolegiales, promoviendo el deporte como herramienta de integraci\u00f3n, formaci\u00f3n y aprendizaje colectivo.<br>La jornada reuni\u00f3 a estudiantes de primer y segundo a\u00f1o del Ciclo B\u00e1sico, quienes participaron con entusiasmo en competencias de handball, b\u00e1squet, v\u00f3ley, f\u00fatbol y el tradicional juego del quemado. Las instituciones que formaron parte de esta primera fecha fueron la Escuela Normal Dr. Jos\u00e9 S. Salinas, la Escuela T\u00e9cnica N\u00b01 y la Escuela Secundaria de Loma Blanca.<br>Las actividades se desarrollaron en las instalaciones del Centro de Educaci\u00f3n F\u00edsica (CEF) y de la Escuela Normal, donde adem\u00e1s se hizo entrega de elementos deportivos a las escuelas participantes, fortaleciendo as\u00ed el acceso equitativo a materiales para la pr\u00e1ctica de estas disciplinas.<\/p>\n\n\n\n<p><em>Garantizar derechos<\/em><br>El ministro de Educaci\u00f3n, Ariel Mart\u00ednez, destac\u00f3 el valor de esta iniciativa y agradeci\u00f3 el compromiso de docentes y profesores de educaci\u00f3n f\u00edsica. \u201cEl deporte contiene, permite generar contextos de aprendizaje, vincula, crea amistades, espacios creativos y promueve sue\u00f1os e ilusiones\u201d, expres\u00f3. Adem\u00e1s, subray\u00f3 el enfoque del plan educativo actual al se\u00f1alar que \u201cel foco est\u00e1 puesto en el sistema educativo, en los docentes y en garantizar los derechos de nuestros estudiantes. Estamos trabajando en todos los niveles, especialmente en la nueva escuela secundaria, visibilizando las demandas y necesidades actuales de los j\u00f3venes\u201d.<\/p>\n\n\n\n<p><em>Car\u00e1cter integrador<\/em><br>Del acto tambi\u00e9n particip\u00f3 el intendente del departamento General Belgrano, Juan Urbano, quien valor\u00f3 la propuesta como herramienta de formaci\u00f3n al asegurar que \u201ces fundamental inculcar estas actividades en los j\u00f3venes, ya que el deporte es saludable y formativo para todos\u201d.<br>Por su parte, la directora del CEF N\u00b06, Beatriz Baldasso, remarc\u00f3 el car\u00e1cter integrador del proyecto. Al respecto, se\u00f1al\u00f3 que \u201ceste es un proyecto ambicioso que permite la integraci\u00f3n a trav\u00e9s de actividades f\u00edsicas, deportivas y recreativas entre instituciones formales y no formales. Parece que estamos jugando, pero en realidad estamos aprendiendo\u201d, concluy\u00f3.<\/p>\n","protected":false},"excerpt":{"rendered":"<p>En el marco del Plan \u201cRosario Vera Pe\u00f1aloza\u201d, se present\u00f3 en Olta una propuesta que promueve la inclusi\u00f3n, el trabajo en equipo y el aprendizaje a trav\u00e9s de actividades deportivas entre estudiantes del Ciclo B\u00e1sico. Docentes, autoridades y j\u00f3venes participaron de una jornada cargada de entusiasmo, integraci\u00f3n y compromiso educativo. En el marco de la [&hellip;]<\/p>\n","protected":false},"author":3,"featured_media":3327,"comment_status":"open","ping_status":"open","sticky":false,"template":"","format":"standard","meta":{"_jetpack_memberships_contains_paid_content":false,"footnotes":""},"categories":[4],"tags":[],"class_list":["post-3326","post","type-post","status-publish","format-standard","has-post-thumbnail","hentry","category-deporte"],"jetpack_featured_media_url":"https:\/\/pasahoy.com.ar\/ph\/wp-content\/uploads\/2025\/06\/1000451413.jpg","jetpack_sharing_enabled":true,"_links":{"self":[{"href":"https:\/\/pasahoy.com.ar\/ph\/wp-json\/wp\/v2\/posts\/3326","targetHints":{"allow":["GET"]}}],"collection":[{"href":"https:\/\/pasahoy.com.ar\/ph\/wp-json\/wp\/v2\/posts"}],"about":[{"href":"https:\/\/pasahoy.com.ar\/ph\/wp-json\/wp\/v2\/types\/post"}],"author":[{"embeddable":true,"href":"https:\/\/pasahoy.com.ar\/ph\/wp-json\/wp\/v2\/users\/3"}],"replies":[{"embeddable":true,"href":"https:\/\/pasahoy.com.ar\/ph\/wp-json\/wp\/v2\/comments?post=3326"}],"version-history":[{"count":1,"href":"https:\/\/pasahoy.com.ar\/ph\/wp-json\/wp\/v2\/posts\/3326\/revisions"}],"predecessor-version":[{"id":3330,"href":"https:\/\/pasahoy.com.ar\/ph\/wp-json\/wp\/v2\/posts\/3326\/revisions\/3330"}],"wp:featuredmedia":[{"embeddable":true,"href":"https:\/\/pasahoy.com.ar\/ph\/wp-json\/wp\/v2\/media\/3327"}],"wp:attachment":[{"href":"https:\/\/pasahoy.com.ar\/ph\/wp-json\/wp\/v2\/media?parent=3326"}],"wp:term":[{"taxonomy":"category","embeddable":true,"href":"https:\/\/pasahoy.com.ar\/ph\/wp-json\/wp\/v2\/categories?post=3326"},{"taxonomy":"post_tag","embeddable":true,"href":"https:\/\/pasahoy.com.ar\/ph\/wp-json\/wp\/v2\/tags?post=3326"}],"curies":[{"name":"wp","href":"https:\/\/api.w.org\/{rel}","templated":true}]}}